{"id":100668,"date":"2026-03-01T04:04:33","date_gmt":"2026-03-01T03:04:33","guid":{"rendered":"https:\/\/www.infokuryr.cz\/n\/?p=100668"},"modified":"2026-03-01T04:04:33","modified_gmt":"2026-03-01T03:04:33","slug":"iran-potvrdil-smrt-nejvyssiho-vudce-chameneiho-pri-americko-izraelskem-utoku","status":"publish","type":"post","link":"https:\/\/www.infokuryr.cz\/n\/2026\/03\/01\/iran-potvrdil-smrt-nejvyssiho-vudce-chameneiho-pri-americko-izraelskem-utoku\/","title":{"rendered":"\u00cdr\u00e1n potvrdil smrt nejvy\u0161\u0161\u00edho v\u016fdce Chamene\u00edho p\u0159i americko-izraelsk\u00e9m \u00fatoku"},"content":{"rendered":"<div id=\"fb-root\"><\/div>\n<h3>Nejvy\u0161\u0161\u00ed v\u016fdce ajatoll\u00e1h Al\u00ed Chamene\u00ed byl \u201eumu\u010den\u201c, ozn\u00e1mily st\u00e1tn\u00ed tiskov\u00e9 agentury<\/h3>\n<p><span dir=\"auto\">\u00cdr\u00e1nsk\u00e1 st\u00e1tn\u00ed m\u00e9dia potvrdila smrt nejvy\u0161\u0161\u00edho v\u016fdce ajatoll\u00e1ha Al\u00edho Chamene\u00edho p\u0159i prob\u00edhaj\u00edc\u00edch spole\u010dn\u00fdch americko-izraelsk\u00fdch \u00faderech na Isl\u00e1mskou republiku.<\/span><\/p>\n<p><span dir=\"auto\">N\u011bkolik tiskov\u00fdch agentur, v\u010detn\u011b Tasnim, Mehr a Press TV, v ned\u011bli brzy r\u00e1no sou\u010dasn\u011b ozn\u00e1milo, \u017ee 85let\u00fd v\u016fdce byl\u00a0p\u0159i \u00fatoku\u00a0<\/span><em><span dir=\"auto\">\u201eumu\u010den\u201c .<\/span><\/em><\/p>\n<p><em><span dir=\"auto\">\u201eNejvy\u0161\u0161\u00ed v\u016fdce isl\u00e1msk\u00e9 revoluce, ajatoll\u00e1h Al\u00ed Chamene\u00ed, byl zabit p\u0159i spole\u010dn\u00e9m \u00fatoku zlo\u010dinn\u00e9 Ameriky a sionistick\u00e9ho re\u017eimu,\u201c<\/span><\/em><span dir=\"auto\">\u00a0\u00a0uv\u00e1d\u00ed se v ofici\u00e1ln\u00edm prohl\u00e1\u0161en\u00ed.<\/span><\/p>\n<p><em><span dir=\"auto\">\u201eV okam\u017eiku mu\u010dednick\u00e9 smrti vykon\u00e1val sv\u00e9 p\u0159id\u011blen\u00e9 povinnosti a byl p\u0159\u00edtomen na sv\u00e9m pracovi\u0161ti, kdy\u017e do\u0161lo k tomuto zbab\u011bl\u00e9mu \u00fatoku,\u201c<\/span><\/em><span dir=\"auto\">\u00a0\u00a0dodala zpr\u00e1va s vyvr\u00e1cen\u00edm\u00a0<\/span><em><span dir=\"auto\">\u201epsychologick\u00e9 v\u00e1lky sionistick\u00e9ho re\u017eimu\u201c<\/span><\/em><span dir=\"auto\">\u00a0a tvrzen\u00edm, \u017ee se nejvy\u0161\u0161\u00ed v\u016fdce ukr\u00fdval na bezpe\u010dn\u00e9m a skryt\u00e9m m\u00edst\u011b.<\/span><\/p>\n<p><em><span dir=\"auto\">\u201eTento velk\u00fd zlo\u010din nikdy nez\u016fstane bez odpov\u011bdi a bude znamenat novou kapitolu v d\u011bjin\u00e1ch isl\u00e1msk\u00e9ho a \u0161\u00editsk\u00e9ho sv\u011bta,\u201c<\/span><\/em><span dir=\"auto\">\u00a0uvedla v prohl\u00e1\u0161en\u00ed kancel\u00e1\u0159 prezidenta Mas\u00fada Peze\u0161kiana a ozn\u00e1mila 40denn\u00ed ve\u0159ejn\u00fd smutek.\u00a0<\/span><em><span dir=\"auto\">\u201eS plnou silou a moc\u00ed\u2026 donut\u00edme pachatele a velitele tohoto velk\u00e9ho zlo\u010dinu litovat sv\u00fdch \u010din\u016f.\u201c<\/span><\/em><\/p>\n<p><span dir=\"auto\">Potvrzen\u00ed p\u0159i\u0161lo jen p\u00e1r hodin po protich\u016fdn\u00fdch zpr\u00e1v\u00e1ch o osudu Chamene\u00edho. Americk\u00fd prezident Donald Trump d\u0159\u00edve v sobotu na Truth Social zve\u0159ejnil, \u017ee\u00a0<\/span><em><span dir=\"auto\">\u201eChamene\u00ed, jeden z nejhor\u0161\u00edch lid\u00ed v historii, je mrtv\u00fd\u201c,<\/span><\/em><span dir=\"auto\">\u00a0a to pot\u00e9, co izraelsk\u00fd premi\u00e9r Benjamin Netanjahu prohl\u00e1sil, \u017ee\u00a0<\/span><em><span dir=\"auto\">\u201eexistuje mnoho zn\u00e1mek\u201c,<\/span><\/em><span dir=\"auto\">\u00a0\u017ee nejvy\u0161\u0161\u00ed v\u016fdce\u00a0<\/span><em><span dir=\"auto\">\u201eji\u017e neexistuje\u201c.<\/span><\/em><\/p>\n<p><span dir=\"auto\">Netanjahu prohl\u00e1sil, \u017ee Chamene\u00edho komplex byl zasa\u017een\u00a0<\/span><em><span dir=\"auto\">\u201esiln\u00fdm p\u0159ekvapiv\u00fdm \u00fatokem\u201c,<\/span><\/em><span dir=\"auto\">\u00a0sl\u00edbil, \u017ee v nadch\u00e1zej\u00edc\u00edch dnech budou zabity\u00a0<\/span><em><span dir=\"auto\">\u201etis\u00edce c\u00edl\u016f\u201c<\/span><\/em><span dir=\"auto\">\u00a0v \u00edr\u00e1nsk\u00e9m veden\u00ed a vyzval \u00cdr\u00e1nce, aby vy\u0161li do ulic a svrhli vl\u00e1du.<\/span><\/p>\n<p><span dir=\"auto\">\u00dadery, kter\u00e9 Washington a z\u00e1padn\u00ed Jeruzal\u00e9m ozna\u010dily za\u00a0<\/span><em><span dir=\"auto\">\u201epreventivn\u00ed\u201c<\/span><\/em><span dir=\"auto\">\u00a0operaci, byly zam\u011b\u0159eny na \u00edr\u00e1nsk\u00e9 veden\u00ed a tak\u00e9 na vojensk\u00e1 a jadern\u00e1 za\u0159\u00edzen\u00ed. Trump uvedl, \u017ee c\u00edlem \u00fatoku bylo zni\u010dit \u00edr\u00e1nsk\u00fd raketov\u00fd pr\u016fmysl a n\u00e1mo\u0159nictvo a tak\u00e9 vynutit zm\u011bnu re\u017eimu v Teher\u00e1nu. \u00cdr\u00e1n od t\u00e9 doby odpov\u011bd\u011bl raketov\u00fdmi a dronov\u00fdmi \u00fatoky na izraelsk\u00e9 \u00fazem\u00ed a americk\u00e9 vojensk\u00e9 z\u00e1kladny po cel\u00e9m Bl\u00edzk\u00e9m v\u00fdchod\u011b.<\/span><\/p>\n<p><span dir=\"auto\">Moskva operaci odsoudila a rusk\u00e9 ministerstvo zahrani\u010d\u00ed ji ozna\u010dilo za\u00a0<\/span><em><span dir=\"auto\">\u201ep\u0159edem promy\u0161len\u00fd a nevyprovokovan\u00fd akt agrese\u201c<\/span><\/em><span dir=\"auto\">\u00a0zam\u011b\u0159en\u00fd na svr\u017een\u00ed vl\u00e1dy\u00a0<\/span><em><span dir=\"auto\">, kterou \u201epova\u017euj\u00ed za ne\u017e\u00e1douc\u00ed, proto\u017ee se odm\u00edtla podvolit dikt\u00e1tu s\u00edly a hegemonick\u00e9ho tlaku\u201c.<\/span><\/em><\/p>\n<p><img decoding=\"async\" loading=\"lazy\" class=\"alignnone size-full wp-image-1185\" src=\"http:\/\/www.infokuryr.cz\/n\/wp-content\/uploads\/2021\/04\/kuryr-podpis.png\" alt=\"\" width=\"84\" height=\"24\" \/><\/p>\n<p>&nbsp;<\/p>\n","protected":false},"excerpt":{"rendered":"<p>Nejvy\u0161\u0161\u00ed v\u016fdce ajatoll\u00e1h Al\u00ed Chamene\u00ed byl \u201eumu\u010den\u201c, ozn\u00e1mily st\u00e1tn\u00ed tiskov\u00e9 agentury \u00cdr\u00e1nsk\u00e1 st\u00e1tn\u00ed m\u00e9dia potvrdila&#8230;<\/p>\n","protected":false},"author":2,"featured_media":99805,"comment_status":"closed","ping_status":"closed","sticky":false,"template":"","format":"standard","meta":[],"categories":[7],"tags":[38,474,1111],"_links":{"self":[{"href":"https:\/\/www.infokuryr.cz\/n\/wp-json\/wp\/v2\/posts\/100668"}],"collection":[{"href":"https:\/\/www.infokuryr.cz\/n\/wp-json\/wp\/v2\/posts"}],"about":[{"href":"https:\/\/www.infokuryr.cz\/n\/wp-json\/wp\/v2\/types\/post"}],"author":[{"embeddable":true,"href":"https:\/\/www.infokuryr.cz\/n\/wp-json\/wp\/v2\/users\/2"}],"replies":[{"embeddable":true,"href":"https:\/\/www.infokuryr.cz\/n\/wp-json\/wp\/v2\/comments?post=100668"}],"version-history":[{"count":0,"href":"https:\/\/www.infokuryr.cz\/n\/wp-json\/wp\/v2\/posts\/100668\/revisions"}],"wp:featuredmedia":[{"embeddable":true,"href":"https:\/\/www.infokuryr.cz\/n\/wp-json\/wp\/v2\/media\/99805"}],"wp:attachment":[{"href":"https:\/\/www.infokuryr.cz\/n\/wp-json\/wp\/v2\/media?parent=100668"}],"wp:term":[{"taxonomy":"category","embeddable":true,"href":"https:\/\/www.infokuryr.cz\/n\/wp-json\/wp\/v2\/categories?post=100668"},{"taxonomy":"post_tag","embeddable":true,"href":"https:\/\/www.infokuryr.cz\/n\/wp-json\/wp\/v2\/tags?post=100668"}],"curies":[{"name":"wp","href":"https:\/\/api.w.org\/{rel}","templated":true}]}}