{"id":100666,"date":"2026-03-01T04:02:53","date_gmt":"2026-03-01T03:02:53","guid":{"rendered":"https:\/\/www.infokuryr.cz\/n\/?p=100666"},"modified":"2026-03-01T04:02:53","modified_gmt":"2026-03-01T03:02:53","slug":"trump-prohlasil-ze-iransky-ajatollah-ali-chamenei-je-mrtvy","status":"publish","type":"post","link":"https:\/\/www.infokuryr.cz\/n\/2026\/03\/01\/trump-prohlasil-ze-iransky-ajatollah-ali-chamenei-je-mrtvy\/","title":{"rendered":"Trump prohl\u00e1sil, \u017ee \u00edr\u00e1nsk\u00fd ajatoll\u00e1h Al\u00ed Chamene\u00ed je \u201emrtv\u00fd\u201c"},"content":{"rendered":"<div id=\"fb-root\"><\/div>\n<h3>Tiskov\u00e9 agentury Tasnim a Mehr tvrdily, \u017ee \u00edr\u00e1nsk\u00fd nejvy\u0161\u0161\u00ed v\u016fdce je \u201eneochv\u011bjn\u00fd a pevn\u00fd ve velen\u00ed na poli\u201c<\/h3>\n<p><span dir=\"auto\">Americk\u00fd prezident Donald Trump prohl\u00e1sil, \u017ee v\u011b\u0159\u00ed, \u017ee \u00edr\u00e1nsk\u00fd nejvy\u0161\u0161\u00ed v\u016fdce ajatoll\u00e1h Al\u00ed Chamene\u00ed je mrtv\u00fd. V p\u0159\u00edsp\u011bvku na Truth Social Trump napsal:\u00a0\u00a0<\/span><em><span dir=\"auto\">\u201eChamene\u00ed, jeden z nejhor\u0161\u00edch lid\u00ed v historii, je mrtv\u00fd.\u201c<\/span><\/em><\/p>\n<p><span dir=\"auto\">Trumpova tvrzen\u00ed navazuj\u00ed na d\u0159\u00edv\u011bj\u0161\u00ed prohl\u00e1\u0161en\u00ed izraelsk\u00e9ho premi\u00e9ra Benjamina Netanjahua, \u017ee st\u00e1le v\u00edce zn\u00e1mek nazna\u010duje, \u017ee \u00edr\u00e1nsk\u00fd nejvy\u0161\u0161\u00ed v\u016fdce byl zabit. Chamene\u00edho komplex byl zasa\u017een p\u0159i\u00a0<\/span><em><span dir=\"auto\">\u201esiln\u00e9m p\u0159ekvapiv\u00e9m \u00fatoku\u201c<\/span><\/em><span dir=\"auto\">\u00a0a\u00a0<\/span><em><span dir=\"auto\">\u201eexistuje mnoho n\u00e1znak\u016f\u201c<\/span><\/em><span dir=\"auto\">\u00a0, \u017ee\u00a0<\/span><em><span dir=\"auto\">\u201eji\u017e nen\u00ed\u201c,<\/span><\/em><span dir=\"auto\">\u00a0\u0159ekl Netanjahu.<\/span><\/p>\n<p><span dir=\"auto\">\u00cdr\u00e1nsk\u00e9 tiskov\u00e9 agentury Tasnim a Mehr d\u0159\u00edve informovaly, \u017ee nejvy\u0161\u0161\u00ed v\u016fdce je\u00a0<\/span><em><span dir=\"auto\">\u201eneochv\u011bjn\u00fd a pevn\u00fd ve velen\u00ed v ter\u00e9nu\u201c.<\/span><\/em><\/p>\n<p><span dir=\"auto\">Gener\u00e1ln\u00ed tajemn\u00edk OSN Ant\u00f3nio Guterres rovn\u011b\u017e uvedl, \u017ee\u00a0<\/span><em><span dir=\"auto\">\u201enen\u00ed v pozici, aby<\/span><\/em><span dir=\"auto\">\u00a0toto tvrzen\u00ed potvrdil\u201c.<\/span><\/p>\n<p><span dir=\"auto\">Izrael a USA v sobotu za\u00fato\u010dily na Isl\u00e1mskou republiku. Prezident Donald Trump \u00fatok ozna\u010dil za zp\u016fsob, jak\u00a0<\/span><em><span dir=\"auto\">\u201ezni\u010dit jejich raketov\u00fd pr\u016fmysl\u201c<\/span><\/em><span dir=\"auto\">\u00a0a n\u00e1mo\u0159nictvo a tak\u00e9 vynutit zm\u011bnu re\u017eimu v Teher\u00e1nu. \u00cdr\u00e1n reagoval raketov\u00fdmi a bezpilotn\u00edmi \u00fatoky na izraelsk\u00e9 c\u00edle a americk\u00e9 vojensk\u00e9 z\u00e1kladny na Bl\u00edzk\u00e9m v\u00fdchod\u011b.<\/span><\/p>\n<p><span dir=\"auto\">Netanjahu dodal, \u017ee v nadch\u00e1zej\u00edc\u00edch dnech budou zabity\u00a0<\/span><em><span dir=\"auto\">\u201etis\u00edce c\u00edl\u016f\u201c<\/span><\/em><span dir=\"auto\">\u00a0v \u00edr\u00e1nsk\u00e9m veden\u00ed, a vyzval \u00cdr\u00e1nce, aby vy\u0161li do ulic a svrhli vl\u00e1du.<\/span><\/p>\n<p><span dir=\"auto\">\u00cdr\u00e1nsk\u00fd ministr zahrani\u010d\u00ed Abb\u00e1s Arag\u010d\u010d\u00ed v sobotu d\u0159\u00edve prohl\u00e1sil pro NBC, \u017ee \u00edr\u00e1nsk\u00fd v\u016fdce \u017eije.<\/span><\/p>\n<p><em><span dir=\"auto\">\u201eT\u00e9m\u011b\u0159 v\u0161ichni \u00fa\u0159edn\u00edci jsou v bezpe\u010d\u00ed a \u017eiv\u00ed. Mo\u017en\u00e1 jsme ztratili jednoho nebo dva velitele,\u201c<\/span><\/em><span dir=\"auto\">\u00a0\u0159ekl.<\/span><\/p>\n<p><span dir=\"auto\">Podle serveru Axios se z\u00e1padn\u00ed Jeruzal\u00e9m \u00fadajn\u011b sna\u017e\u00ed odstranit nejvy\u0161\u0161\u00ed p\u0159edstavitele \u00edr\u00e1nsk\u00e9 vl\u00e1dy a bezpe\u010dnostn\u00edch slo\u017eek.<\/span><\/p>\n<p><span dir=\"auto\">Z\u00e1rove\u0148 se \u00fadery Washingtonu zam\u011b\u0159uj\u00ed p\u0159ev\u00e1\u017en\u011b na raketov\u00fd program zem\u011b, napsal server s odvol\u00e1n\u00edm na vysoce postaven\u00e9ho americk\u00e9ho \u00fa\u0159edn\u00edka.<\/span><\/p>\n<p><span dir=\"auto\">Moskva operaci odsoudila a varovala, \u017ee by mohla d\u00e1le destabilizovat cel\u00fd region.<\/span><\/p>\n<p><span dir=\"auto\">Rusk\u00e9 ministerstvo zahrani\u010d\u00ed v sobotn\u00edm prohl\u00e1\u0161en\u00ed uvedlo, \u017ee\u00a0\u00fatok Washingtonu a z\u00e1padn\u00edho Jeruzal\u00e9ma je\u00a0<\/span><em><span dir=\"auto\">\u201ep\u0159edem promy\u0161len\u00fdm a nevyprovokovan\u00fdm aktem agrese\u201c,<\/span><\/em><span dir=\"auto\">\u00a0jeho\u017e c\u00edlem je svrhnout vl\u00e1du\u00a0<\/span><em><span dir=\"auto\">, \u201ekterou pova\u017euj\u00ed za ne\u017e\u00e1douc\u00ed, proto\u017ee se odm\u00edtla podvolit dikt\u00e1tu s\u00edly a hegemonick\u00e9ho tlaku\u201c .<\/span><\/em><\/p>\n<p><img decoding=\"async\" loading=\"lazy\" class=\"alignnone size-full wp-image-1185\" src=\"http:\/\/www.infokuryr.cz\/n\/wp-content\/uploads\/2021\/04\/kuryr-podpis.png\" alt=\"\" width=\"84\" height=\"24\" \/><\/p>\n<p>&nbsp;<\/p>\n","protected":false},"excerpt":{"rendered":"<p>Tiskov\u00e9 agentury Tasnim a Mehr tvrdily, \u017ee \u00edr\u00e1nsk\u00fd nejvy\u0161\u0161\u00ed v\u016fdce je \u201eneochv\u011bjn\u00fd a pevn\u00fd ve&#8230;<\/p>\n","protected":false},"author":2,"featured_media":100667,"comment_status":"closed","ping_status":"closed","sticky":false,"template":"","format":"standard","meta":[],"categories":[7],"tags":[38,811,452,1111],"_links":{"self":[{"href":"https:\/\/www.infokuryr.cz\/n\/wp-json\/wp\/v2\/posts\/100666"}],"collection":[{"href":"https:\/\/www.infokuryr.cz\/n\/wp-json\/wp\/v2\/posts"}],"about":[{"href":"https:\/\/www.infokuryr.cz\/n\/wp-json\/wp\/v2\/types\/post"}],"author":[{"embeddable":true,"href":"https:\/\/www.infokuryr.cz\/n\/wp-json\/wp\/v2\/users\/2"}],"replies":[{"embeddable":true,"href":"https:\/\/www.infokuryr.cz\/n\/wp-json\/wp\/v2\/comments?post=100666"}],"version-history":[{"count":0,"href":"https:\/\/www.infokuryr.cz\/n\/wp-json\/wp\/v2\/posts\/100666\/revisions"}],"wp:featuredmedia":[{"embeddable":true,"href":"https:\/\/www.infokuryr.cz\/n\/wp-json\/wp\/v2\/media\/100667"}],"wp:attachment":[{"href":"https:\/\/www.infokuryr.cz\/n\/wp-json\/wp\/v2\/media?parent=100666"}],"wp:term":[{"taxonomy":"category","embeddable":true,"href":"https:\/\/www.infokuryr.cz\/n\/wp-json\/wp\/v2\/categories?post=100666"},{"taxonomy":"post_tag","embeddable":true,"href":"https:\/\/www.infokuryr.cz\/n\/wp-json\/wp\/v2\/tags?post=100666"}],"curies":[{"name":"wp","href":"https:\/\/api.w.org\/{rel}","templated":true}]}}