{"id":100656,"date":"2026-03-01T03:47:47","date_gmt":"2026-03-01T02:47:47","guid":{"rendered":"https:\/\/www.infokuryr.cz\/n\/?p=100656"},"modified":"2026-03-01T03:47:47","modified_gmt":"2026-03-01T02:47:47","slug":"aktualizace-izraelsky-utok-na-iranskou-skolu-zabil-pres-100-deti","status":"publish","type":"post","link":"https:\/\/www.infokuryr.cz\/n\/2026\/03\/01\/aktualizace-izraelsky-utok-na-iranskou-skolu-zabil-pres-100-deti\/","title":{"rendered":"Aktualizace: Izraelsk\u00fd \u00fatok na \u00edr\u00e1nskou \u0161kolu zabil p\u0159es 100 d\u011bt\u00ed"},"content":{"rendered":"<div id=\"fb-root\"><\/div>\n<h3>Teher\u00e1n sl\u00edbil odvetu za \u201ebrut\u00e1ln\u00ed\u201c \u00fatok izraelsk\u00fdch a americk\u00fdch \u201eagresor\u016f\u201c<\/h3>\n<p><span dir=\"auto\">P\u0159es 100 student\u016f bylo zabito a des\u00edtky zran\u011bny p\u0159i izraelsk\u00e9m n\u00e1letu na d\u00edv\u010d\u00ed z\u00e1kladn\u00ed \u0161kolu ve m\u011bst\u011b Minab v ji\u017en\u00edm \u00cdr\u00e1nu, uvedla tamn\u00ed tiskov\u00e1 agentura Tasnim. K \u00fatoku do\u0161lo uprost\u0159ed prob\u00edhaj\u00edc\u00edch n\u00e1let\u016f Izraele a USA na Isl\u00e1mskou republiku.<\/span><\/p>\n<p><span dir=\"auto\">Izrael v sobotu zah\u00e1jil operaci proti \u00edr\u00e1nsk\u00fdm vojensk\u00fdm a jadern\u00fdm c\u00edl\u016fm s t\u00edm, \u017ee c\u00edlem \u00fader\u016f je neutralizovat hrozby, kter\u00e9 p\u0159edstavuje \u00cdr\u00e1n. Americk\u00fd prezident Donald Trump pozd\u011bji uvedl, \u017ee se k operaci p\u0159ipojuje i Washington, a jako p\u0159\u00edm\u00fd spou\u0161t\u011b\u010d obnoven\u00ed bombardov\u00e1n\u00ed uvedl selh\u00e1n\u00ed jadern\u00e9 diplomacie.<\/span><\/p>\n<p><span dir=\"auto\">Jeden z \u00fader\u016f \u00fadajn\u011b zac\u00edlil na z\u00e1kladn\u00ed \u0161kolu ve m\u011bst\u011b Minab, p\u0159i\u010dem\u017e podle m\u00edstn\u00edch \u00fa\u0159edn\u00edk\u016f zahynulo nejm\u00e9n\u011b 108 student\u016f a 92 dal\u0161\u00edch bylo zran\u011bno.<\/span><\/p>\n<p><span dir=\"auto\">N\u011bkolik grafick\u00fdch vide\u00ed z m\u00edsta \u010dinu ukazuje n\u00e1sledky \u00fatoku, jak z\u00e1chran\u00e1\u0159i pro\u010des\u00e1vaj\u00ed trosky a hledaj\u00ed mo\u017en\u00e9 p\u0159e\u017eiv\u0161\u00ed.<\/span><\/p>\n<p><em><span dir=\"auto\">\u201eZni\u010den\u00e1 budova je z\u00e1kladn\u00ed d\u00edv\u010d\u00ed \u0161kolou na jihu \u00cdr\u00e1nu. Byla bombardov\u00e1na za b\u00edl\u00e9ho dne, kdy\u017e byla pln\u00e1 mlad\u00fdch \u017e\u00e1ky\u0148,\u201c<\/span><\/em><span dir=\"auto\">\u00a0napsal na serveru X \u00edr\u00e1nsk\u00fd ministr zahrani\u010d\u00ed Abb\u00e1s Arak\u010d\u00ed a sl\u00edbil, \u017ee tento zlo\u010din nez\u016fstane nepotrest\u00e1n.<\/span><\/p>\n<div style=\"width: 432px;\" class=\"wp-video\"><!--[if lt IE 9]><script>document.createElement('video');<\/script><![endif]-->\n<video class=\"wp-video-shortcode\" id=\"video-100656-1\" width=\"432\" height=\"242\" preload=\"metadata\" controls=\"controls\"><source type=\"video\/mp4\" src=\"http:\/\/www.infokuryr.cz\/n\/wp-content\/uploads\/2026\/03\/69a3586420302743a8398983.mp4?_=1\" \/><a href=\"http:\/\/www.infokuryr.cz\/n\/wp-content\/uploads\/2026\/03\/69a3586420302743a8398983.mp4\">http:\/\/www.infokuryr.cz\/n\/wp-content\/uploads\/2026\/03\/69a3586420302743a8398983.mp4<\/a><\/video><\/div>\n<p>&nbsp;<\/p>\n<p><em><span dir=\"auto\">\u201eTento brut\u00e1ln\u00ed \u010din p\u0159id\u00e1v\u00e1 dal\u0161\u00ed \u010dernou str\u00e1nku do historie nes\u010detn\u00fdch zlo\u010din\u016f agresor\u016f, vzpom\u00ednku, kter\u00e1 nikdy nebude vymaz\u00e1na z d\u011bjin na\u0161eho n\u00e1roda,\u201c<\/span><\/em><span dir=\"auto\">\u00a0\u0159ekl prezident Masoud Pezeshkian.<\/span><\/p>\n<div style=\"width: 640px;\" class=\"wp-video\"><video class=\"wp-video-shortcode\" id=\"video-100656-2\" width=\"640\" height=\"360\" preload=\"metadata\" controls=\"controls\"><source type=\"video\/mp4\" src=\"http:\/\/www.infokuryr.cz\/n\/wp-content\/uploads\/2026\/03\/69a3589e85f5402088747ce0.mp4?_=2\" \/><a href=\"http:\/\/www.infokuryr.cz\/n\/wp-content\/uploads\/2026\/03\/69a3589e85f5402088747ce0.mp4\">http:\/\/www.infokuryr.cz\/n\/wp-content\/uploads\/2026\/03\/69a3589e85f5402088747ce0.mp4<\/a><\/video><\/div>\n<p>&nbsp;<\/p>\n<p><span dir=\"auto\">\u00cdr\u00e1nsk\u00e9 ministerstvo zahrani\u010d\u00ed \u00fatoky odsoudilo jako\u00a0<\/span><em><span dir=\"auto\">\u201ezlo\u010dinnou vojenskou agresi\u201c<\/span><\/em><span dir=\"auto\">\u00a0a uvedlo, \u017ee k nim doch\u00e1z\u00ed\u00a0<\/span><em><span dir=\"auto\">\u201euprost\u0159ed diplomatick\u00e9ho procesu\u201c.<\/span><\/em><span dir=\"auto\">\u00a0Ministerstvo vyzvalo \u010dlensk\u00e9 st\u00e1ty OSN, aby odsoudily toto jasn\u00e9 poru\u0161en\u00ed Charty OSN.<\/span><\/p>\n<p>&nbsp;<\/p>\n<div class=\"rtcode\">\n<div><iframe loading=\"lazy\" id=\"telegram-post-iribnews-317137\" src=\"https:\/\/t.me\/iribnews\/317137?embed=1\" width=\"100%\" height=\"\" frameborder=\"0\" scrolling=\"no\" data-mce-fragment=\"1\"><\/iframe><\/div>\n<\/div>\n<p>&nbsp;<\/p>\n<p><span dir=\"auto\">\u00cdr\u00e1n zah\u00e1jil raketov\u00e9 \u00fatoky a \u00fatoky dron\u016f v odvet\u011b na izraelsko-americk\u00e9 \u00fadery. Isl\u00e1msk\u00e9 revolu\u010dn\u00ed gardy uvedly, \u017ee prvn\u00ed vlna \u00fatok\u016f byla zam\u011b\u0159ena na izraelsk\u00e9 \u00fazem\u00ed. Teher\u00e1n\u0161t\u00ed p\u0159edstavitel\u00e9 sl\u00edbili\u00a0<\/span><em><span dir=\"auto\">\u201erozhodnou\u201c<\/span><\/em><span dir=\"auto\">\u00a0a potenci\u00e1ln\u011b dlouhodobou reakci, co\u017e d\u00e1le zv\u00fd\u0161ilo obavy z \u0161ir\u0161\u00ed eskalace na Bl\u00edzk\u00e9m v\u00fdchod\u011b.<\/span><\/p>\n<p><span dir=\"auto\">V m\u00e9di\u00edch se objevily zpr\u00e1vy, \u017ee \u00cdr\u00e1n za\u00fato\u010dil na n\u011bkolik americk\u00fdch vojensk\u00fdch za\u0159\u00edzen\u00ed na Bl\u00edzk\u00e9m v\u00fdchod\u011b, v\u010detn\u011b podp\u016frn\u00e9ho st\u0159ediska 5. flotily v Bahrajnu, z\u00e1kladny v ir\u00e1ck\u00e9m Kurdist\u00e1nu, leteck\u00e9 z\u00e1kladny Al Udeid v Kataru, leteck\u00e9 z\u00e1kladny Ali Al Salem v Kuvajtu, leteck\u00e9 z\u00e1kladny Al Dhafra ve Spojen\u00fdch arabsk\u00fdch emir\u00e1tech, leteck\u00e9 z\u00e1kladny Muwaffaq Al Salti v Jord\u00e1nsku a leteck\u00e9 z\u00e1kladny Prince Sultan v Sa\u00fadsk\u00e9 Ar\u00e1bii. Izraelsk\u00e1 m\u00e9dia rovn\u011b\u017e uvedla, \u017ee sm\u011brem k Izraeli bylo odp\u00e1leno zhruba 35 raket, p\u0159i\u010dem\u017e jedna osoba byla \u00fadajn\u011b zran\u011bna.<\/span><\/p>\n<p><span dir=\"auto\">Nejnov\u011bj\u0161\u00ed \u00fatoky p\u0159edstavuj\u00ed druhou velkou vojenskou kampa\u0148 Izraele proti \u00cdr\u00e1nu za necel\u00fd rok. V \u010dervnu 2025, b\u011bhem 12denn\u00edho konfliktu, provedly Izraelsk\u00e9 obrann\u00e9 s\u00edly ve spolupr\u00e1ci s americkou arm\u00e1dou p\u0159ekvapiv\u00e9 bombardov\u00e1n\u00ed \u00edr\u00e1nsk\u00fdch vojensk\u00fdch a jadern\u00fdch za\u0159\u00edzen\u00ed, p\u0159i kter\u00e9m zahynuli vysoc\u00ed vojen\u0161t\u00ed velitel\u00e9, vl\u00e1dn\u00ed \u00fa\u0159edn\u00edci a jadern\u00ed v\u011bdci.<\/span><\/p>\n<p><img decoding=\"async\" loading=\"lazy\" class=\"alignnone size-full wp-image-1185\" src=\"http:\/\/www.infokuryr.cz\/n\/wp-content\/uploads\/2021\/04\/kuryr-podpis.png\" alt=\"\" width=\"84\" height=\"24\" \/><\/p>\n<p>&nbsp;<\/p>\n","protected":false},"excerpt":{"rendered":"<p>Teher\u00e1n sl\u00edbil odvetu za \u201ebrut\u00e1ln\u00ed\u201c \u00fatok izraelsk\u00fdch a americk\u00fdch \u201eagresor\u016f\u201c P\u0159es 100 student\u016f bylo zabito&#8230;<\/p>\n","protected":false},"author":2,"featured_media":100659,"comment_status":"closed","ping_status":"closed","sticky":false,"template":"","format":"standard","meta":[],"categories":[7],"tags":[738,245,94,934,92],"_links":{"self":[{"href":"https:\/\/www.infokuryr.cz\/n\/wp-json\/wp\/v2\/posts\/100656"}],"collection":[{"href":"https:\/\/www.infokuryr.cz\/n\/wp-json\/wp\/v2\/posts"}],"about":[{"href":"https:\/\/www.infokuryr.cz\/n\/wp-json\/wp\/v2\/types\/post"}],"author":[{"embeddable":true,"href":"https:\/\/www.infokuryr.cz\/n\/wp-json\/wp\/v2\/users\/2"}],"replies":[{"embeddable":true,"href":"https:\/\/www.infokuryr.cz\/n\/wp-json\/wp\/v2\/comments?post=100656"}],"version-history":[{"count":0,"href":"https:\/\/www.infokuryr.cz\/n\/wp-json\/wp\/v2\/posts\/100656\/revisions"}],"wp:featuredmedia":[{"embeddable":true,"href":"https:\/\/www.infokuryr.cz\/n\/wp-json\/wp\/v2\/media\/100659"}],"wp:attachment":[{"href":"https:\/\/www.infokuryr.cz\/n\/wp-json\/wp\/v2\/media?parent=100656"}],"wp:term":[{"taxonomy":"category","embeddable":true,"href":"https:\/\/www.infokuryr.cz\/n\/wp-json\/wp\/v2\/categories?post=100656"},{"taxonomy":"post_tag","embeddable":true,"href":"https:\/\/www.infokuryr.cz\/n\/wp-json\/wp\/v2\/tags?post=100656"}],"curies":[{"name":"wp","href":"https:\/\/api.w.org\/{rel}","templated":true}]}}