{"id":100652,"date":"2026-03-01T00:35:39","date_gmt":"2026-02-28T23:35:39","guid":{"rendered":"https:\/\/www.infokuryr.cz\/n\/?p=100652"},"modified":"2026-02-28T15:33:33","modified_gmt":"2026-02-28T14:33:33","slug":"iranske-rakety-miri-na-izrael-a-take-na-americke-zakladny-v-bahrajnu-kataru-spojenych-arabskych-emiratech-a-kuvajtu","status":"publish","type":"post","link":"https:\/\/www.infokuryr.cz\/n\/2026\/03\/01\/iranske-rakety-miri-na-izrael-a-take-na-americke-zakladny-v-bahrajnu-kataru-spojenych-arabskych-emiratech-a-kuvajtu\/","title":{"rendered":"\u00cdr\u00e1nsk\u00e9 rakety m\u00ed\u0159\u00ed na Izrael a tak\u00e9 na americk\u00e9 z\u00e1kladny v Bahrajnu, Kataru, Spojen\u00fdch arabsk\u00fdch emir\u00e1tech a Kuvajtu"},"content":{"rendered":"<div id=\"fb-root\"><\/div>\n<p><strong><span dir=\"auto\">\u00cdr\u00e1nsk\u00e9 Isl\u00e1msk\u00e9 revolu\u010dn\u00ed gardy ozn\u00e1mily, \u017ee zah\u00e1jily \u201eprvn\u00ed vlnu rozs\u00e1hl\u00fdch raketov\u00fdch a dronov\u00fdch \u00fatok\u016f\u201c proti Izraeli. Zpr\u00e1vy nazna\u010duj\u00ed, \u017ee v reakci na \u00fatok na Izrael, kter\u00fd za\u010dal 28. \u00fanora r\u00e1no, byly ter\u010dem \u00fatok\u016f i americk\u00e9 z\u00e1kladny v Persk\u00e9m z\u00e1livu.<\/span><\/strong><\/p>\n<p><span dir=\"auto\">Ve sv\u00e9m prohl\u00e1\u0161en\u00ed str\u00e1\u017ee uvedly, \u017ee \u00fatoky p\u0159ich\u00e1zej\u00ed \u201ev reakci na nep\u0159\u00e1telskou a zlo\u010dinnou agresi nep\u0159\u00edtele proti \u00cdr\u00e1nsk\u00e9 isl\u00e1msk\u00e9 republice\u201c.<\/span><\/p>\n<p><span dir=\"auto\">Izrael jako prvn\u00ed ozn\u00e1mil \u00fatok na \u00cdr\u00e1n, hebrejsk\u00e1 m\u00e9dia informovala o zah\u00e1jen\u00ed \u201eOperace Lv\u00ed \u0159ev\u201c. Americk\u00e9 ministerstvo v\u00e1lky n\u00e1sledn\u011b ozn\u00e1milo \u201eOperaci Epick\u00fd hn\u011bv\u201c. \u00cdr\u00e1n \u00fadajn\u011b dal sv\u00e9 odvetn\u00e9 operaci k\u00f3dov\u00e9 ozna\u010den\u00ed \u201ePravdiv\u00fd slib IV\u201c.<\/span><\/p>\n<p><span dir=\"auto\">Hebrejsk\u00e1 m\u00e9dia informovala, \u017ee z \u00cdr\u00e1nu bylo na Izrael odp\u00e1leno n\u011bkolik balistick\u00fdch raket, bezprost\u0159edn\u011b v\u0161ak zat\u00edm nebyly hl\u00e1\u0161eny \u017e\u00e1dn\u00e9 dopady ani zran\u011bn\u00ed. V severn\u00edm a ji\u017en\u00edm Izraeli se oz\u00fdvaly sir\u00e9ny.<\/span><\/p>\n<p><iframe loading=\"lazy\" src=\"https:\/\/s1.cdnstatic.space\/wp-content\/uploads\/2026\/02\/israel.mp4\" width=\"600\" height=\"338\" data-mce-fragment=\"1\"><\/iframe><\/p>\n<p><span dir=\"auto\">Zat\u00edmco p\u0159\u00edslu\u0161n\u00edci gardy ozn\u00e1mili pouze \u00fatok na Izrael, rychle se uk\u00e1zalo, \u017ee \u00cdr\u00e1n tak\u00e9 podnikl \u00fadery proti americk\u00fdm z\u00e1kladn\u00e1m v Persk\u00e9m z\u00e1livu.<\/span><\/p>\n<p><span dir=\"auto\">P\u0159\u00edmo zasa\u017eena byla budova americk\u00e9 n\u00e1mo\u0159n\u00ed podp\u016frn\u00e9 slu\u017eby v bahrajnsk\u00e9m hlavn\u00edm m\u011bst\u011b Man\u00e1m\u011b. Videa odtud ukazuj\u00ed n\u011bkolik siln\u00fdch v\u00fdbuch\u016f.<\/span><\/p>\n<p><iframe loading=\"lazy\" src=\"https:\/\/s1.cdnstatic.space\/wp-content\/uploads\/2026\/02\/bah1.mp4\" width=\"600\" height=\"338\" data-mce-fragment=\"1\"><\/iframe><\/p>\n<p><iframe loading=\"lazy\" src=\"https:\/\/s1.cdnstatic.space\/wp-content\/uploads\/2026\/02\/bah2.mp4\" width=\"600\" height=\"338\" data-mce-fragment=\"1\"><\/iframe><\/p>\n<p><iframe loading=\"lazy\" src=\"https:\/\/s1.cdnstatic.space\/wp-content\/uploads\/2026\/02\/bah3.mp4\" width=\"600\" height=\"338\" data-mce-fragment=\"1\"><\/iframe><\/p>\n<p><span dir=\"auto\">Katarsk\u00e1 m\u00e9dia nav\u00edc informovala o zachycen\u00ed nejm\u00e9n\u011b jedn\u00e9 rakety odp\u00e1len\u00e9 z \u00cdr\u00e1nu. C\u00edlem byla pravd\u011bpodobn\u011b leteck\u00e1 z\u00e1kladna Al Udeid pobl\u00ed\u017e hlavn\u00edho m\u011bsta Dauh\u00e1, kterou se Isl\u00e1msk\u00e9 republice poda\u0159ilo zas\u00e1hnout b\u011bhem 12denn\u00ed \u010dervnov\u00e9 v\u00e1lky s Izraelem loni v \u010dervnu.<\/span><\/p>\n<p><span dir=\"auto\">Dal\u0161\u00ed zachycen\u00ed byla hl\u00e1\u0161ena nad Ab\u00fa Zab\u00ed, hlavn\u00edm m\u011bstem Spojen\u00fdch arabsk\u00fdch emir\u00e1t\u016f. Leteck\u00e1 z\u00e1kladna Al-Dhafra, kde s\u00eddl\u00ed americk\u00e9 s\u00edly, se nach\u00e1z\u00ed ji\u017en\u011b od m\u011bsta. Byly tam hl\u00e1\u0161eny v\u00fdbuchy, ale pravd\u011bpodobn\u011b byly zp\u016fsobeny \u00fasp\u011b\u0161n\u00fdmi zachycen\u00edmi.<\/span><\/p>\n<p><iframe loading=\"lazy\" src=\"https:\/\/s1.cdnstatic.space\/wp-content\/uploads\/2026\/02\/abu1.mp4\" width=\"600\" height=\"338\" data-mce-fragment=\"1\"><\/iframe><\/p>\n<p><span dir=\"auto\">Dal\u0161\u00ed v\u00fdbuchy byly sly\u0161et v Kuvajtu, zejm\u00e9na pobl\u00ed\u017e leteck\u00e9 z\u00e1kladny Ali Al Salem v provincii D\u017eahra, kde se nach\u00e1zej\u00ed i americk\u00e9 s\u00edly. Objevily se tak\u00e9 zpr\u00e1vy o \u00fatoc\u00edch na Sa\u00fadskou Ar\u00e1bii a Jord\u00e1nsko, a\u010dkoli tato tvrzen\u00ed zat\u00edm nebyla potvrzena \u017e\u00e1dn\u00fdm d\u016fv\u011bryhodn\u00fdm zdrojem.<\/span><\/p>\n<p><span dir=\"auto\">Prezident Donald Trump dnes r\u00e1no vyhl\u00e1sil v\u00e1lku \u00cdr\u00e1nu a prohl\u00e1sil, \u017ee USA pracuj\u00ed na zni\u010den\u00ed raketov\u00e9ho programu a n\u00e1mo\u0159nictva \u00cdr\u00e1nsk\u00e9 isl\u00e1msk\u00e9 republiky.<\/span><\/p>\n<p><em><span dir=\"auto\">\u201eZni\u010d\u00edme jejich rakety a srovn\u00e1me se zem\u00ed jejich raketov\u00fd pr\u016fmysl. Bude znovu \u00fapln\u011b zni\u010den. Zni\u010d\u00edme jejich n\u00e1mo\u0159nictvo,\u201c \u0159ekl Trump.<\/span><\/em><\/p>\n<p><em><span dir=\"auto\">\u201eZajist\u00edme, aby teroristi\u010dt\u00ed agenti v regionu ji\u017e nemohli destabilizovat region ani sv\u011bt a \u00fato\u010dit na na\u0161e s\u00edly,\u201c pokra\u010doval prezident.<\/span><\/em><\/p>\n<p><em><span dir=\"auto\">\u201eA my zajist\u00edme, aby \u00cdr\u00e1n nez\u00edskal jadernou zbra\u0148. Je to velmi jednoduch\u00e9 poselstv\u00ed. Nikdy nebudou m\u00edt jadernou zbra\u0148,\u201c dodal.<\/span><\/em><\/p>\n<p><span dir=\"auto\">V osmiminutov\u00e9m videu Trump tak\u00e9 vyzval \u00edr\u00e1nsk\u00fd lid, aby povstal a svrhl svou vl\u00e1du, jakmile v\u00e1lka skon\u010d\u00ed.<\/span><\/p>\n<p><em><span dir=\"auto\">\u201eA\u017e skon\u010d\u00edme, p\u0159evezm\u011bte svou vl\u00e1du. Bude to va\u0161e vl\u00e1da. Tohle bude pravd\u011bpodobn\u011b va\u0161e jedin\u00e1 \u0161ance na cel\u00e9 generace,\u201c \u0159ekl Trump.<\/span><\/em><\/p>\n<p><em><span dir=\"auto\">\u201eMnoho let jste \u017e\u00e1dali Ameriku o pomoc, ale nikdy jste ji nedostali\u2026 Tak uvid\u00edme, jak zareagujete. Amerika v\u00e1s podporuje ohromnou silou a ni\u010divou moc\u00ed,\u201c pokra\u010doval.<\/span><\/em><\/p>\n<p><em><span dir=\"auto\">\u201eNyn\u00ed je \u010das p\u0159evz\u00edt kontrolu nad sv\u00fdm osudem a uvolnit prosperuj\u00edc\u00ed a slavnou budoucnost, kter\u00e1 je na dosah ruky. Toto je okam\u017eik k akci. Nenechte ji proj\u00edt,\u201c dodal.<\/span><\/em><\/p>\n<p><span dir=\"auto\">Premi\u00e9r Benjamin Netanjahu se ve video prohl\u00e1\u0161en\u00ed, v n\u011bm\u017e ozn\u00e1mil zah\u00e1jen\u00ed v\u00e1lky proti \u00cdr\u00e1nu, k velmi podobn\u00e9mu v\u00fdzv\u011b vyj\u00e1d\u0159il.<\/span><\/p>\n<p><em><span dir=\"auto\">\u201eTomuto vra\u017eedn\u00e9mu teroristick\u00e9mu re\u017eimu nesm\u00ed b\u00fdt dovoleno vyzbrojit se jadern\u00fdmi zbran\u011bmi, kter\u00e9 by mu umo\u017enily ohrozit cel\u00e9 lidstvo,\u201c \u0159ekl Netanjahu.<\/span><\/em><\/p>\n<p><em><span dir=\"auto\">\u201eNa\u0161e spole\u010dn\u00e1 akce vytvo\u0159\u00ed podm\u00ednky pro to, aby state\u010dn\u00fd \u00edr\u00e1nsk\u00fd lid vzal sv\u016fj osud do vlastn\u00edch rukou,\u201c pokra\u010doval \u00favodn\u00edk.<\/span><\/em><\/p>\n<p><em><span dir=\"auto\">\u201eNastal \u010das, aby v\u0161echny \u010d\u00e1sti \u00edr\u00e1nsk\u00e9ho lidu \u2013 Per\u0161an\u00e9, Kurdov\u00e9, \u00c1zerb\u00e1jd\u017e\u00e1nci, Bal\u00fa\u010dov\u00e9 i Ahv\u00e1zov\u00e9 \u2013 odhodili jho tyranie a vytvo\u0159ili svobodn\u00fd a m\u00edrumilovn\u00fd \u00cdr\u00e1n,\u201c dodal.<\/span><\/em><\/p>\n<p><span dir=\"auto\">Izraelsk\u00e1 arm\u00e1da ve sv\u00e9m prvn\u00edm briefingu o v\u00e1lce uvedla, \u017ee \u201edes\u00edtky vojensk\u00fdch c\u00edl\u016f byly provedeny v r\u00e1mci \u0161irok\u00e9, koordinovan\u00e9 a spole\u010dn\u00e9 ofenzivy proti re\u017eimu\u201c.<\/span><\/p>\n<p><span dir=\"auto\">Arm\u00e1da dodala, \u017ee \u201espole\u010dn\u00e1, rozs\u00e1hl\u00e1 a siln\u00e1 operace\u201c s USA je \u201ezam\u011b\u0159ena na d\u016fkladn\u00fd \u00fader proti \u00edr\u00e1nsk\u00e9mu teroristick\u00e9mu re\u017eimu a na postupn\u00e9 odstran\u011bn\u00ed existen\u010dn\u00edch hrozeb pro St\u00e1t Izrael\u201c. Persk\u00e1 m\u00e9dia informovala o v\u00fdbu\u0161\u00edch po cel\u00e9 Isl\u00e1msk\u00e9 republice, ale podrobnosti jsou st\u00e1le vz\u00e1cn\u00e9, internet je prakticky nedostupn\u00fd.<\/span><\/p>\n<p><iframe loading=\"lazy\" src=\"https:\/\/s1.cdnstatic.space\/wp-content\/uploads\/2026\/02\/iir.mp4\" width=\"600\" height=\"338\" data-mce-fragment=\"1\"><\/iframe><\/p>\n<p><iframe loading=\"lazy\" src=\"https:\/\/s1.cdnstatic.space\/wp-content\/uploads\/2026\/02\/iir2.mp4\" width=\"600\" height=\"338\" data-mce-fragment=\"1\"><\/iframe><\/p>\n<p><iframe loading=\"lazy\" src=\"https:\/\/s1.cdnstatic.space\/wp-content\/uploads\/2026\/02\/iir3.mp4\" width=\"600\" height=\"338\" data-mce-fragment=\"1\"><\/iframe><\/p>\n<p><span dir=\"auto\">Krom\u011b \u00fader\u016f na samotn\u00fd \u00cdr\u00e1n se objevily zpr\u00e1vy o \u00faderech \u2013 o nich\u017e se p\u0159edpokl\u00e1d\u00e1, \u017ee je provedl Izrael \u2013 na D\u017eurf Sachar pobl\u00ed\u017e ir\u00e1ck\u00e9ho hlavn\u00edho m\u011bsta Bagd\u00e1du. V oblasti jsou zn\u00e1m\u00e9 z\u00e1kladny S\u00edly lidov\u00e9 mobilizace napojen\u00e9 na \u00cdr\u00e1n. Ir\u00e1ck\u00e1 m\u00e9dia informovala o ob\u011btech.<\/span><\/p>\n<p><span dir=\"auto\">K region\u00e1ln\u00edmu dopadu prob\u00edhaj\u00edc\u00ed v\u00e1lky agentura AP uvedla, \u017ee se \u00cdr\u00e1nem podporovan\u00ed H\u00fat\u00edov\u00e9 v Jemenu rozhodli obnovit raketov\u00e9 a dronov\u00e9 \u00fatoky na n\u00e1mo\u0159n\u00ed trasy a na Izrael na podporu \u00cdr\u00e1nu. Jeden z p\u0159edstavitel\u016f uvedl, \u017ee prvn\u00ed \u00fatok rebel\u016f by mohl p\u0159ij\u00edt ji\u017e \u201ednes ve\u010der\u201c.<\/span><\/p>\n<p><span dir=\"auto\">Celkov\u011b vzato, po\u010d\u00e1te\u010dn\u00ed odveta ze strany \u00cdr\u00e1nu zaru\u010den\u011b prom\u011bn\u00ed v\u00e1lku v region\u00e1ln\u00ed konflikt. To pravd\u011bpodobn\u011b o\u010dek\u00e1valy jak USA, tak Izrael.<\/span><\/p>\n<p><span dir=\"auto\">Arabsk\u00e9 zem\u011b, kter\u00e9 by se staly ter\u010dem \u00fatoku, by se mohly zapojit do v\u00e1lky proti Isl\u00e1msk\u00e9 republice zah\u00e1jen\u00edm vlastn\u00edch vojensk\u00fdch operac\u00ed. Vzhledem k tomu, \u017ee Washington a Tel Aviv usilovaly o zm\u011bnu re\u017eimu, Teher\u00e1n pravd\u011bpodobn\u011b nem\u011bl jinou mo\u017enost, ne\u017e splnit sv\u00e9 hrozby a \u00fato\u010dit v\u0161ude, kam dos\u00e1hl.<\/span><\/p>\n<p><img decoding=\"async\" loading=\"lazy\" class=\"alignnone size-full wp-image-1185\" src=\"http:\/\/www.infokuryr.cz\/n\/wp-content\/uploads\/2021\/04\/kuryr-podpis.png\" alt=\"\" width=\"84\" height=\"24\" \/><\/p>\n<p>&nbsp;<\/p>\n","protected":false},"excerpt":{"rendered":"<p>\u00cdr\u00e1nsk\u00e9 Isl\u00e1msk\u00e9 revolu\u010dn\u00ed gardy ozn\u00e1mily, \u017ee zah\u00e1jily \u201eprvn\u00ed vlnu rozs\u00e1hl\u00fdch raketov\u00fdch a dronov\u00fdch \u00fatok\u016f\u201c proti&#8230;<\/p>\n","protected":false},"author":2,"featured_media":100653,"comment_status":"closed","ping_status":"closed","sticky":false,"template":"","format":"standard","meta":[],"categories":[7],"tags":[38,2070,5135],"_links":{"self":[{"href":"https:\/\/www.infokuryr.cz\/n\/wp-json\/wp\/v2\/posts\/100652"}],"collection":[{"href":"https:\/\/www.infokuryr.cz\/n\/wp-json\/wp\/v2\/posts"}],"about":[{"href":"https:\/\/www.infokuryr.cz\/n\/wp-json\/wp\/v2\/types\/post"}],"author":[{"embeddable":true,"href":"https:\/\/www.infokuryr.cz\/n\/wp-json\/wp\/v2\/users\/2"}],"replies":[{"embeddable":true,"href":"https:\/\/www.infokuryr.cz\/n\/wp-json\/wp\/v2\/comments?post=100652"}],"version-history":[{"count":0,"href":"https:\/\/www.infokuryr.cz\/n\/wp-json\/wp\/v2\/posts\/100652\/revisions"}],"wp:featuredmedia":[{"embeddable":true,"href":"https:\/\/www.infokuryr.cz\/n\/wp-json\/wp\/v2\/media\/100653"}],"wp:attachment":[{"href":"https:\/\/www.infokuryr.cz\/n\/wp-json\/wp\/v2\/media?parent=100652"}],"wp:term":[{"taxonomy":"category","embeddable":true,"href":"https:\/\/www.infokuryr.cz\/n\/wp-json\/wp\/v2\/categories?post=100652"},{"taxonomy":"post_tag","embeddable":true,"href":"https:\/\/www.infokuryr.cz\/n\/wp-json\/wp\/v2\/tags?post=100652"}],"curies":[{"name":"wp","href":"https:\/\/api.w.org\/{rel}","templated":true}]}}