{"id":100639,"date":"2026-03-01T00:28:34","date_gmt":"2026-02-28T23:28:34","guid":{"rendered":"https:\/\/www.infokuryr.cz\/n\/?p=100639"},"modified":"2026-02-28T15:12:28","modified_gmt":"2026-02-28T14:12:28","slug":"na-americke-namorni-zakladne-v-bahrajnu-zuri-po-iranskem-protiutoku-rozsahly-pozar","status":"publish","type":"post","link":"https:\/\/www.infokuryr.cz\/n\/2026\/03\/01\/na-americke-namorni-zakladne-v-bahrajnu-zuri-po-iranskem-protiutoku-rozsahly-pozar\/","title":{"rendered":"Na americk\u00e9 n\u00e1mo\u0159n\u00ed z\u00e1kladn\u011b v Bahrajnu zu\u0159\u00ed po \u00edr\u00e1nsk\u00e9m proti\u00fatoku rozs\u00e1hl\u00fd po\u017e\u00e1r"},"content":{"rendered":"<div id=\"fb-root\"><\/div>\n<p class=\"lead\"><strong><span dir=\"auto\">Na z\u00e1kladn\u011b 5. flotily americk\u00e9ho n\u00e1mo\u0159nictva v Bahrajnu zu\u0159\u00ed po \u00edr\u00e1nsk\u00e9m raketov\u00e9m \u00fatoku rozs\u00e1hl\u00fd po\u017e\u00e1r. Z\u00e1b\u011bry byly zve\u0159ejn\u011bny na internetu.<\/span><\/strong><\/p>\n<p><span dir=\"auto\">Podle dostupn\u00fdch informac\u00ed na z\u00e1kladn\u011b detonuje palivo a munice.<\/span><\/p>\n<p><iframe loading=\"lazy\" src=\"https:\/\/t.me\/RVvoenkor\/110069?embed=1&amp;tme_mode=1\" width=\"600\" height=\"350\" data-mce-fragment=\"1\"><\/iframe><\/p>\n<p><span dir=\"auto\">Bahrajnsk\u00e9 \u00fa\u0159ady evakuuj\u00ed obyvatele z oblasti D\u017eufair v Man\u00e1m\u011b, kde se nach\u00e1z\u00ed vojensk\u00e1 z\u00e1kladna, informovalo na soci\u00e1ln\u00edch s\u00edt\u00edch bahrajnsk\u00e9 ministerstvo vnitra.<\/span><\/p>\n<p><em><span dir=\"auto\">\u201eMinisterstvo vnitra zah\u00e1jilo evakuaci ob\u010dan\u016f z oblasti D\u017euf\u00e1jr. Nal\u00e9hav\u011b v\u00e1s \u017e\u00e1d\u00e1me o spolupr\u00e1ci s p\u0159\u00edslu\u0161n\u00fdmi org\u00e1ny.\u201c<\/span><span class=\"after-quote\"><span dir=\"auto\">\u00a0\u2014 uv\u00e1d\u00ed se ve zpr\u00e1v\u011b, kterou cituje RBC.<\/span><\/span><\/em><\/p>\n<h2>Proti\u00fatok: \u00cdr\u00e1n poprv\u00e9 za\u00fato\u010dil na v\u0161echny americk\u00e9 vojensk\u00e9 z\u00e1kladny v oblasti Persk\u00e9ho z\u00e1livu<br \/>\n<img decoding=\"async\" class=\"aligncenter\" src=\"https:\/\/img6.eadaily.com\/c640x394\/o\/5c8\/20568ecc2de9c9d66f6d3f17eec7c.jpeg\" \/><\/h2>\n<p class=\"lead\"><strong><span dir=\"auto\">\u00cdr\u00e1n poprv\u00e9 v historii za\u00fato\u010dil sou\u010dasn\u011b na v\u0161echny americk\u00e9 vojensk\u00e9 z\u00e1kladny v oblasti Persk\u00e9ho z\u00e1livu v reakci na americk\u00e9 a izraelsk\u00e9 n\u00e1lety na jeho jadern\u00e1 a vl\u00e1dn\u00ed za\u0159\u00edzen\u00ed, uvedla agentura Bloomberg s odvol\u00e1n\u00edm na \u00edr\u00e1nsk\u00e1 st\u00e1tn\u00ed m\u00e9dia.<\/span><\/strong><\/p>\n<p><em><span dir=\"auto\">\u00cdr\u00e1nsk\u00e1 st\u00e1tn\u00ed tiskov\u00e1 agentura Nour, kter\u00e1 m\u00e1 \u00fazk\u00e9 vazby na \u00edr\u00e1nsk\u00e9 bezpe\u010dnostn\u00ed s\u00edly, informovala, \u017ee Isl\u00e1msk\u00e9 revolu\u010dn\u00ed gardy pou\u017eily t\u011b\u017ek\u00e9 rakety k sou\u010dasn\u00e9mu zasa\u017een\u00ed n\u011bkolika z\u00e1kladen, v\u010detn\u011b leteck\u00e9 z\u00e1kladny Al Udeid v Kataru, leteck\u00e9 z\u00e1kladny Ali Al Salem v Kuvajtu, leteck\u00e9 z\u00e1kladny Al Dhafra ve Spojen\u00fdch arabsk\u00fdch emir\u00e1tech a z\u00e1kladny 5. flotily USA v Bahrajnu.<\/span><span class=\"after-quote\"><span dir=\"auto\">\u00a0\u2014 informuje agentura.<\/span><\/span><\/em><\/p>\n<p><span dir=\"auto\">Bahrajn ozn\u00e1mil, \u017ee st\u0159edisko \u00fadr\u017eby 5. flotily USA se stalo ter\u010dem raketov\u00e9ho \u00fatoku. CNN mezit\u00edm informovala, \u017ee Katar zachytil ve sv\u00e9m vzdu\u0161n\u00e9m prostoru dal\u0161\u00ed dv\u011b rakety.<\/span><\/p>\n<p><span dir=\"auto\">Je t\u0159eba poznamenat, \u017ee je to poprv\u00e9, co Teher\u00e1n za\u00fato\u010dil na v\u0161echny americk\u00e9 c\u00edle v regionu najednou, \u010demu\u017e se d\u0159\u00edve vyh\u00fdbal a v obdob\u00edch nap\u011bt\u00ed se obvykle uchyloval k takzvan\u00fdm omezen\u00fdm odvetn\u00fdm \u00fader\u016fm. Konkr\u00e9tn\u011b v \u010dervnu lo\u0148sk\u00e9ho roku \u00cdr\u00e1n za\u00fato\u010dil na leteckou z\u00e1kladnu Al-Udeid v Kataru v reakci na izraelsk\u00e9 a americk\u00e9 \u00fadery.<\/span><\/p>\n<p><span dir=\"auto\">\u00cdr\u00e1n za\u00fato\u010dil na americk\u00e9 z\u00e1kladny pot\u00e9, co dnes USA a Izrael zah\u00e1jily \u00fadery po cel\u00e9 Isl\u00e1msk\u00e9 republice. Americk\u00fd prezident\u00a0<\/span><strong><span dir=\"auto\">Donald Trump<\/span><\/strong><span dir=\"auto\">\u00a0mezit\u00edm vyzval \u00cdr\u00e1nce, aby po skon\u010den\u00ed vojensk\u00e9 kampan\u011b p\u0159evzali kontrolu nad zem\u00ed.<\/span><\/p>\n<p><span dir=\"auto\">Mezit\u00edm korespondent agentury Axios\u00a0<\/span><strong><span dir=\"auto\">Barak Ravid<\/span><\/strong><span dir=\"auto\">\u00a0na soci\u00e1ln\u00edch s\u00edt\u00edch s odvol\u00e1n\u00edm na zdroj informoval o c\u00edlech americk\u00fdch a izraelsk\u00fdch \u00fader\u016f na \u00cdr\u00e1n.<\/span><\/p>\n<p><span dir=\"auto\">\u201eVysokopostaven\u00fd americk\u00fd \u00fa\u0159edn\u00edk mi \u0159ekl: Americk\u00e9 \u00fadery m\u00ed\u0159\u00ed na \u00edr\u00e1nsk\u00fd raketov\u00fd program a odpalovac\u00ed za\u0159\u00edzen\u00ed raket. Izraelsk\u00e9 \u00fadery m\u00ed\u0159\u00ed na vysok\u00e9 \u00edr\u00e1nsk\u00e9 \u00fa\u0159edn\u00edky a raketov\u00fd program,\u201c p\u00ed\u0161e.<\/span><\/p>\n<p><span dir=\"auto\">Jak informoval\u00a0<\/span><strong><span dir=\"auto\">server InfoKur\u00fdr<\/span><\/strong><span dir=\"auto\">\u00a0, po izraelsk\u00e9m \u00fatoku podnikl \u00cdr\u00e1n rozhodn\u00e9 kroky a odp\u00e1lil des\u00edtky raket sm\u011brem k izraelsk\u00fdm m\u011bst\u016fm. \u00cdr\u00e1nsk\u00e1 st\u00e1tn\u00ed televize ofici\u00e1ln\u011b\u00a0<\/span><a href=\"https:\/\/eadaily.com\/ru\/news\/2026\/02\/28\/iran-nanes-udary-po-izrailyu-i-voennym-obektam-ssha-v-stranah-zaliva\" target=\"_blank\" rel=\"noopener\"><span dir=\"auto\">potvrdila<\/span><\/a><span dir=\"auto\">\u00a0zah\u00e1jen\u00ed odvetn\u00e9 operace.<\/span><\/p>\n<p><img decoding=\"async\" loading=\"lazy\" class=\"alignnone size-full wp-image-1185\" src=\"http:\/\/www.infokuryr.cz\/n\/wp-content\/uploads\/2021\/04\/kuryr-podpis.png\" alt=\"\" width=\"84\" height=\"24\" \/><\/p>\n<p>&nbsp;<\/p>\n<p>&nbsp;<\/p>\n","protected":false},"excerpt":{"rendered":"<p>Na z\u00e1kladn\u011b 5. flotily americk\u00e9ho n\u00e1mo\u0159nictva v Bahrajnu zu\u0159\u00ed po \u00edr\u00e1nsk\u00e9m raketov\u00e9m \u00fatoku rozs\u00e1hl\u00fd po\u017e\u00e1r&#8230;.<\/p>\n","protected":false},"author":2,"featured_media":100640,"comment_status":"closed","ping_status":"closed","sticky":false,"template":"","format":"standard","meta":[],"categories":[7],"tags":[38,2647,37,1210],"_links":{"self":[{"href":"https:\/\/www.infokuryr.cz\/n\/wp-json\/wp\/v2\/posts\/100639"}],"collection":[{"href":"https:\/\/www.infokuryr.cz\/n\/wp-json\/wp\/v2\/posts"}],"about":[{"href":"https:\/\/www.infokuryr.cz\/n\/wp-json\/wp\/v2\/types\/post"}],"author":[{"embeddable":true,"href":"https:\/\/www.infokuryr.cz\/n\/wp-json\/wp\/v2\/users\/2"}],"replies":[{"embeddable":true,"href":"https:\/\/www.infokuryr.cz\/n\/wp-json\/wp\/v2\/comments?post=100639"}],"version-history":[{"count":0,"href":"https:\/\/www.infokuryr.cz\/n\/wp-json\/wp\/v2\/posts\/100639\/revisions"}],"wp:featuredmedia":[{"embeddable":true,"href":"https:\/\/www.infokuryr.cz\/n\/wp-json\/wp\/v2\/media\/100640"}],"wp:attachment":[{"href":"https:\/\/www.infokuryr.cz\/n\/wp-json\/wp\/v2\/media?parent=100639"}],"wp:term":[{"taxonomy":"category","embeddable":true,"href":"https:\/\/www.infokuryr.cz\/n\/wp-json\/wp\/v2\/categories?post=100639"},{"taxonomy":"post_tag","embeddable":true,"href":"https:\/\/www.infokuryr.cz\/n\/wp-json\/wp\/v2\/tags?post=100639"}],"curies":[{"name":"wp","href":"https:\/\/api.w.org\/{rel}","templated":true}]}}