{"id":100637,"date":"2026-03-01T00:27:32","date_gmt":"2026-02-28T23:27:32","guid":{"rendered":"https:\/\/www.infokuryr.cz\/n\/?p=100637"},"modified":"2026-02-28T15:07:10","modified_gmt":"2026-02-28T14:07:10","slug":"cinske-ministerstvo-obrany-spojene-staty-se-staly-nejvetsi-pricinou-rozpadu-mezinarodniho-jaderneho-radu","status":"publish","type":"post","link":"https:\/\/www.infokuryr.cz\/n\/2026\/03\/01\/cinske-ministerstvo-obrany-spojene-staty-se-staly-nejvetsi-pricinou-rozpadu-mezinarodniho-jaderneho-radu\/","title":{"rendered":"\u010c\u00ednsk\u00e9 ministerstvo obrany: Spojen\u00e9 st\u00e1ty se staly nejv\u011bt\u0161\u00ed p\u0159\u00ed\u010dinou rozpadu mezin\u00e1rodn\u00edho jadern\u00e9ho \u0159\u00e1du"},"content":{"rendered":"<div id=\"fb-root\"><\/div>\n<p class=\"lead\"><strong><span dir=\"auto\">Spojen\u00e9 st\u00e1ty jsou hlavn\u00ed p\u0159\u00ed\u010dinou rozpadu zaveden\u00e9ho mezin\u00e1rodn\u00edho jadern\u00e9ho \u0159\u00e1du a glob\u00e1ln\u00ed strategick\u00e9 stability.<\/span><\/strong><\/p>\n<p><span dir=\"auto\">Toto prohl\u00e1\u0161en\u00ed u\u010dinil mluv\u010d\u00ed \u010d\u00ednsk\u00e9ho ministerstva obrany\u00a0<\/span><strong><span dir=\"auto\">\u010cang Siao-kang<\/span><\/strong><span dir=\"auto\">\u00a0. Prohl\u00e1\u0161en\u00ed bylo zve\u0159ejn\u011bno na str\u00e1nce ministerstva na platform\u011b WeChat.<\/span><\/p>\n<p><em><span dir=\"auto\">\u201eS\u00e9rie destruktivn\u00edch krok\u016f USA v oblasti kontroly jadern\u00fdch zbran\u00ed, v\u010detn\u011b odstoupen\u00ed od dohod, se stala nejv\u011bt\u0161\u00edm zdrojem destabilizace mezin\u00e1rodn\u00edho jadern\u00e9ho \u0159\u00e1du a glob\u00e1ln\u00ed strategick\u00e9 stability,\u201c<\/span><span class=\"after-quote\"><span dir=\"auto\">\u00a0\u2013 uvedl vojensk\u00fd mluv\u010d\u00ed.<\/span><\/span><\/em><\/p>\n<p><span dir=\"auto\">Poznamenal tak\u00e9, \u017ee Washington disponuje nejv\u011bt\u0161\u00edm jadern\u00fdm arzen\u00e1lem na sv\u011bt\u011b a nav\u00edc se dr\u017e\u00ed preventivn\u00ed koncepce pou\u017eit\u00ed zbran\u00ed hromadn\u00e9ho ni\u010den\u00ed.<\/span><\/p>\n<p><span dir=\"auto\">Zhang Xiaogang p\u0159ipomn\u011bl, \u017ee Spojen\u00e9 st\u00e1ty investuj\u00ed zna\u010dn\u00e9 prost\u0159edky do financov\u00e1n\u00ed p\u0159\u00edslu\u0161n\u00fdch projekt\u016f a ji\u017e u\u010dinily prohl\u00e1\u0161en\u00ed o sv\u00e9m z\u00e1m\u011bru obnovit testov\u00e1n\u00ed.<\/span><\/p>\n<p><span dir=\"auto\">V prohl\u00e1\u0161en\u00ed se uv\u00e1d\u00ed, \u017ee \u010c\u00edna trv\u00e1 na tom, aby Spojen\u00e9 st\u00e1ty v\u011brn\u011b plnily sv\u00e9 z\u00e1vazky vypl\u00fdvaj\u00edc\u00ed ze Smlouvy o v\u0161eobecn\u00e9m z\u00e1kazu jadern\u00fdch zkou\u0161ek a souvisej\u00edc\u00edho moratoria.<\/span><\/p>\n<p><em><span dir=\"auto\">\u201eSpojen\u00e9 st\u00e1ty mus\u00ed dost\u00e1t sv\u00e9 zvl\u00e1\u0161tn\u00ed a prim\u00e1rn\u00ed odpov\u011bdnosti za jadern\u00e9 odzbrojen\u00ed, p\u0159ijmout konkr\u00e9tn\u00ed opat\u0159en\u00ed na podporu mezin\u00e1rodn\u00edho re\u017eimu jadern\u00e9ho odzbrojen\u00ed a ne\u0161\u00ed\u0159en\u00ed jadern\u00fdch zbran\u00ed a zajistit glob\u00e1ln\u00ed strategickou rovnov\u00e1hu a stabilitu,\u201c<\/span><span class=\"after-quote\"><span dir=\"auto\">\u00a0\u2014 uzav\u0159el z\u00e1stupce ministerstva obrany \u010cLR.<\/span><\/span><\/em><\/p>\n<p><img decoding=\"async\" loading=\"lazy\" class=\"alignnone size-full wp-image-1185\" src=\"http:\/\/www.infokuryr.cz\/n\/wp-content\/uploads\/2021\/04\/kuryr-podpis.png\" alt=\"\" width=\"84\" height=\"24\" \/><\/p>\n<p>&nbsp;<\/p>\n","protected":false},"excerpt":{"rendered":"<p>Spojen\u00e9 st\u00e1ty jsou hlavn\u00ed p\u0159\u00ed\u010dinou rozpadu zaveden\u00e9ho mezin\u00e1rodn\u00edho jadern\u00e9ho \u0159\u00e1du a glob\u00e1ln\u00ed strategick\u00e9 stability. Toto&#8230;<\/p>\n","protected":false},"author":2,"featured_media":100638,"comment_status":"closed","ping_status":"closed","sticky":false,"template":"","format":"standard","meta":[],"categories":[7],"tags":[30,1884,37],"_links":{"self":[{"href":"https:\/\/www.infokuryr.cz\/n\/wp-json\/wp\/v2\/posts\/100637"}],"collection":[{"href":"https:\/\/www.infokuryr.cz\/n\/wp-json\/wp\/v2\/posts"}],"about":[{"href":"https:\/\/www.infokuryr.cz\/n\/wp-json\/wp\/v2\/types\/post"}],"author":[{"embeddable":true,"href":"https:\/\/www.infokuryr.cz\/n\/wp-json\/wp\/v2\/users\/2"}],"replies":[{"embeddable":true,"href":"https:\/\/www.infokuryr.cz\/n\/wp-json\/wp\/v2\/comments?post=100637"}],"version-history":[{"count":0,"href":"https:\/\/www.infokuryr.cz\/n\/wp-json\/wp\/v2\/posts\/100637\/revisions"}],"wp:featuredmedia":[{"embeddable":true,"href":"https:\/\/www.infokuryr.cz\/n\/wp-json\/wp\/v2\/media\/100638"}],"wp:attachment":[{"href":"https:\/\/www.infokuryr.cz\/n\/wp-json\/wp\/v2\/media?parent=100637"}],"wp:term":[{"taxonomy":"category","embeddable":true,"href":"https:\/\/www.infokuryr.cz\/n\/wp-json\/wp\/v2\/categories?post=100637"},{"taxonomy":"post_tag","embeddable":true,"href":"https:\/\/www.infokuryr.cz\/n\/wp-json\/wp\/v2\/tags?post=100637"}],"curies":[{"name":"wp","href":"https:\/\/api.w.org\/{rel}","templated":true}]}}