{"id":100631,"date":"2026-03-01T00:22:50","date_gmt":"2026-02-28T23:22:50","guid":{"rendered":"https:\/\/www.infokuryr.cz\/n\/?p=100631"},"modified":"2026-02-28T13:33:44","modified_gmt":"2026-02-28T12:33:44","slug":"ivan-david-co-se-panu-prezidentovi-libi-a-v-cem-si-libuje","status":"publish","type":"post","link":"https:\/\/www.infokuryr.cz\/n\/2026\/03\/01\/ivan-david-co-se-panu-prezidentovi-libi-a-v-cem-si-libuje\/","title":{"rendered":"Ivan David: Co se panu prezidentovi l\u00edb\u00ed a v \u010dem si libuje"},"content":{"rendered":"<div id=\"fb-root\"><\/div>\n<p><strong>Pan prezident se nen\u00e1padn\u011b p\u0159ed kamerami p\u0159iznal, \u017ee nechce b\u00fdt vn\u00edm\u00e1n jako ten, k\u00fdm je, toti\u017e nejvy\u0161\u0161\u00edm p\u0159edstavitelem opozice, kter\u00fd je st\u00e1le ve funkci.<\/strong><\/p>\n<p>Nechce vypadat protivl\u00e1dn\u011b, pot\u0159ebuje budit zd\u00e1n\u00ed, \u017ee je objektivn\u00ed a\u00a0nikomu neslou\u017e\u00ed.<\/p>\n<p>Ale panu gener\u00e1lovi se zjevn\u011b l\u00edb\u00ed b\u00fdt vid\u011bn jako velk\u00fd p\u0159\u00edznivec ukrajinsk\u00e9ho re\u017eimu.<\/p>\n<p>Tady je zachycen s\u00a0vlajkou zesm\u011b\u0161\u0148uj\u00edc\u00ed \u010deskou st\u00e1tnost s\u00a0t\u00edm, \u017ee jsme vlastn\u011b nap\u016fl Ukrajina. Vlajka je dopln\u011bna znakem se symbolem hor, cep\u00ednu a\u00a0alpsk\u00e9 prot\u011b\u017ee.<\/p>\n<div class=\"google-anno-skip google-anno-sc\" tabindex=\"0\" role=\"link\" aria-label=\"Knihy o Ukrajin\u011b\" data-google-vignette=\"false\" data-google-interstitial=\"false\">Knihy o Ukrajin\u011b<\/div>\n<p>Co to znamen\u00e1?<\/p>\n<p>Ukrajinsk\u00fd prezident Volodymyr Zelenskyj ud\u011blil \u010destn\u00fd titul 10.\u00a0samostatn\u00e9 horsk\u00e9 \u00fato\u010dn\u00e9 brig\u00e1d\u011b za \u00fasp\u011bchy v\u00a0boj\u00edch proti Rusku. Nov\u011b z\u00edskal vojensk\u00fd \u00fatvar \u010destn\u00fd n\u00e1zev Edelveys\u00a0 (\u0435\u0434\u0435\u043b\u044c\u0432\u0435\u0439\u0441) podle rostliny plesnivce alpsk\u00e9ho (prot\u011b\u017ee alpsk\u00e9).<\/p>\n<p>Ukrajina je hrd\u00e1 na sv\u00e9ho v\u00e1le\u010dn\u00e9ho zlo\u010dince Stepana Banderu, kter\u00e9mu stav\u00ed pomn\u00edky, a\u00a0na sv\u00e9 SS divize z\u00a0druh\u00e9 sv\u011btov\u00e9 v\u00e1lky, kter\u00e9 si pravideln\u011b p\u0159ipom\u00ednaj\u00ed typicky nacistick\u00fdmi pochod\u0148ov\u00fdmi pr\u016fvody.<\/p>\n<p>Po prot\u011b\u017ei alpsk\u00e9, n\u011bmecky Edelweiss, byla pojmenov\u00e1na nacistick\u00e1 protipartyz\u00e1nsk\u00e1 jednotka p\u016fsob\u00edc\u00ed na Slovensku od z\u00e1\u0159\u00ed 1944 do jara 1945.<\/p>\n<figure id=\"attachment_205387\" class=\"wp-caption aligncenter\" style=\"width: 670px;\" aria-describedby=\"caption-attachment-205387\"><img decoding=\"async\" loading=\"lazy\" class=\"wp-image-205387 \" src=\"https:\/\/www.novarepublika.cz\/wp-content\/uploads\/2026\/02\/nasivka_SS_Edelweiss-300x185.webp\" sizes=\"(max-width: 689px) 100vw, 689px\" srcset=\"https:\/\/www.novarepublika.cz\/wp-content\/uploads\/2026\/02\/nasivka_SS_Edelweiss-300x185.webp 300w, https:\/\/www.novarepublika.cz\/wp-content\/uploads\/2026\/02\/nasivka_SS_Edelweiss.webp 689w\" alt=\"\" width=\"670\" height=\"413\" \/><figcaption id=\"caption-attachment-205387\" class=\"wp-caption-text\"><em>N\u00e1\u0161ivka SS divize Edelweiss<\/em><\/figcaption><\/figure>\n<figure id=\"attachment_205388\" class=\"wp-caption aligncenter\" style=\"width: 699px;\" aria-describedby=\"caption-attachment-205388\"><img decoding=\"async\" loading=\"lazy\" class=\"wp-image-205388 \" src=\"https:\/\/www.novarepublika.cz\/wp-content\/uploads\/2026\/02\/SS_Edelweiss-300x224.webp\" sizes=\"auto, (max-width: 706px) 100vw, 706px\" srcset=\"https:\/\/www.novarepublika.cz\/wp-content\/uploads\/2026\/02\/SS_Edelweiss-300x224.webp 300w, https:\/\/www.novarepublika.cz\/wp-content\/uploads\/2026\/02\/SS_Edelweiss-768x572.webp 768w, https:\/\/www.novarepublika.cz\/wp-content\/uploads\/2026\/02\/SS_Edelweiss.webp 820w\" alt=\"\" width=\"699\" height=\"522\" \/><figcaption id=\"caption-attachment-205388\" class=\"wp-caption-text\"><em>Velitel SSdivize Edelweiss vyznamen\u00e1v\u00e1 voj\u00e1ky za vra\u017ed\u011bn\u00ed slovensk\u00fdch civilist\u016f a\u00a0partyz\u00e1n\u016f \u2013 vedleznam ukrajinsk\u00e9 10.\u00a0\u00fato\u010dn\u00e9 horsk\u00e9 brig\u00e1dy Edelvejs, vyznamenan\u00e9 Zelensk\u00fdm za boj proti Rusku. Pr\u00fd jde o\u00a0\u010distou n\u00e1hodu v\u00a0podob\u011b.<\/em><\/figcaption><\/figure>\n<p>Port\u00e1l IDnes ihned p\u0159i\u0161el s\u00a0informac\u00ed, \u017ee zde nen\u00ed \u017e\u00e1dn\u00e1 spojitost! V\u0161e je \u010dist\u011b n\u00e1hodn\u00e9 a\u00a0jde o\u00a0rusk\u00fd narativ. IDnes tvrdil, \u017ee ukrajinsk\u00e1 horsk\u00e1 \u00fato\u010dn\u00e1 brig\u00e1da Edelveys nem\u00e1 V\u016eBEC nic spole\u010dn\u00e9ho s\u00a0horskou protipartyz\u00e1nskou jednotkou SS Edelweiss, \u017ee n\u00e1zev V\u016eBEC nebyl inspirov\u00e1n nacistick\u00fdm vojensk\u00fdm \u00fatvarem, \u017ee prost\u011b jasn\u011b ukrajinsk\u00e9 slovo Edel\u02b9veys nijak nesouvis\u00ed s\u00a0n\u011bmeck\u00fdm Edelweiss. Kone\u010dn\u011b alpsk\u00e1 prot\u011b\u017e roste i\u00a0na Ukrajin\u011b. Je to \u00fapln\u00e1 n\u00e1hoda a\u00a0vid\u011bt v\u00a0tom souvislost, je rusk\u00fd narativ.<\/p>\n<p><img decoding=\"async\" loading=\"lazy\" class=\"wp-image-205389 aligncenter\" src=\"https:\/\/www.novarepublika.cz\/wp-content\/uploads\/2026\/02\/10_utocna_Edlweis-1-300x169.webp\" sizes=\"auto, (max-width: 652px) 100vw, 652px\" srcset=\"https:\/\/www.novarepublika.cz\/wp-content\/uploads\/2026\/02\/10_utocna_Edlweis-1-300x169.webp 300w, https:\/\/www.novarepublika.cz\/wp-content\/uploads\/2026\/02\/10_utocna_Edlweis-1-768x432.webp 768w, https:\/\/www.novarepublika.cz\/wp-content\/uploads\/2026\/02\/10_utocna_Edlweis-1.webp 800w\" alt=\"\" width=\"648\" height=\"365\" \/><img decoding=\"async\" loading=\"lazy\" class=\"wp-image-205390 aligncenter\" src=\"https:\/\/www.novarepublika.cz\/wp-content\/uploads\/2026\/02\/10_ukr_horska_utocna_brig-300x168.webp\" sizes=\"auto, (max-width: 659px) 100vw, 659px\" srcset=\"https:\/\/www.novarepublika.cz\/wp-content\/uploads\/2026\/02\/10_ukr_horska_utocna_brig-300x168.webp 300w, https:\/\/www.novarepublika.cz\/wp-content\/uploads\/2026\/02\/10_ukr_horska_utocna_brig-768x431.webp 768w, https:\/\/www.novarepublika.cz\/wp-content\/uploads\/2026\/02\/10_ukr_horska_utocna_brig.webp 800w\" alt=\"\" width=\"652\" height=\"365\" \/><\/p>\n<p>Pan prezident to v\u00ed, a\u00a0proto se nech\u00e1 na ukrajinsk\u00e9 demonstraci v\u00a0Praze klidn\u011b vyfotit s\u00a0origin\u00e1ln\u00ed \u010deskoukrajinskou vlajkou ozdobenou symboly ukrajinsk\u00e9 horsk\u00e9 \u00fato\u010dn\u00e9 brig\u00e1dy Edel\u02b9vejs.<\/p>\n<p><em><a href=\"https:\/\/www.facebook.com\/MUDrIDavid\/?checkpoint_src=any\">MUDr Ivan David,CSc., europoslanec za SPD<\/a><\/em><\/p>\n<p><img decoding=\"async\" loading=\"lazy\" class=\"alignnone size-medium wp-image-922\" src=\"http:\/\/www.infokuryr.cz\/n\/wp-content\/uploads\/2021\/04\/Ivan-David-1-222x300.jpg\" alt=\"\" width=\"222\" height=\"300\" srcset=\"https:\/\/www.infokuryr.cz\/n\/wp-content\/uploads\/2021\/04\/Ivan-David-1-222x300.jpg 222w, https:\/\/www.infokuryr.cz\/n\/wp-content\/uploads\/2021\/04\/Ivan-David-1.jpg 466w\" sizes=\"(max-width: 222px) 100vw, 222px\" \/><\/p>\n<p>&nbsp;<\/p>\n","protected":false},"excerpt":{"rendered":"<p>Pan prezident se nen\u00e1padn\u011b p\u0159ed kamerami p\u0159iznal, \u017ee nechce b\u00fdt vn\u00edm\u00e1n jako ten, k\u00fdm je,&#8230;<\/p>\n","protected":false},"author":2,"featured_media":100632,"comment_status":"closed","ping_status":"closed","sticky":false,"template":"","format":"standard","meta":[],"categories":[6],"tags":[1503,664,1173,1242,26],"_links":{"self":[{"href":"https:\/\/www.infokuryr.cz\/n\/wp-json\/wp\/v2\/posts\/100631"}],"collection":[{"href":"https:\/\/www.infokuryr.cz\/n\/wp-json\/wp\/v2\/posts"}],"about":[{"href":"https:\/\/www.infokuryr.cz\/n\/wp-json\/wp\/v2\/types\/post"}],"author":[{"embeddable":true,"href":"https:\/\/www.infokuryr.cz\/n\/wp-json\/wp\/v2\/users\/2"}],"replies":[{"embeddable":true,"href":"https:\/\/www.infokuryr.cz\/n\/wp-json\/wp\/v2\/comments?post=100631"}],"version-history":[{"count":0,"href":"https:\/\/www.infokuryr.cz\/n\/wp-json\/wp\/v2\/posts\/100631\/revisions"}],"wp:featuredmedia":[{"embeddable":true,"href":"https:\/\/www.infokuryr.cz\/n\/wp-json\/wp\/v2\/media\/100632"}],"wp:attachment":[{"href":"https:\/\/www.infokuryr.cz\/n\/wp-json\/wp\/v2\/media?parent=100631"}],"wp:term":[{"taxonomy":"category","embeddable":true,"href":"https:\/\/www.infokuryr.cz\/n\/wp-json\/wp\/v2\/categories?post=100631"},{"taxonomy":"post_tag","embeddable":true,"href":"https:\/\/www.infokuryr.cz\/n\/wp-json\/wp\/v2\/tags?post=100631"}],"curies":[{"name":"wp","href":"https:\/\/api.w.org\/{rel}","templated":true}]}}