{"id":100627,"date":"2026-03-01T00:16:26","date_gmt":"2026-02-28T23:16:26","guid":{"rendered":"https:\/\/www.infokuryr.cz\/n\/?p=100627"},"modified":"2026-02-28T13:22:55","modified_gmt":"2026-02-28T12:22:55","slug":"zide-spolecne-s-usa-zahajili-dalsi-masakry-a-dalsi-valku-kolikatou-uz-kdy-masakry-skonci-ukrajina","status":"publish","type":"post","link":"https:\/\/www.infokuryr.cz\/n\/2026\/03\/01\/zide-spolecne-s-usa-zahajili-dalsi-masakry-a-dalsi-valku-kolikatou-uz-kdy-masakry-skonci-ukrajina\/","title":{"rendered":"\u017did\u00e9 spole\u010dn\u011b s USA zah\u00e1jili dal\u0161\u00ed masakry a dal\u0161\u00ed v\u00e1lku. Kolik\u00e1tou u\u017e? Kdy masakry skon\u010d\u00ed? Ukrajina&#8230;"},"content":{"rendered":"<div id=\"fb-root\"><\/div>\n<div class=\"introtext\">\n<p>Lze v\u016fbec nekone\u010dn\u00e9 \u017eidovsk\u00e9 a americk\u00e9 v\u00e1lky spo\u010d\u00edtat? Pro tyto dva spojence je nep\u0159\u00edtel ka\u017ed\u00fd, kdo si dovol\u00ed protestovat proti jejich hegemonii. Izrael h\u00e1z\u00ed bomby v\u0161ude kolem sebe v cel\u00e9m sv\u011bt\u011b, Ameri\u010dani rozs\u00e9vaj\u00ed smrt po cel\u00e9m sv\u011bt\u011b. I z\u00e1kladny maj\u00ed po cel\u00e9m sv\u011bt\u011b!<\/p>\n<\/div>\n<div class=\"fulltext\">\n<h2 class=\"articleNewDetail__title\">Izrael a USA r\u00e1no za\u00fato\u010dily na c\u00edle v \u00cdr\u00e1nu<\/h2>\n<p>Za p\u00e1r dn\u00ed budeme slavit ukon\u010den\u00ed v\u00e1lky ve Vietnamu za \u0161\u00edlen\u00fdch zv\u011brstev USA, zn\u00e1sil\u0148ov\u00e1n\u00ed, a upalov\u00e1n\u00ed mal\u00fdch hol\u010di\u010dek, nap\u0159. v\u00a0<a title=\"Americk\u00e1 zv\u011brstva v My Lai\" href=\"https:\/\/www.idnes.cz\/zpravy\/zahranicni\/vietnam-my-lai-haeberle-usa-valka-vojaci-masakr-fotografie.A250923_173909_zahranicni_jhr\" target=\"_blank\" rel=\"noopener\">Americk\u00e1 zv\u011brstva v My Lai<\/a>\u00a0, masakry statis\u00edc\u016f d\u011bt\u00ed v Ir\u00e1ku, a celkem milion ob\u011bt\u00ed z vymy\u0161len\u00e9ho zv\u011brstva, zbab\u011bl\u00fd \u00faprk Americk\u00e9 v\u00e1lky z Afghanist\u00e1nu, kde masakrovaly a \u0161koly, nemocnice i d\u011bti, izraelsk\u00e9 masakry civilist\u016f (71 000 \u017een a d\u011bt\u00ed v Palestin\u011b) \u017eidovskou agres\u00ed vyhladit v\u0161e kolem sebe, a protesty trestat smrt\u00ed, a\u00a0posledn\u00ed proxy v\u00e1lka USA, Evropy a NATO na Ukrajin\u011b, kdy t\u00fdden p\u0159ed v\u00fdsadkem USA na Krymu jej obsadili &#8222;Putinovi zelen\u00ed mu\u017e\u00ed\u010dci&#8220; .<\/p>\n<p><strong>A tak za\u010dala dal\u0161\u00ed v\u00e1lka &#8211;\u00a0 na Ukrajin\u011b, kter\u00e1 se spustila v \u00fanoru 2022.\u00a0<\/strong><\/p>\n<p>Dle dostupn\u00fdch ve\u0159ejn\u00fdch \u00fadaj\u016f mus\u00ed z\u00e1pad odzkou\u0161et je\u0161t\u011b asi t\u0159i zbra\u0148ov\u00e9 syst\u00e9mu jak za v\u00e1lky funguj\u00ed a pak \u00fadajn\u011b v\u00e1lka na Ukrajin\u011b skon\u010d\u00ed. (<em>V jednom testov\u00e1n\u00ed jsme zapojeni na \u017eiv\u00fdch lidech i my, sch\u00e1z\u00ed atest na\u0161eho typu dron\u016f a pokud zabije hodn\u011b Rus\u016f, m\u016f\u017eeme to vyv\u00e1\u017eet do cel\u00e9ho sv\u011bta &#8211; ofici\u00e1ln\u00ed zpr\u00e1va<\/em>)<\/p>\n<p>Pokud m\u00e1te pochybnosti o v\u00fd\u0161e napsan\u00e9m obsazen\u00ed Kyjeva, zde si nad\u011bte odkaz, kter\u00fd se nevymazal a st\u00e1le je funguje, by\u0165 kopie samoz\u0159ejm\u011b m\u00e1me:<\/p>\n<p>z\u00e1minkou bylo, \u017ee st\u0159ely s plochou dr\u00e1hou letu a torp\u00e9da ochr\u00e1n\u00ed olympijsk\u00e9 stadiony v So\u010di. Pokud za\u010dne terorista st\u0159\u00edlet, USA tam po\u0161lou st\u0159elu a teroristu zabij\u00ed. (<em>Jasn\u011b, teroristu zlikviduj\u00ed, ale s n\u00edm cel\u00fd stadion!<\/em>) \u017de takov\u00e9 zv\u011brstvo nep\u0159ijal Putin a\u00a0 n\u011bkolik hodin p\u0159ed proniknut\u00edm na Krym tento poloostrov obsadil?<\/p>\n<p>D\u016fkaz:\u00a0<strong>5. 2. 2014<\/strong><\/p>\n<p><a title=\"Do neutr\u00e1ln\u00edch vod \u010cern\u00e9ho mo\u0159e ve st\u0159edu vplula lo\u010f americk\u00e9ho vojensk\u00e9ho n\u00e1mo\u0159nictva Mount Whitney a dal\u0161\u00ed   vyzbrojeny torp\u00e9dy, raketami s plochou dr\u00e1hou letu a vrtuln\u00edky H-60\" href=\"https:\/\/www.novinky.cz\/clanek\/zahranicni-evropa-do-cerneho-more-vplula-americka-vojenska-lod-2\" target=\"_blank\" rel=\"noopener\">Do neutr\u00e1ln\u00edch vod \u010cern\u00e9ho mo\u0159e ve st\u0159edu vplula lo\u010f americk\u00e9ho vojensk\u00e9ho n\u00e1mo\u0159nictva Mount Whitney a dal\u0161\u00ed vyzbrojeny torp\u00e9dy, raketami s plochou dr\u00e1hou letu a vrtuln\u00edky H-60.<\/a><\/p>\n<p>Samoz\u0159ejm\u011b Putin ty pr\u016fhledn\u00e9 demagogie a obsazen\u00ed Krymu americko &#8211; ukrajinskou arm\u00e1dou prohl\u00e9dl a v p\u0159edve\u010der vylod\u011bni cel\u00fd poloostrov Krym obsadil. V\u0161ude po Krymu se za\u010dali vyno\u0159ovat zelen\u00ed mu\u017e\u00ed\u010dci a stretagick\u00e1 m\u00edsta obsadili. Pokra\u010duje Majdan, \u00fat\u011bk Viktora Janukovi\u010de, up\u00e1len\u00ed protusk\u00fdch Ukrajinc\u016f v Od\u011bse a<\/p>\n<p>nastala tot\u00e1ln\u00ed zm\u011bna narativu, kdy najednou Ukrajina byl tot\u00e1ln\u00ed p\u0159\u00edtel a Rusko tot\u00e1ln\u00ed nep\u0159\u00edtel. Obsazen\u00ed Krymu se americko-ukrajinskou arm\u00e1dou nezda\u0159ilo a tak vlastn\u011b za\u010dala skute\u010dn\u00e1 v\u00e1lka na Ukrajin\u011b.<\/p>\n<p>\u201eZelen\u00ed mu\u017e\u00ed\u010dci\u201c je ozna\u010den\u00ed pro neozna\u010den\u00e9 rusk\u00e9 voj\u00e1ky, kte\u0159\u00ed\u00a0<strong>v\u00a0\u00fanoru<\/strong>\u00a0a b\u0159eznu 2014\u00a0obsadili ukrajinsk\u00fd poloostrov Krym. A nakonec v\u0161e dolo\u017eil Putin ve filmu\u00a0\u201eKrym. Cesta do vlasti\u201c.<\/p>\n<ul>\n<li><span class=\"T286Pc\" data-sfc-cp=\"\" data-processed=\"true\">Objevili se na za\u010d\u00e1tku roku 2014, konkr\u00e9tn\u011b b\u011bhem \u00daDAJN\u00c9 anexe Krymu Ruskou federac\u00ed. (<em>\u017ee to bylo p\u0159ed anex\u00ed USA se u\u017e nep\u00ed\u0161e<\/em>) Obsadili strategick\u00e9 body (leti\u0161t\u011b, parlament v Simferopolu) a zablokovali ukrajinsk\u00e9 z\u00e1kladny.<\/span><\/li>\n<li><span class=\"T286Pc\" data-sfc-cp=\"\" data-processed=\"true\">\u00a0Nosili modern\u00ed rusk\u00e9 maskovac\u00ed uniformy, ale chyb\u011blo jak\u00e9koli ozna\u010den\u00ed hodnosti nebo p\u0159\u00edslu\u0161nosti k arm\u00e1d\u011b. Byli profesion\u00e1ln\u011b vybaveni, m\u011bli nejmodern\u011bj\u0161\u00ed rusk\u00e9 zbran\u011b (pu\u0161ky AK-74M, vesta 6B7), co\u017e vylu\u010dovalo, \u017ee by \u0161lo o m\u00edstn\u00ed domobranu.<\/span><\/li>\n<li><span class=\"T286Pc\" data-sfc-cp=\"\" data-processed=\"true\"><strong class=\"Yjhzub\" data-processed=\"true\">\u201e<\/strong>Rusk\u00e1 m\u00e9dia je tak\u00e9 ozna\u010dovala jako \u201ezdvo\u0159il\u00e9 lidi\u201c (<em class=\"eujQNb\" data-processed=\"true\">ve\u017elivyje ljudi<\/em>) pro jejich klidn\u00e9, ale r\u00e1zn\u011b chov\u00e1n\u00ed v\u016f\u010di civilist\u016fm a ukrajinsk\u00fdm voj\u00e1k\u016fm.<\/span><\/li>\n<\/ul>\n<p>A nyn\u00ed po Venezuele, Kub\u011b se zase bombarduje Ir\u00e1n. Pro\u010d USA odstoupily z v\u00e1lky na Ukrajin\u011b, kde masakry nechaly Evrop\u011b u\u017e za\u010d\u00edn\u00e1 b\u00fdt jasn\u00e9.\u00a0 Stejn\u011b jako \u00faprk z Afghanist\u00e1nu, kdy\u017e poznaly v USA, \u017ee Putin se oblafnout a obelhat s Ukrajinou ned\u00e1 a bylo t\u0159eba za\u00fato\u010dit. Op\u011bt pozd\u011b, rusk\u00e1 arm\u00e1da u\u017e byla aktivovan\u00e1 na \u00fanor 2022 a zat\u00edmco v USA to v\u011bd\u011bli, v Evrop\u011b byli mnoz\u00ed v \u0161oku.<\/p>\n<p><strong>Tak\u017ee nyn\u00ed dal\u0161\u00ed<\/strong><\/p>\n<h2 class=\"articleNewDetail__title\">Izrael a USA r\u00e1no za\u00fato\u010dily na c\u00edle v \u00cdr\u00e1nu<\/h2>\n<p>Rakety krom\u011b Teher\u00e1nu exploduj\u00ed i v Isfah\u00e1nu, Tabr\u00edzu a dal\u0161\u00edch \u00edr\u00e1nsk\u00fdch m\u011bstech, p\u00ed\u0161\u00ed agentury. Podle \u00edr\u00e1nsk\u00fdch m\u00e9di\u00ed \u00fatok zas\u00e1hl v podstat\u011b celou zemi. Teher\u00e1n u\u017e podle zdroje agentury Reuters p\u0159ipravuje odvetu. \u00cdr\u00e1n, Izrael a Ir\u00e1k uzav\u0159ely sv\u016fj vzdu\u0161n\u00fd prostor.<\/p>\n<p>St\u00e1le tot\u00e9\u017e kolem Ruska. Od Vietnamu po Ukrajinu je pokus destabilizovat Rusko a rozporcovat si nerostn\u00e9 bohatstv\u00ed. \u017de se ale spoj\u00ed \u010c\u00edna s Ruskem nikdo p\u0159ed l\u00e9ty na z\u00e1pad\u011b neo\u010dek\u00e1val. Posledn\u00ed &#8222;masakr&#8220; byl na Ussuri.\u00a0\u00a0C\u00edlem \u010d\u00ednsk\u00e9ho \u00fatoku bylo obsadit ostrov Damanskij na \u0159ece Ussuri, kter\u00fd pokl\u00e1dali za sporn\u00e9 \u00fazem\u00ed. Ostrov p\u0159ipadl carsk\u00e9mu Rusku v 19. stolet\u00ed a nen\u00e1vist mezi \u010cinou a SSSR, pozd\u011bji Ruskem se zd\u00e1la nep\u0159ekonateln\u00e1. Ten z\u00e1zrak dok\u00e1zal Putin a vykolejil t\u00edm celou propagandu NATO a bohu\u017eel od t\u00e9 doby se zesiluj\u00ed v\u00e1lky kolem Ruska, a zatahuj\u00ed do t\u00e9to &#8222;proxyv\u00e1lky&#8220; i n\u00e1s.<\/p>\n<p><strong>Ale my s t\u011bmito \u0161\u00edlenostmi, kde je ob\u011bt\u00ed nejv\u00edce Ukrajina a mlad\u00ed lid\u00e9, nechceme m\u00edt nic spole\u010dn\u00e9ho:\u00a0my chceme m\u00edr!\u00a0Pro\u010d se st\u00e1le ud\u00e1v\u00e1 datum \u00fanor 2022\u00a0a co bylo p\u0159edt\u00edm, je st\u00e1le tabu?\u00a0<\/strong><\/p>\n<p><em><strong>P.S.:<\/strong> Ch\u00e1pou ti idioti, \u017ee z\u00e1padn\u00ed Evropa je pln\u00e1 Arab\u016f a muslim\u016f a u\u017e dnes je to tam \u0161\u00edlen\u00e9?\u00a0<\/em><\/p>\n<div class=\"clauthor\">\n<div id=\"article_author\"><a href=\"https:\/\/www.skrytapravda.cz\/ze-zahranici\/3027-zide-spolecne-s-usa-zahajili-dalsi-masakry-a-dalsi-valku-kolikatou-uz-kdy-masakry-skonci-ukrajina\">Petr Pokorn\u00fd<\/a><\/div>\n<\/div>\n<\/div>\n<div><\/div>\n","protected":false},"excerpt":{"rendered":"<p>Lze v\u016fbec nekone\u010dn\u00e9 \u017eidovsk\u00e9 a americk\u00e9 v\u00e1lky spo\u010d\u00edtat? Pro tyto dva spojence je nep\u0159\u00edtel ka\u017ed\u00fd,&#8230;<\/p>\n","protected":false},"author":2,"featured_media":100628,"comment_status":"closed","ping_status":"closed","sticky":false,"template":"","format":"standard","meta":[],"categories":[6],"tags":[738,38,1503,37,40,92],"_links":{"self":[{"href":"https:\/\/www.infokuryr.cz\/n\/wp-json\/wp\/v2\/posts\/100627"}],"collection":[{"href":"https:\/\/www.infokuryr.cz\/n\/wp-json\/wp\/v2\/posts"}],"about":[{"href":"https:\/\/www.infokuryr.cz\/n\/wp-json\/wp\/v2\/types\/post"}],"author":[{"embeddable":true,"href":"https:\/\/www.infokuryr.cz\/n\/wp-json\/wp\/v2\/users\/2"}],"replies":[{"embeddable":true,"href":"https:\/\/www.infokuryr.cz\/n\/wp-json\/wp\/v2\/comments?post=100627"}],"version-history":[{"count":0,"href":"https:\/\/www.infokuryr.cz\/n\/wp-json\/wp\/v2\/posts\/100627\/revisions"}],"wp:featuredmedia":[{"embeddable":true,"href":"https:\/\/www.infokuryr.cz\/n\/wp-json\/wp\/v2\/media\/100628"}],"wp:attachment":[{"href":"https:\/\/www.infokuryr.cz\/n\/wp-json\/wp\/v2\/media?parent=100627"}],"wp:term":[{"taxonomy":"category","embeddable":true,"href":"https:\/\/www.infokuryr.cz\/n\/wp-json\/wp\/v2\/categories?post=100627"},{"taxonomy":"post_tag","embeddable":true,"href":"https:\/\/www.infokuryr.cz\/n\/wp-json\/wp\/v2\/tags?post=100627"}],"curies":[{"name":"wp","href":"https:\/\/api.w.org\/{rel}","templated":true}]}}