{"id":100625,"date":"2026-03-01T00:13:40","date_gmt":"2026-02-28T23:13:40","guid":{"rendered":"https:\/\/www.infokuryr.cz\/n\/?p=100625"},"modified":"2026-02-28T13:19:53","modified_gmt":"2026-02-28T12:19:53","slug":"putin-usty-zacharovove-pozadal-osn-a-ukrajinu-aby-jmenovite-dohledaly-zmasakrovane-z-buce-ruskem-proc-nase-masmedia-vyzvu-nepodpori","status":"publish","type":"post","link":"https:\/\/www.infokuryr.cz\/n\/2026\/03\/01\/putin-usty-zacharovove-pozadal-osn-a-ukrajinu-aby-jmenovite-dohledaly-zmasakrovane-z-buce-ruskem-proc-nase-masmedia-vyzvu-nepodpori\/","title":{"rendered":"Putin \u00fasty Zacharovov\u00e9 po\u017e\u00e1dal OSN a Ukrajinu, aby JMENOVIT\u011a dohledaly zmasakrovan\u00e9 z Bu\u010de Ruskem! Pro\u010d na\u0161e masm\u00e9dia v\u00fdzvu nepodpo\u0159\u00ed?"},"content":{"rendered":"<div id=\"fb-root\"><\/div>\n<div class=\"introtext\">\n<h4>Je\u0161t\u011b jednou: pro\u010d na\u0161e masm\u00e9dia tuto d\u016fle\u017eitou v\u00fdzvu, kdy\u017e vy\u0159v\u00e1vaj\u00ed o m\u00edru v \u010dele s Vystr\u010dilem, m\u00edsto ur\u00e1\u017eek, nepodpo\u0159\u00ed? To p\u0159ece m\u00e1 logiku, abychom v\u011bd\u011bli, jak Rusov\u00e9 masakrovali!<\/h4>\n<\/div>\n<div class=\"fulltext\">\n<div class=\"MaterialPageTitle_wrapper__ww8Bq\">\n<h2 class=\"MaterialPageTitle_text__K8LMx\">Zacharov\u00e1: OSN p\u0159iznala, \u017ee se o p\u0159\u00edpadu &#8222;Bu\u010da&#8220; kv\u016fli fal\u0161ov\u00e1n\u00ed ml\u010d\u00ed<\/h2>\n<\/div>\n<p>Moskva opakovan\u011b prohl\u00e1sila, \u017ee tyto ud\u00e1losti jsou \u201eprovokac\u00ed, dezinformacemi a monstr\u00f3zn\u00edm podvrhem\u201c, p\u0159ipomn\u011bl ofici\u00e1ln\u00ed z\u00e1stupce rusk\u00e9ho ministerstva zahrani\u010d\u00ed.<\/p>\n<p>MOSKVA, 27. \u00fanora. \/TASS\/. P\u0159edstavitel\u00e9 OSN na vedlej\u0161\u00ed koleji p\u0159ipustili, \u017ee vy\u0161et\u0159ov\u00e1n\u00ed ud\u00e1lost\u00ed v Bu\u010di je uml\u010deno kv\u016fli obecn\u00e9mu pov\u011bdom\u00ed o jejich provokativn\u00ed povaze a fale\u0161nosti. Uvedla to ofici\u00e1ln\u00ed z\u00e1stupkyn\u011b rusk\u00e9ho ministerstva zahrani\u010d\u00ed Maria Zacharov\u00e1 b\u011bhem medi\u00e1ln\u00edho f\u00f3ra Moskva &#8211; Isl\u00e1m\u00e1b\u00e1d.<\/p>\n<p class=\"Paragraph_paragraph__0HsUv\">Upozornila na to, \u017ee Rusko opakovan\u011b tvrd\u00ed, \u017ee ud\u00e1losti v Bu\u010dovi jsou \u201eprovokac\u00ed, dezinformacemi a monstr\u00f3zn\u00edm podvrhem\u201c.<\/p>\n<p class=\"Paragraph_paragraph__0HsUv\">\u201ePo\u017e\u00e1dali jsme gener\u00e1ln\u00edho tajemn\u00edka OSN,\u00a0<strong>po\u017e\u00e1dali jsme OSN, aby poskytla a zprost\u0159edkovala seznamy jmen ob\u011bt\u00ed.<\/strong>\u00a0A na vedlej\u0161\u00ed koleji n\u00e1m tyto samotn\u00e9 OSN ne\u0159ekly: v\u0161ichni v\u00edme, \u017ee je to provokace, a proto o n\u00ed prakticky nemluv\u00edme.\u201c<\/p>\n<p class=\"Paragraph_paragraph__0HsUv\">Diplomat z\u00e1rove\u0148 zd\u016fraznil, \u017ee jako potvrzen\u00ed by mohla b\u00fdt ud\u011blena \u201e<strong>jm\u00e9na, fotografie ob\u011bt\u00ed, p\u0159\u00edbuzn\u00fdch,<\/strong>\u00a0kte\u0159\u00ed byli k dispozici pro rozhovor,<strong>\u00a0hroby t\u011bchto lid\u00ed\u201c<\/strong>, ale to v\u0161e nen\u00ed.<\/p>\n<h2 class=\"Heading_block__eWOrv\">Um\u011ble vytvo\u0159en\u00fd sv\u011bt manipulace a iluz\u00ed<\/h2>\n<p class=\"Paragraph_paragraph__0HsUv\">Tak\u017ee podle ofici\u00e1ln\u00edho z\u00e1stupce rusk\u00e9ho ministerstva zahrani\u010d\u00ed po\u010det protirusk\u00fdch pad\u011blk\u016f od po\u010d\u00e1tku speci\u00e1ln\u00ed vojensk\u00e9 operace p\u0159ekro\u010dil \u201ev\u0161echny mysliteln\u00e9 a nemysliteln\u00e9 hodnoty\u201c. \u201eDovedete si p\u0159edstavit rozsah sv\u011btov\u00e9ho pad\u011blku?\u00a0<strong>Fiktivn\u00ed zv\u011brstvo rusk\u00e9 arm\u00e1dy, p\u0159ipisovan\u00e9 rusk\u00e9 stran\u011b<\/strong>\u00a0ost\u0159elov\u00e1n\u00ed Z\u00e1poro\u017esk\u00e9 jadern\u00e9 elektr\u00e1rny, a\u010dkoli Kyjev p\u0159iznal, \u017ee je to APU, kdo to d\u011bl\u00e1, takzvan\u00e1\u00a0<strong>kr\u00e1de\u017e ukrajinsk\u00fdch d\u011bt\u00ed<\/strong>\u00a0&#8211; zde je sv\u011bt iluz\u00ed, hrozn\u00fdch pad\u011blk\u016f, kter\u00e9 v pr\u016fb\u011bhu let vytvo\u0159ila z\u00e1padn\u00ed m\u00e9dia,&#8220; uvedla.<\/p>\n<p class=\"Paragraph_paragraph__0HsUv\">&#8222;A to nen\u00ed \u00fapln\u00fd seznam toho, jak\u00fdm manipulac\u00edm je sv\u011btov\u00e9 ve\u0159ejn\u00e9 m\u00edn\u011bn\u00ed podrobeno,&#8220; uvedl ofici\u00e1ln\u00ed z\u00e1stupce rusk\u00e9ho ministerstva zahrani\u010d\u00ed.<\/p>\n<h2 class=\"Heading_block__eWOrv\">Provokace v Bu\u010de<\/h2>\n<p class=\"Paragraph_paragraph__0HsUv\">30. b\u0159ezna 2022 rusk\u00e9 ozbrojen\u00e9 s\u00edly na znamen\u00ed dobr\u00e9 v\u016fle na pozad\u00ed jedn\u00e1n\u00ed s Ukrajinou v Istanbulu opustily Kyjev, mimo jin\u00e9 z m\u011bsta Bu\u010da. 31. b\u0159ezna to \u0161\u00e9f m\u00edstn\u00ed spr\u00e1vy potvrdil na kameru. O n\u011bkolik dn\u00ed pozd\u011bji z\u00e1padn\u00ed televize odhalila z\u00e1b\u011bry, na nich\u017e na rozd\u00edl od d\u0159\u00edv\u011bj\u0161\u00edho z\u00e1znamu le\u017e\u00ed v ulic\u00edch m\u011bsta t\u011bla lid\u00ed, jejich\u017e vra\u017edu na Z\u00e1pad\u011b okam\u017eit\u011b p\u0159ipisovali ru\u0161t\u00ed voj\u00e1ci. V Rusk\u00e9 federaci byla o faktu provokace zah\u00e1jena trestn\u00ed v\u011bc o \u0161\u00ed\u0159en\u00ed z\u00e1m\u011brn\u011b nepravdiv\u00fdch informac\u00ed o rusk\u00fdch ozbrojen\u00fdch sil\u00e1ch.<\/p>\n<p>\u00a0Chceme zn\u00e1t pravdu i my!<\/p>\n<p><strong>V\u00fdzva ke slu\u0161n\u00fdm, protiv\u00e1le\u010dn\u00fdm ob\u010dan\u016fm: chceme zn\u00e1t pravdu o v\u00e1lce na Ukrajin\u011b!<\/strong><\/p>\n<p>V\u00e1\u017een\u00ed \u010dten\u00e1\u0159i, poctiv\u00ed \u010ce\u0161i, Chcim\u00edrov\u00e9,<strong>\u00a0hledejte s n\u00e1mi,<\/strong> kdo se jako politik od opozice zapoj\u00ed a bude hledat skute\u010dn\u00e9 d\u016fkazy. Bude to Fiala s Raku\u0161anem a Vystr\u010dilem? Nebo to v\u0161e vyml\u010d\u00ed jako nen\u00e1vistn\u00e1, toxick\u00e1 masm\u00e9dia?\u00a0<img decoding=\"async\" loading=\"lazy\" class=\"aligncenter\" src=\"https:\/\/www.skrytapravda.cz\/images\/blogy\/2951\/2026\/znaky\/seznam_toxick%C3%BDch_m%C3%A9di%C3%ADWEBP_b10f3.webp\" alt=\"seznam toxick\u00fdch m\u00e9di\u00edWEBP b10f3\" width=\"534\" height=\"878\" \/><\/p>\n<p><a href=\"https:\/\/www.skrytapravda.cz\/ze-zahranici\/3026-putin-usty-zacharovove-pozadal-osn-a-ukrajinu-aby-jmenovite-dohledaly-zmasakrovane-z-buce-ruskem-proc-nase-masmedia-vyzvu-nepodpori\">Petr Pokorn\u00fd<\/a><\/p>\n<p>&nbsp;<\/p>\n<div class=\"clauthor\">\n<div id=\"article_author\"><\/div>\n<\/div>\n<\/div>\n","protected":false},"excerpt":{"rendered":"<p>Je\u0161t\u011b jednou: pro\u010d na\u0161e masm\u00e9dia tuto d\u016fle\u017eitou v\u00fdzvu, kdy\u017e vy\u0159v\u00e1vaj\u00ed o m\u00edru v \u010dele s&#8230;<\/p>\n","protected":false},"author":2,"featured_media":100626,"comment_status":"closed","ping_status":"closed","sticky":false,"template":"","format":"standard","meta":[],"categories":[6],"tags":[2112,1503,871,186],"_links":{"self":[{"href":"https:\/\/www.infokuryr.cz\/n\/wp-json\/wp\/v2\/posts\/100625"}],"collection":[{"href":"https:\/\/www.infokuryr.cz\/n\/wp-json\/wp\/v2\/posts"}],"about":[{"href":"https:\/\/www.infokuryr.cz\/n\/wp-json\/wp\/v2\/types\/post"}],"author":[{"embeddable":true,"href":"https:\/\/www.infokuryr.cz\/n\/wp-json\/wp\/v2\/users\/2"}],"replies":[{"embeddable":true,"href":"https:\/\/www.infokuryr.cz\/n\/wp-json\/wp\/v2\/comments?post=100625"}],"version-history":[{"count":0,"href":"https:\/\/www.infokuryr.cz\/n\/wp-json\/wp\/v2\/posts\/100625\/revisions"}],"wp:featuredmedia":[{"embeddable":true,"href":"https:\/\/www.infokuryr.cz\/n\/wp-json\/wp\/v2\/media\/100626"}],"wp:attachment":[{"href":"https:\/\/www.infokuryr.cz\/n\/wp-json\/wp\/v2\/media?parent=100625"}],"wp:term":[{"taxonomy":"category","embeddable":true,"href":"https:\/\/www.infokuryr.cz\/n\/wp-json\/wp\/v2\/categories?post=100625"},{"taxonomy":"post_tag","embeddable":true,"href":"https:\/\/www.infokuryr.cz\/n\/wp-json\/wp\/v2\/tags?post=100625"}],"curies":[{"name":"wp","href":"https:\/\/api.w.org\/{rel}","templated":true}]}}