{"id":100622,"date":"2026-03-01T00:24:39","date_gmt":"2026-02-28T23:24:39","guid":{"rendered":"https:\/\/www.infokuryr.cz\/n\/?p=100622"},"modified":"2026-02-28T13:14:04","modified_gmt":"2026-02-28T12:14:04","slug":"izraelsky-spis-tajna-islamisticka-sit-ktera-infiltruje-evropu","status":"publish","type":"post","link":"https:\/\/www.infokuryr.cz\/n\/2026\/03\/01\/izraelsky-spis-tajna-islamisticka-sit-ktera-infiltruje-evropu\/","title":{"rendered":"Izraelsk\u00fd spis: Tajn\u00e1 islamistick\u00e1 s\u00ed\u0165, kter\u00e1 infiltruje Evropu!"},"content":{"rendered":"<div id=\"fb-root\"><\/div>\n<p><strong><span dir=\"auto\">Muslimsk\u00e9 bratrstvo tajn\u011b infiltruje Evropu, uv\u00e1d\u00ed zpr\u00e1va z Izraele. Islamisty uch\u00e1zej\u00ed naivn\u00ed politici, kte\u0159\u00ed si cht\u011bj\u00ed z\u00edskat p\u0159\u00edze\u0148 muslimsk\u00fdch komunit. Struktur\u00e1ln\u00ed hrozby pro ve\u0159ejnou bezpe\u010dnost jsou ignorov\u00e1ny.<\/span><\/strong><\/p>\n<p><a href=\"https:\/\/govextra.gov.il\/mda\/muslim-brotherhood\/muslim-brotherhood\/\"><span dir=\"auto\">\u0160okuj\u00edc\u00ed zpr\u00e1va izraelsk\u00e9 vl\u00e1dy<\/span><\/a><span dir=\"auto\"> ot\u0159\u00e1sla Evropou \u2013 nebo by alespo\u0148 m\u011bla. Zat\u00edmco politici se zde \u010dasto d\u00edvaj\u00ed jinam a k\u00e1\u017eou o \u201etoleranci\u201c, Izrael vyd\u00e1v\u00e1 ost\u0159e varov\u00e1n\u00ed p\u0159ed gigantickou, tichou s\u00edt\u00ed radik\u00e1ln\u00edho Muslimsk\u00e9ho bratrstva. Alarmuj\u00edc\u00ed je, \u017ee Rakousko je v\u00fdslovn\u011b ozna\u010deno za nebezpe\u010dn\u00e9 ohnisko!<\/span><\/p>\n<figure class=\"wp-block-embed is-type-rich is-provider-twitter wp-block-embed-twitter\">\n<div class=\"wp-block-embed__wrapper\">\n<div class=\"twitter-tweet twitter-tweet-rendered\"><iframe id=\"twitter-widget-0\" class=\"\" title=\"X P\u0159\u00edsp\u011bvek\" src=\"https:\/\/platform.twitter.com\/embed\/Tweet.html?dnt=true&amp;embedId=twitter-widget-0&amp;features=eyJ0ZndfdGltZWxpbmVfbGlzdCI6eyJidWNrZXQiOltdLCJ2ZXJzaW9uIjpudWxsfSwidGZ3X2ZvbGxvd2VyX2NvdW50X3N1bnNldCI6eyJidWNrZXQiOnRydWUsInZlcnNpb24iOm51bGx9LCJ0ZndfdHdlZXRfZWRpdF9iYWNrZW5kIjp7ImJ1Y2tldCI6Im9uIiwidmVyc2lvbiI6bnVsbH0sInRmd19yZWZzcmNfc2Vzc2lvbiI6eyJidWNrZXQiOiJvbiIsInZlcnNpb24iOm51bGx9LCJ0ZndfZm9zbnJfc29mdF9pbnRlcnZlbnRpb25zX2VuYWJsZWQiOnsiYnVja2V0Ijoib24iLCJ2ZXJzaW9uIjpudWxsfSwidGZ3X21peGVkX21lZGlhXzE1ODk3Ijp7ImJ1Y2tldCI6InRyZWF0bWVudCIsInZlcnNpb24iOm51bGx9LCJ0ZndfZXhwZXJpbWVudHNfY29va2llX2V4cGlyYXRpb24iOnsiYnVja2V0IjoxMjA5NjAwLCJ2ZXJzaW9uIjpudWxsfSwidGZ3X3Nob3dfYmlyZHdhdGNoX3Bpdm90c19lbmFibGVkIjp7ImJ1Y2tldCI6Im9uIiwidmVyc2lvbiI6bnVsbH0sInRmd19kdXBsaWNhdGVfc2NyaWJlc190b19zZXR0aW5ncyI6eyJidWNrZXQiOiJvbiIsInZlcnNpb24iOm51bGx9LCJ0ZndfdXNlX3Byb2ZpbGVfaW1hZ2Vfc2hhcGVfZW5hYmxlZCI6eyJidWNrZXQiOiJvbiIsInZlcnNpb24iOm51bGx9LCJ0ZndfdmlkZW9faGxzX2R5bmFtaWNfbWFuaWZlc3RzXzE1MDgyIjp7ImJ1Y2tldCI6InRydWVfYml0cmF0ZSIsInZlcnNpb24iOm51bGx9LCJ0ZndfbGVnYWN5X3RpbWVsaW5lX3N1bnNldCI6eyJidWNrZXQiOnRydWUsInZlcnNpb24iOm51bGx9LCJ0ZndfdHdlZXRfZWRpdF9mcm9udGVuZCI6eyJidWNrZXQiOiJvbiIsInZlcnNpb24iOm51bGx9fQ%3D%3D&amp;frame=false&amp;hideCard=false&amp;hideThread=false&amp;id=2027214180869431761&amp;lang=cs&amp;origin=https%3A%2F%2Freport24.news%2Fisrael-dossier-das-geheime-islamisten-netzwerk-das-europa-unterwandert%2F&amp;sessionId=b729b521c263f184a0ddc88d7fa03015a94cff42&amp;theme=light&amp;widgetsVersion=2615f7e52b7e0%3A1702314776716&amp;width=550px\" frameborder=\"0\" scrolling=\"no\" allowfullscreen=\"allowfullscreen\" data-tweet-id=\"2027214180869431761\" data-mce-fragment=\"1\"><\/iframe><\/div>\n<\/div>\n<\/figure>\n<p><span dir=\"auto\">Varov\u00e1n\u00ed izraelsk\u00fdch bezpe\u010dnostn\u00edch expert\u016f se pro jednou net\u00fdk\u00e1 krvav\u00fdch teroristick\u00fdch \u00fatok\u016f. T\u00fdk\u00e1 se n\u011b\u010deho mnohem nebezpe\u010dn\u011bj\u0161\u00edho, proto\u017ee se odehr\u00e1v\u00e1 v tajnosti: dlouhodob\u00e9, systematick\u00e9 infiltrace na\u0161\u00ed spole\u010dnosti v srdci Evropy. Zapome\u0148te na chv\u00edli na vousat\u00e9 mu\u017ee s kala\u0161nikovy. Skute\u010dn\u00e9 nebezpe\u010d\u00ed spo\u010d\u00edv\u00e1 v oblec\u00edch a kravat\u00e1ch. Auto\u0159i zpr\u00e1vy hovo\u0159\u00ed o tzv. \u201elegalistick\u00e9m islamismu\u201c. Z\u00e1ke\u0159n\u00fd koncept: Tyto organizace se obratn\u011b pohybuj\u00ed v na\u0161em pr\u00e1vn\u00edm syst\u00e9mu, zneu\u017e\u00edvaj\u00ed na\u0161e svobody a postupn\u011b roz\u0161i\u0159uj\u00ed svou moc. Zakl\u00e1daj\u00ed spolky, federace me\u0161it a ml\u00e1de\u017enick\u00e9 organizace. Jejich nejv\u011bt\u0161\u00ed tah: Nech\u00e1vaj\u00ed se dvo\u0159it naivn\u00edm politik\u016fm a \u00fa\u0159ad\u016fm jako \u201elegitimn\u00ed z\u00e1stupci muslim\u016f\u201c a z\u00edsk\u00e1vaj\u00ed tak slovo v rozhodov\u00e1n\u00ed.<\/span><\/p>\n<figure class=\"wp-block-embed is-type-rich is-provider-twitter wp-block-embed-twitter\">\n<div class=\"wp-block-embed__wrapper\">\n<div class=\"twitter-tweet twitter-tweet-rendered\"><iframe id=\"twitter-widget-1\" class=\"\" title=\"X P\u0159\u00edsp\u011bvek\" src=\"https:\/\/platform.twitter.com\/embed\/Tweet.html?dnt=true&amp;embedId=twitter-widget-1&amp;features=eyJ0ZndfdGltZWxpbmVfbGlzdCI6eyJidWNrZXQiOltdLCJ2ZXJzaW9uIjpudWxsfSwidGZ3X2ZvbGxvd2VyX2NvdW50X3N1bnNldCI6eyJidWNrZXQiOnRydWUsInZlcnNpb24iOm51bGx9LCJ0ZndfdHdlZXRfZWRpdF9iYWNrZW5kIjp7ImJ1Y2tldCI6Im9uIiwidmVyc2lvbiI6bnVsbH0sInRmd19yZWZzcmNfc2Vzc2lvbiI6eyJidWNrZXQiOiJvbiIsInZlcnNpb24iOm51bGx9LCJ0ZndfZm9zbnJfc29mdF9pbnRlcnZlbnRpb25zX2VuYWJsZWQiOnsiYnVja2V0Ijoib24iLCJ2ZXJzaW9uIjpudWxsfSwidGZ3X21peGVkX21lZGlhXzE1ODk3Ijp7ImJ1Y2tldCI6InRyZWF0bWVudCIsInZlcnNpb24iOm51bGx9LCJ0ZndfZXhwZXJpbWVudHNfY29va2llX2V4cGlyYXRpb24iOnsiYnVja2V0IjoxMjA5NjAwLCJ2ZXJzaW9uIjpudWxsfSwidGZ3X3Nob3dfYmlyZHdhdGNoX3Bpdm90c19lbmFibGVkIjp7ImJ1Y2tldCI6Im9uIiwidmVyc2lvbiI6bnVsbH0sInRmd19kdXBsaWNhdGVfc2NyaWJlc190b19zZXR0aW5ncyI6eyJidWNrZXQiOiJvbiIsInZlcnNpb24iOm51bGx9LCJ0ZndfdXNlX3Byb2ZpbGVfaW1hZ2Vfc2hhcGVfZW5hYmxlZCI6eyJidWNrZXQiOiJvbiIsInZlcnNpb24iOm51bGx9LCJ0ZndfdmlkZW9faGxzX2R5bmFtaWNfbWFuaWZlc3RzXzE1MDgyIjp7ImJ1Y2tldCI6InRydWVfYml0cmF0ZSIsInZlcnNpb24iOm51bGx9LCJ0ZndfbGVnYWN5X3RpbWVsaW5lX3N1bnNldCI6eyJidWNrZXQiOnRydWUsInZlcnNpb24iOm51bGx9LCJ0ZndfdHdlZXRfZWRpdF9mcm9udGVuZCI6eyJidWNrZXQiOiJvbiIsInZlcnNpb24iOm51bGx9fQ%3D%3D&amp;frame=false&amp;hideCard=false&amp;hideThread=false&amp;id=2027131843997585791&amp;lang=cs&amp;origin=https%3A%2F%2Freport24.news%2Fisrael-dossier-das-geheime-islamisten-netzwerk-das-europa-unterwandert%2F&amp;sessionId=b729b521c263f184a0ddc88d7fa03015a94cff42&amp;theme=light&amp;widgetsVersion=2615f7e52b7e0%3A1702314776716&amp;width=550px\" frameborder=\"0\" scrolling=\"no\" allowfullscreen=\"allowfullscreen\" data-tweet-id=\"2027131843997585791\" data-mce-fragment=\"1\"><\/iframe><\/div>\n<\/div>\n<\/figure>\n<p><span dir=\"auto\">Kde je pavouk v s\u00edti? Ze v\u0161ech m\u00edst v bruselsk\u00e9 \u010dtvrti EU! Podle zpravodajsk\u00fdch slu\u017eeb z n\u011bkolika zem\u00ed funguje \u201eRada evropsk\u00fdch muslim\u016f\u201c (CEM) jako \u00fast\u0159edn\u00ed velitelsk\u00e9 centrum Muslimsk\u00e9ho bratrstva v Evrop\u011b. Strategie je jednoduch\u00e1 a nebezpe\u010dn\u00e1: hrstka extr\u00e9mn\u011b dob\u0159e propojen\u00fdch \u00fa\u0159edn\u00edk\u016f ovl\u00e1d\u00e1 celoevropsk\u00e9 imp\u00e9rium.<\/span><\/p>\n<figure class=\"wp-block-embed is-type-rich is-provider-twitter wp-block-embed-twitter\">\n<div class=\"wp-block-embed__wrapper\">\n<div class=\"twitter-tweet twitter-tweet-rendered\"><iframe id=\"twitter-widget-2\" class=\"\" title=\"X P\u0159\u00edsp\u011bvek\" src=\"https:\/\/platform.twitter.com\/embed\/Tweet.html?dnt=true&amp;embedId=twitter-widget-2&amp;features=eyJ0ZndfdGltZWxpbmVfbGlzdCI6eyJidWNrZXQiOltdLCJ2ZXJzaW9uIjpudWxsfSwidGZ3X2ZvbGxvd2VyX2NvdW50X3N1bnNldCI6eyJidWNrZXQiOnRydWUsInZlcnNpb24iOm51bGx9LCJ0ZndfdHdlZXRfZWRpdF9iYWNrZW5kIjp7ImJ1Y2tldCI6Im9uIiwidmVyc2lvbiI6bnVsbH0sInRmd19yZWZzcmNfc2Vzc2lvbiI6eyJidWNrZXQiOiJvbiIsInZlcnNpb24iOm51bGx9LCJ0ZndfZm9zbnJfc29mdF9pbnRlcnZlbnRpb25zX2VuYWJsZWQiOnsiYnVja2V0Ijoib24iLCJ2ZXJzaW9uIjpudWxsfSwidGZ3X21peGVkX21lZGlhXzE1ODk3Ijp7ImJ1Y2tldCI6InRyZWF0bWVudCIsInZlcnNpb24iOm51bGx9LCJ0ZndfZXhwZXJpbWVudHNfY29va2llX2V4cGlyYXRpb24iOnsiYnVja2V0IjoxMjA5NjAwLCJ2ZXJzaW9uIjpudWxsfSwidGZ3X3Nob3dfYmlyZHdhdGNoX3Bpdm90c19lbmFibGVkIjp7ImJ1Y2tldCI6Im9uIiwidmVyc2lvbiI6bnVsbH0sInRmd19kdXBsaWNhdGVfc2NyaWJlc190b19zZXR0aW5ncyI6eyJidWNrZXQiOiJvbiIsInZlcnNpb24iOm51bGx9LCJ0ZndfdXNlX3Byb2ZpbGVfaW1hZ2Vfc2hhcGVfZW5hYmxlZCI6eyJidWNrZXQiOiJvbiIsInZlcnNpb24iOm51bGx9LCJ0ZndfdmlkZW9faGxzX2R5bmFtaWNfbWFuaWZlc3RzXzE1MDgyIjp7ImJ1Y2tldCI6InRydWVfYml0cmF0ZSIsInZlcnNpb24iOm51bGx9LCJ0ZndfbGVnYWN5X3RpbWVsaW5lX3N1bnNldCI6eyJidWNrZXQiOnRydWUsInZlcnNpb24iOm51bGx9LCJ0ZndfdHdlZXRfZWRpdF9mcm9udGVuZCI6eyJidWNrZXQiOiJvbiIsInZlcnNpb24iOm51bGx9fQ%3D%3D&amp;frame=false&amp;hideCard=false&amp;hideThread=false&amp;id=2025598543109497115&amp;lang=cs&amp;origin=https%3A%2F%2Freport24.news%2Fisrael-dossier-das-geheime-islamisten-netzwerk-das-europa-unterwandert%2F&amp;sessionId=b729b521c263f184a0ddc88d7fa03015a94cff42&amp;theme=light&amp;widgetsVersion=2615f7e52b7e0%3A1702314776716&amp;width=550px\" frameborder=\"0\" scrolling=\"no\" allowfullscreen=\"allowfullscreen\" data-tweet-id=\"2025598543109497115\" data-mce-fragment=\"1\"><\/iframe><\/div>\n<\/div>\n<\/figure>\n<p><span dir=\"auto\">Je to je\u0161t\u011b absurdn\u011bj\u0161\u00ed: Po l\u00e9ta vyu\u017e\u00edvala ml\u00e1de\u017enick\u00e1 organizace FEMYSO kancel\u00e1\u0159sk\u00e9 prostory na stejn\u00e9 bruselsk\u00e9 adrese jako sa\u00fadskoarabsk\u00e1 nevl\u00e1dn\u00ed organizace \u2013 financovan\u00e1 p\u0159edn\u00edm \u010dlenem Muslimsk\u00e9ho bratrstva. A tat\u00e1\u017e FEMYSO m\u00e1 v instituc\u00edch EU volnou ruku! Zpr\u00e1va francouzsk\u00e9 tajn\u00e9 slu\u017eby u\u017e d\u00e1vno\u00a0<\/span><a href=\"https:\/\/www.politico.eu\/article\/muslim-brotherhood-eu-report-freedom-relgion-campaign\/\"><span dir=\"auto\">odhalila<\/span><\/a><span dir=\"auto\">\u00a0tuto skupinu jako \u201eml\u00e1de\u017enick\u00e9 k\u0159\u00eddlo\u201c islamist\u016f a cvi\u010di\u0161t\u011b pro budouc\u00ed radik\u00e1ln\u00ed v\u016fdce. Infiltrace neza\u010d\u00edn\u00e1 v postrann\u00ed me\u0161it\u011b, ale v elitn\u00edch ml\u00e1de\u017enick\u00fdch a politick\u00fdch s\u00edt\u00edch EU. Islamist\u00e9 si buduj\u00ed dokonalou paraleln\u00ed spole\u010dnost.<\/span><\/p>\n<ul>\n<li><strong><span dir=\"auto\">N\u00e1bo\u017eensk\u00e1 kontrola:<\/span><\/strong><span dir=\"auto\">\u00a0Evropsk\u00e1 rada pro ot\u00e1zky fatwy (ECFR) poskytuje p\u0159\u00edslu\u0161n\u00e1 isl\u00e1msk\u00e1 pr\u00e1vn\u00ed stanoviska pro Evropu. V roce 2019 musela b\u00fdt jej\u00ed vlastn\u00ed \u201eaplikace fatwa\u201c po masivn\u00ed kritice odstran\u011bna z Obchodu Google Play \u2013 \u00fa\u0159ady varovaly p\u0159ed akutn\u00ed radikalizac\u00ed!<\/span><\/li>\n<li><strong><span dir=\"auto\">Velk\u00e9 pen\u00edze:<\/span><\/strong><span dir=\"auto\">\u00a0\u201eEurope Trust\u201c vyd\u011bl\u00e1v\u00e1 miliony. C\u00edlen\u011b nakupuje nemovitosti, nap\u0159\u00edklad 47 studentsk\u00fdch byt\u016f v Leedsu ve Velk\u00e9 Brit\u00e1nii, aby si zajistil trval\u00e9 zdroje financov\u00e1n\u00ed pro expanzi islamistick\u00e9 s\u00edt\u011b.<\/span><\/li>\n<li><strong><span dir=\"auto\">Propojen\u00ed s teroristy:<\/span><\/strong><span dir=\"auto\">\u00a0Mimochodem, akt\u00e9\u0159i ze s\u00edt\u011b se objevuj\u00ed u humanit\u00e1rn\u00edch konvoj\u016f v Gaze (\u201eM\u00edle \u00fasm\u011bv\u016f\u201c) a vesele p\u00f3zuj\u00ed na ve\u0159ejnosti s p\u0159edstaviteli teroristick\u00e9 organizace Ham\u00e1s.<\/span><\/li>\n<\/ul>\n<p><span dir=\"auto\">Pro Rakousko je tato zpr\u00e1va velk\u00fdm varov\u00e1n\u00edm. Alpsk\u00e1 republika je v\u00fdslovn\u011b ozna\u010dena jako oblast p\u016fsobnosti s \u201eobzvl\u00e1\u0161t\u011b aktivn\u00edmi strukturami\u201c. Palestinsk\u00e9 sdru\u017een\u00ed s vazbami na Rakousko se objevuje p\u0159\u00edmo v datab\u00e1z\u00edch s\u00edt\u011b vy\u0161et\u0159ovatel\u016f. Ji\u017e v roce 2021 varovala zpr\u00e1va dom\u00e1c\u00ed vl\u00e1dy, \u017ee a\u010dkoli jsou tyto aktivity form\u00e1ln\u011b leg\u00e1ln\u00ed, masivn\u011b odporuj\u00ed na\u0161im z\u00e1kladn\u00edm demokratick\u00fdm hodnot\u00e1m. Od t\u00e9 doby se ud\u011blalo p\u0159\u00edli\u0161 m\u00e1lo.<\/span><\/p>\n<p><img decoding=\"async\" loading=\"lazy\" class=\"alignnone size-full wp-image-1185\" src=\"http:\/\/www.infokuryr.cz\/n\/wp-content\/uploads\/2021\/04\/kuryr-podpis.png\" alt=\"\" width=\"84\" height=\"24\" \/><\/p>\n<p>&nbsp;<\/p>\n","protected":false},"excerpt":{"rendered":"<p>Muslimsk\u00e9 bratrstvo tajn\u011b infiltruje Evropu, uv\u00e1d\u00ed zpr\u00e1va z Izraele. Islamisty uch\u00e1zej\u00ed naivn\u00ed politici, kte\u0159\u00ed si&#8230;<\/p>\n","protected":false},"author":2,"featured_media":100623,"comment_status":"closed","ping_status":"closed","sticky":false,"template":"","format":"standard","meta":[],"categories":[7],"tags":[283,1405,107,1402,724],"_links":{"self":[{"href":"https:\/\/www.infokuryr.cz\/n\/wp-json\/wp\/v2\/posts\/100622"}],"collection":[{"href":"https:\/\/www.infokuryr.cz\/n\/wp-json\/wp\/v2\/posts"}],"about":[{"href":"https:\/\/www.infokuryr.cz\/n\/wp-json\/wp\/v2\/types\/post"}],"author":[{"embeddable":true,"href":"https:\/\/www.infokuryr.cz\/n\/wp-json\/wp\/v2\/users\/2"}],"replies":[{"embeddable":true,"href":"https:\/\/www.infokuryr.cz\/n\/wp-json\/wp\/v2\/comments?post=100622"}],"version-history":[{"count":0,"href":"https:\/\/www.infokuryr.cz\/n\/wp-json\/wp\/v2\/posts\/100622\/revisions"}],"wp:featuredmedia":[{"embeddable":true,"href":"https:\/\/www.infokuryr.cz\/n\/wp-json\/wp\/v2\/media\/100623"}],"wp:attachment":[{"href":"https:\/\/www.infokuryr.cz\/n\/wp-json\/wp\/v2\/media?parent=100622"}],"wp:term":[{"taxonomy":"category","embeddable":true,"href":"https:\/\/www.infokuryr.cz\/n\/wp-json\/wp\/v2\/categories?post=100622"},{"taxonomy":"post_tag","embeddable":true,"href":"https:\/\/www.infokuryr.cz\/n\/wp-json\/wp\/v2\/tags?post=100622"}],"curies":[{"name":"wp","href":"https:\/\/api.w.org\/{rel}","templated":true}]}}