{"id":100619,"date":"2026-03-01T00:24:08","date_gmt":"2026-02-28T23:24:08","guid":{"rendered":"https:\/\/www.infokuryr.cz\/n\/?p=100619"},"modified":"2026-02-28T13:11:10","modified_gmt":"2026-02-28T12:11:10","slug":"spanelsko-africky-znasilnovatel-26-ctrnactilete-divky-vyvazl-bez-trestu-a-dostal-verejne-prospesne-prace","status":"publish","type":"post","link":"https:\/\/www.infokuryr.cz\/n\/2026\/03\/01\/spanelsko-africky-znasilnovatel-26-ctrnactilete-divky-vyvazl-bez-trestu-a-dostal-verejne-prospesne-prace\/","title":{"rendered":"\u0160pan\u011blsko: Africk\u00fd zn\u00e1sil\u0148ovatel (26) \u010dtrn\u00e1ctilet\u00e9 d\u00edvky vyv\u00e1zl bez trestu a dostal ve\u0159ejn\u011b prosp\u011b\u0161n\u00e9 pr\u00e1ce"},"content":{"rendered":"<div id=\"fb-root\"><\/div>\n<p><strong><span dir=\"auto\">\u0160pan\u011blsk\u00fd syst\u00e9m soudnictv\u00ed je pod palbou kritiky. \u0160estadvacetilet\u00fd Senegalec, kter\u00fd opakovan\u011b zn\u00e1sil\u0148oval \u010dtrn\u00e1ctiletou d\u00edvku, nep\u016fjde do v\u011bzen\u00ed. Trest za zni\u010den\u00ed \u017eivota d\u00edt\u011bte? Trocha ve\u0159ejn\u011b prosp\u011b\u0161n\u00fdch prac\u00ed a pokuta. A to je jen \u0161pi\u010dka ledovce v zemi, kterou v sou\u010dasn\u00e9 dob\u011b zasahuje vlna kriminality p\u00e1chan\u00e9 cizinci.<\/span><\/strong><\/p>\n<p><a href=\"https:\/\/okdiario.com\/baleares\/pacto-verguenza-joven-senegales-que-violo-nina-piso-palma-no-entrara-prision-16305948\"><span dir=\"auto\">K ot\u0159esn\u00e9mu zlo\u010dinu<\/span><\/a><span dir=\"auto\"> do\u0161lo na Mallorce. V \u00fanoru 2020 pachatel nal\u00e1kal tehdy \u010dtrn\u00e1ctiletou \u0161kola\u010dku do sv\u00e9ho bytu v \u010dtvrti Son Gotleu v Palm\u011b p\u0159es Instagram. Kdy\u017e se d\u00edvka odm\u00edtla svl\u00e9knout, opakovan\u011b ji sexu\u00e1ln\u011b napadl \u2013 s pln\u00fdm v\u011bdom\u00edm, \u017ee je st\u00e1le d\u00edt\u011b. U soudu p\u0159i\u0161lo \u0161okuj\u00edc\u00ed dozn\u00e1n\u00ed a dohoda s ob\u017ealobou: \u017e\u00e1dn\u00fd trest odn\u011bt\u00ed svobody! M\u00edsto p\u016fvodn\u011b po\u017eadovan\u00fdch dev\u00edti let v\u011bzen\u00ed pachatel vyv\u00e1zl s 60 dny ve\u0159ejn\u011b prosp\u011b\u0161n\u00fdch prac\u00ed a od\u0161kodn\u011bn\u00edm 7 500 eur. Jedinou podm\u00ednkou shov\u00edvav\u00e9ho \u0161pan\u011blsk\u00e9ho syst\u00e9mu justice bylo, \u017ee se nesm\u00ed po dobu t\u0159\u00ed let dopustit \u017e\u00e1dn\u00fdch dal\u0161\u00edch trestn\u00fdch \u010din\u016f. To je pro ob\u011b\u0165 prost\u011b facka.<\/span><\/p>\n<p><span dir=\"auto\">Zat\u00edmco se ob\u010dan\u00e9 ob\u00e1vaj\u00ed o svou bezpe\u010dnost, socialistick\u00e1 vl\u00e1da v Madridu pl\u00e1nuje\u00a0<\/span><a href=\"https:\/\/report24.news\/legalisierung-illegaler-spanien-wird-zur-gefahr-fuer-die-gesamte-eu\/\"><span dir=\"auto\">hromadnou amnestii pro neleg\u00e1ln\u00ed migranty<\/span><\/a><span dir=\"auto\">\u00a0. Ofici\u00e1ln\u011b vl\u00e1da hovo\u0159\u00ed o 500 000 lidech, kte\u0159\u00ed maj\u00ed b\u00fdt legalizov\u00e1ni. Unikl\u00fd dokument o anal\u00fdze rizik od n\u00e1rodn\u00ed policie v\u0161ak odhaluje celou pravdu: A\u017e 1,35 milionu neleg\u00e1ln\u00edch migrant\u016f \u2013 v\u010detn\u011b stovek tis\u00edc odm\u00edtnut\u00fdch \u017eadatel\u016f o azyl \u2013 by brzy mohlo dostat dokumenty. Realita ve \u0161pan\u011blsk\u00fdch ulic\u00edch je mezit\u00edm ponur\u00e1. Seznam hr\u016fzn\u00fdch zlo\u010din\u016f sp\u00e1chan\u00fdch migranty se ka\u017ed\u00fdm dnem prodlu\u017euje.<\/span><\/p>\n<ul>\n<li><span dir=\"auto\">Madrid: Dvaadvacetilet\u00fd Kolumbijec \u2013 neleg\u00e1ln\u011b se nach\u00e1zej\u00edc\u00ed v zemi a ji\u017e zn\u00e1m\u00fd policii \u2013 zn\u00e1silnil, zbil a okradl mladou \u017eenu (20) v parku uprost\u0159ed hlavn\u00edho m\u011bsta.<\/span><\/li>\n<li><span dir=\"auto\">Valencie: Al\u017e\u00ed\u0159an (39) poru\u0161\u00ed soudn\u00ed z\u00e1kaz styku a chladnokrevn\u011b pod\u0159\u00edzne hrdlo sv\u00e9 \u017een\u011b a jejich dvan\u00e1ctilet\u00e9mu d\u00edt\u011bti.<\/span><\/li>\n<li><span dir=\"auto\">Barcelona: \u010cty\u0159iadvacetilet\u00fd Maro\u010dan ubil k smrti svou partnerku a v\u00e1\u017en\u011b zranil jej\u00ed matku. Byl ji\u017e d\u0159\u00edve hled\u00e1n na z\u00e1klad\u011b zatyka\u010de pro pokus o dvojn\u00e1sobnou vra\u017edu.<\/span><\/li>\n<li><span dir=\"auto\">Bilbao: Sedmadvacetilet\u00fd Maro\u010dan byl zat\u010den za \u00fadajn\u00e9 zn\u00e1siln\u011bn\u00ed a u\u0161krcen\u00ed 54let\u00e9 \u017eeny v jej\u00edm byt\u011b. Pot\u00e9 se na m\u00edsto \u010dinu vr\u00e1til, zd\u00e1nliv\u011b neovlivn\u011bn\u00fd, aby si vyzvedl sv\u016fj mobiln\u00ed telefon, a pozd\u011bji bezosty\u0161n\u011b nahl\u00e1sil ztr\u00e1tu pen\u011b\u017eenky.<\/span><\/li>\n<\/ul>\n<p><span dir=\"auto\">Konzervativn\u00ed strana VOX bije na poplach. \u201eKolumbijec bez doklad\u016f a s trestn\u00edm rejst\u0159\u00edkem. A tak klidn\u011b se proch\u00e1z\u00ed Madridem a zn\u00e1sil\u0148uje \u0160pan\u011blky,\u201c zu\u0159\u00ed mluv\u010d\u00ed VOX Isabel P\u00e9rez Mo\u00f1ino kv\u016fli p\u0159\u00edpadu v hlavn\u00edm m\u011bst\u011b. \u201eOtev\u0159en\u00e9 hranice prom\u011bnily na\u0161e ulice v r\u00e1j pro zlo\u010dince z cel\u00e9ho sv\u011bta, kde maj\u00ed pocit, \u017ee mohou jednat beztrestn\u011b.\u201c P\u0159edseda strany Santiago Abascal pl\u00e1novanou vlnu legalizac\u00ed jednodu\u0161e naz\u00fdv\u00e1: \u201eZlo\u010dinem proti \u0160pan\u011bl\u016fm.\u201c<\/span><\/p>\n<figure class=\"wp-block-embed is-type-rich is-provider-twitter wp-block-embed-twitter\">\n<div class=\"wp-block-embed__wrapper\">\n<div class=\"twitter-tweet twitter-tweet-rendered\"><iframe id=\"twitter-widget-0\" class=\"\" title=\"X P\u0159\u00edsp\u011bvek\" src=\"https:\/\/platform.twitter.com\/embed\/Tweet.html?dnt=true&amp;embedId=twitter-widget-0&amp;features=eyJ0ZndfdGltZWxpbmVfbGlzdCI6eyJidWNrZXQiOltdLCJ2ZXJzaW9uIjpudWxsfSwidGZ3X2ZvbGxvd2VyX2NvdW50X3N1bnNldCI6eyJidWNrZXQiOnRydWUsInZlcnNpb24iOm51bGx9LCJ0ZndfdHdlZXRfZWRpdF9iYWNrZW5kIjp7ImJ1Y2tldCI6Im9uIiwidmVyc2lvbiI6bnVsbH0sInRmd19yZWZzcmNfc2Vzc2lvbiI6eyJidWNrZXQiOiJvbiIsInZlcnNpb24iOm51bGx9LCJ0ZndfZm9zbnJfc29mdF9pbnRlcnZlbnRpb25zX2VuYWJsZWQiOnsiYnVja2V0Ijoib24iLCJ2ZXJzaW9uIjpudWxsfSwidGZ3X21peGVkX21lZGlhXzE1ODk3Ijp7ImJ1Y2tldCI6InRyZWF0bWVudCIsInZlcnNpb24iOm51bGx9LCJ0ZndfZXhwZXJpbWVudHNfY29va2llX2V4cGlyYXRpb24iOnsiYnVja2V0IjoxMjA5NjAwLCJ2ZXJzaW9uIjpudWxsfSwidGZ3X3Nob3dfYmlyZHdhdGNoX3Bpdm90c19lbmFibGVkIjp7ImJ1Y2tldCI6Im9uIiwidmVyc2lvbiI6bnVsbH0sInRmd19kdXBsaWNhdGVfc2NyaWJlc190b19zZXR0aW5ncyI6eyJidWNrZXQiOiJvbiIsInZlcnNpb24iOm51bGx9LCJ0ZndfdXNlX3Byb2ZpbGVfaW1hZ2Vfc2hhcGVfZW5hYmxlZCI6eyJidWNrZXQiOiJvbiIsInZlcnNpb24iOm51bGx9LCJ0ZndfdmlkZW9faGxzX2R5bmFtaWNfbWFuaWZlc3RzXzE1MDgyIjp7ImJ1Y2tldCI6InRydWVfYml0cmF0ZSIsInZlcnNpb24iOm51bGx9LCJ0ZndfbGVnYWN5X3RpbWVsaW5lX3N1bnNldCI6eyJidWNrZXQiOnRydWUsInZlcnNpb24iOm51bGx9LCJ0ZndfdHdlZXRfZWRpdF9mcm9udGVuZCI6eyJidWNrZXQiOiJvbiIsInZlcnNpb24iOm51bGx9fQ%3D%3D&amp;frame=false&amp;hideCard=false&amp;hideThread=false&amp;id=2026974776602902592&amp;lang=cs&amp;origin=https%3A%2F%2Freport24.news%2Fspanien-afrikanischer-vergewaltiger-26-von-14-jaehriger-kommt-mit-sozialstunden-davon%2F&amp;sessionId=6a3fadc42d3dc761bfcc8cdadb1ec0f1374ba485&amp;theme=light&amp;widgetsVersion=2615f7e52b7e0%3A1702314776716&amp;width=550px\" frameborder=\"0\" scrolling=\"no\" allowfullscreen=\"allowfullscreen\" data-tweet-id=\"2026974776602902592\" data-mce-fragment=\"1\"><\/iframe><\/div>\n<\/div>\n<\/figure>\n<p><span dir=\"auto\">Nezpracovan\u00e9 policejn\u00ed statistiky kritiky ospravedl\u0148uj\u00ed. Intern\u00ed zpr\u00e1va region\u00e1ln\u00ed policie v Navar\u0159e odhaluje pln\u00fd rozsah probl\u00e9mu: 73,3 procenta vra\u017ed a pokus\u016f o vra\u017edu, stejn\u011b jako t\u00e9m\u011b\u0159 63 procent sexu\u00e1ln\u00edch trestn\u00fdch \u010din\u016f, sp\u00e1chaj\u00ed cizinci \u2013 p\u0159esto\u017ee tvo\u0159\u00ed pouze 13,2 procenta populace. Podobn\u00fd obr\u00e1zek se objevuje i v Baskicku: 64 procent v\u0161ech zat\u010den\u00fdch letos tvo\u0159\u00ed migranti (p\u0159esto\u017ee p\u0159edstavuj\u00ed 14,1 procenta populace).<\/span><\/p>\n<p><img decoding=\"async\" loading=\"lazy\" class=\"alignnone size-full wp-image-1185\" src=\"http:\/\/www.infokuryr.cz\/n\/wp-content\/uploads\/2021\/04\/kuryr-podpis.png\" alt=\"\" width=\"84\" height=\"24\" \/><\/p>\n<p>&nbsp;<\/p>\n","protected":false},"excerpt":{"rendered":"<p>\u0160pan\u011blsk\u00fd syst\u00e9m soudnictv\u00ed je pod palbou kritiky. \u0160estadvacetilet\u00fd Senegalec, kter\u00fd opakovan\u011b zn\u00e1sil\u0148oval \u010dtrn\u00e1ctiletou d\u00edvku, nep\u016fjde&#8230;<\/p>\n","protected":false},"author":2,"featured_media":100620,"comment_status":"closed","ping_status":"closed","sticky":false,"template":"","format":"standard","meta":[],"categories":[7],"tags":[3463,520,324,440],"_links":{"self":[{"href":"https:\/\/www.infokuryr.cz\/n\/wp-json\/wp\/v2\/posts\/100619"}],"collection":[{"href":"https:\/\/www.infokuryr.cz\/n\/wp-json\/wp\/v2\/posts"}],"about":[{"href":"https:\/\/www.infokuryr.cz\/n\/wp-json\/wp\/v2\/types\/post"}],"author":[{"embeddable":true,"href":"https:\/\/www.infokuryr.cz\/n\/wp-json\/wp\/v2\/users\/2"}],"replies":[{"embeddable":true,"href":"https:\/\/www.infokuryr.cz\/n\/wp-json\/wp\/v2\/comments?post=100619"}],"version-history":[{"count":1,"href":"https:\/\/www.infokuryr.cz\/n\/wp-json\/wp\/v2\/posts\/100619\/revisions"}],"predecessor-version":[{"id":100621,"href":"https:\/\/www.infokuryr.cz\/n\/wp-json\/wp\/v2\/posts\/100619\/revisions\/100621"}],"wp:featuredmedia":[{"embeddable":true,"href":"https:\/\/www.infokuryr.cz\/n\/wp-json\/wp\/v2\/media\/100620"}],"wp:attachment":[{"href":"https:\/\/www.infokuryr.cz\/n\/wp-json\/wp\/v2\/media?parent=100619"}],"wp:term":[{"taxonomy":"category","embeddable":true,"href":"https:\/\/www.infokuryr.cz\/n\/wp-json\/wp\/v2\/categories?post=100619"},{"taxonomy":"post_tag","embeddable":true,"href":"https:\/\/www.infokuryr.cz\/n\/wp-json\/wp\/v2\/tags?post=100619"}],"curies":[{"name":"wp","href":"https:\/\/api.w.org\/{rel}","templated":true}]}}