{"id":100609,"date":"2026-03-01T00:19:05","date_gmt":"2026-02-28T23:19:05","guid":{"rendered":"https:\/\/www.infokuryr.cz\/n\/?p=100609"},"modified":"2026-02-28T12:52:32","modified_gmt":"2026-02-28T11:52:32","slug":"rakousko-vymira-porodnost-klesa-na-historicke-minimum","status":"publish","type":"post","link":"https:\/\/www.infokuryr.cz\/n\/2026\/03\/01\/rakousko-vymira-porodnost-klesa-na-historicke-minimum\/","title":{"rendered":"Rakousko vym\u00edr\u00e1! Porodnost kles\u00e1 na historick\u00e9 minimum"},"content":{"rendered":"<div id=\"fb-root\"><\/div>\n<p><strong><span dir=\"auto\">Je to demografick\u00e1 trag\u00e9die. Nejnov\u011bj\u0161\u00ed \u00fadaje Rakousk\u00e9ho statistick\u00e9ho \u00fa\u0159adu ukazuj\u00ed, \u017ee Raku\u0161an\u00e9 maj\u00ed st\u00e1le m\u00e9n\u011b d\u011bt\u00ed. Porodnost nyn\u00ed klesla na katastrof\u00e1ln\u00ed, historick\u00e9 minimum. Vym\u00edr\u00e1 Rakousko?<\/span><\/strong><\/p>\n<p><a href=\"https:\/\/www.statistik.at\/fileadmin\/announcement\/2026\/02\/20260225Geburtenbilanz2025.pdf\"><span dir=\"auto\">Tato drtiv\u00e1 \u010d\u00edsla<\/span><\/a><span dir=\"auto\"> jsou demografick\u00fdm varov\u00e1n\u00edm: pouze 1,29 d\u00edt\u011bte na \u017eenu! Bezprecedentn\u00ed propad, dramaticky podkop\u00e1vaj\u00edc\u00ed p\u0159edchoz\u00ed minimum z roku 2024 (1,31). V roce 2025 se \u017eiv\u011b narodilo pouh\u00fdch 75 718 d\u011bt\u00ed \u2013 co\u017e je dal\u0161\u00ed pokles o 2,0 procenta ve srovn\u00e1n\u00ed s ji\u017e tak slab\u00fdm p\u0159edchoz\u00edm rokem.<\/span><\/p>\n<p><span dir=\"auto\">Z\u00e1rove\u0148 zem\u0159elo 86 766 lid\u00ed. Ho\u0159kou pravdou, kterou tato m\u00edra porodnosti odhalila, je, \u017ee Rakousko nyn\u00ed pot\u0159ebuje v\u00fdrazn\u011b v\u00edce rakv\u00ed ne\u017e ko\u010d\u00e1rk\u016f. P\u0159esn\u011b o 11 048 lid\u00ed v\u00edce zem\u0159elo, ne\u017e se jich narodilo. Alpsk\u00e1 republika zaznamenala ji\u017e \u0161est\u00fd rok po sob\u011b negativn\u00ed porodnost! Obzvl\u00e1\u0161t\u011b zaj\u00edmav\u00fdm detailem, o kter\u00e9m t\u00e9m\u011b\u0159 mimochodem zm\u00ednila gener\u00e1ln\u00ed \u0159editelka statistiky Manuela Lenk, je, \u017ee po\u010det novorozenc\u016f byl naposledy takto n\u00edzk\u00fd v roce 2001. Ale: Tehdy m\u011blo Rakousko o v\u00edce ne\u017e milion obyvatel m\u00e9n\u011b!<\/span><\/p>\n<p><span dir=\"auto\">Jednodu\u0161e \u0159e\u010deno to znamen\u00e1, \u017ee a\u010dkoli celkov\u00e1 populace v posledn\u00edch dvou desetilet\u00edch rychle rostla (v neposledn\u00ed \u0159ad\u011b kv\u016fli masivn\u00ed imigraci), porodnost prudce kles\u00e1. V zemi je st\u00e1le v\u00edce lid\u00ed, ale st\u00e1le m\u00e9n\u011b d\u011bt\u00ed \u2013 alarmuj\u00edc\u00ed trend. Plat\u00ed to zejm\u00e9na proto, \u017ee porodnost kles\u00e1 prud\u010deji u d\u011bt\u00ed bez migra\u010dn\u00edho p\u016fvodu ne\u017e u t\u011bch s migra\u010dn\u00edm p\u016fvodem.<\/span><\/p>\n<p><span dir=\"auto\">Pohled na region\u00e1ln\u00ed data odhaluje hlubokou demografickou propast, kterou se zem\u011b stala. St\u00e1le v\u00edce spolkov\u00fdch zem\u00ed za\u017e\u00edv\u00e1 prudk\u00fd pokles populace: V Burgenlandu se porodnost propadla o \u0161okuj\u00edc\u00edch 5,4 procenta, ve Vorarlbersku o 4,2 procenta, n\u00e1sledovalo Horn\u00ed Rakousko (-3,4 procenta), Tyrolsko a \u0160t\u00fdrsko (v obou spolkov\u00fdch zem\u00edch -3,0 procenta). Bilance narozen\u00fdch a \u00famrtn\u00fdch je ve velk\u00fdch \u010d\u00e1stech zem\u011b katastrof\u00e1ln\u00ed. Doln\u00ed Rakousko zaznamenalo masivn\u00ed \u00fabytek 5 354 osob, \u0160t\u00fdrsko se zmen\u0161ilo o 3 781 a Korutany o 2 249.<\/span><\/p>\n<p><span dir=\"auto\">Existuje v\u0161ak jedna pozoruhodn\u00e1 v\u00fdjimka: V\u00edde\u0148. V hlavn\u00edm m\u011bst\u011b, regionu siln\u011b ovlivn\u011bn\u00e9m migrac\u00ed, doch\u00e1z\u00ed k v\u00fdrazn\u00e9mu n\u00e1r\u016fstu o 2 950 narozen\u00fdch d\u011bt\u00ed. Pouze Vorarlbersko (+240) a Salcbursko (+31), rovn\u011b\u017e siln\u011b ovlivn\u011bn\u00e9 migrac\u00ed, se po V\u00eddni da\u0159\u00ed udr\u017eet se jen t\u011bsn\u011b v kladn\u00e9m teritoriu. Zat\u00edmco pr\u016fm\u011brn\u00e1 d\u00e9lka \u017eivota nad\u00e1le roste \u2013 mu\u017ei se nyn\u00ed do\u017e\u00edvaj\u00ed pr\u016fm\u011bru 80,2 let a \u017eeny dokonce 84,6 let \u2013 z\u00e1klady spole\u010dnosti se hrout\u00ed. Kojeneck\u00e1 \u00famrtnost je na\u0161t\u011bst\u00ed n\u00edzk\u00e1, 3,1 promile (235 p\u0159\u00edpad\u016f), ale to na celkov\u00e9m obrazu nic nem\u011bn\u00ed.<\/span><\/p>\n<p><span dir=\"auto\">Co ale lze o\u010dek\u00e1vat od populace, kdy\u017e \u017eivotn\u00ed n\u00e1klady neust\u00e1le rostou, bydlen\u00ed je prakticky nedostupn\u00e9 a d\u011bti jsou vn\u00edm\u00e1ny sp\u00ed\u0161e jako p\u0159\u00edt\u011b\u017e ne\u017e jako majetek? K tomu se p\u0159id\u00e1v\u00e1 finan\u010dn\u00ed z\u00e1t\u011b\u017e, zejm\u00e9na pro otce, kte\u0159\u00ed jsou po rozchodu \u010dasto odsunuti na roli \u017eivitel\u016f rodiny a jejich\u017e p\u0159\u00edjem \u2013 zejm\u00e9na s n\u011bkolika d\u011btmi \u2013 je \u010dasto zabavov\u00e1n a\u017e na \u00farove\u0148 \u017eivotn\u00edho minima. A samoz\u0159ejm\u011b existuj\u00ed i \u200b\u200b\u017eeny v kari\u00e9\u0159e, kter\u00e9 d\u011bti v\u016fbec necht\u011bj\u00ed, a dal\u0161\u00ed spole\u010densk\u00e9 faktory, kter\u00e9 hraj\u00ed roli.<\/span><\/p>\n<p><img decoding=\"async\" loading=\"lazy\" class=\"alignnone size-full wp-image-1185\" src=\"http:\/\/www.infokuryr.cz\/n\/wp-content\/uploads\/2021\/04\/kuryr-podpis.png\" alt=\"\" width=\"84\" height=\"24\" \/><\/p>\n<p>&nbsp;<\/p>\n","protected":false},"excerpt":{"rendered":"<p>Je to demografick\u00e1 trag\u00e9die. Nejnov\u011bj\u0161\u00ed \u00fadaje Rakousk\u00e9ho statistick\u00e9ho \u00fa\u0159adu ukazuj\u00ed, \u017ee Raku\u0161an\u00e9 maj\u00ed st\u00e1le m\u00e9n\u011b&#8230;<\/p>\n","protected":false},"author":2,"featured_media":100610,"comment_status":"closed","ping_status":"closed","sticky":false,"template":"","format":"standard","meta":[],"categories":[7],"tags":[2728,120,1435],"_links":{"self":[{"href":"https:\/\/www.infokuryr.cz\/n\/wp-json\/wp\/v2\/posts\/100609"}],"collection":[{"href":"https:\/\/www.infokuryr.cz\/n\/wp-json\/wp\/v2\/posts"}],"about":[{"href":"https:\/\/www.infokuryr.cz\/n\/wp-json\/wp\/v2\/types\/post"}],"author":[{"embeddable":true,"href":"https:\/\/www.infokuryr.cz\/n\/wp-json\/wp\/v2\/users\/2"}],"replies":[{"embeddable":true,"href":"https:\/\/www.infokuryr.cz\/n\/wp-json\/wp\/v2\/comments?post=100609"}],"version-history":[{"count":0,"href":"https:\/\/www.infokuryr.cz\/n\/wp-json\/wp\/v2\/posts\/100609\/revisions"}],"wp:featuredmedia":[{"embeddable":true,"href":"https:\/\/www.infokuryr.cz\/n\/wp-json\/wp\/v2\/media\/100610"}],"wp:attachment":[{"href":"https:\/\/www.infokuryr.cz\/n\/wp-json\/wp\/v2\/media?parent=100609"}],"wp:term":[{"taxonomy":"category","embeddable":true,"href":"https:\/\/www.infokuryr.cz\/n\/wp-json\/wp\/v2\/categories?post=100609"},{"taxonomy":"post_tag","embeddable":true,"href":"https:\/\/www.infokuryr.cz\/n\/wp-json\/wp\/v2\/tags?post=100609"}],"curies":[{"name":"wp","href":"https:\/\/api.w.org\/{rel}","templated":true}]}}