{"id":10060,"date":"2022-04-29T01:46:04","date_gmt":"2022-04-28T23:46:04","guid":{"rendered":"http:\/\/www.infokuryr.cz\/n\/?p=10060"},"modified":"2022-04-28T17:49:54","modified_gmt":"2022-04-28T15:49:54","slug":"stoltenberg-vojenska-pomoc-nato-ukrajine-presahla-8-miliard-dolaru","status":"publish","type":"post","link":"https:\/\/www.infokuryr.cz\/n\/2022\/04\/29\/stoltenberg-vojenska-pomoc-nato-ukrajine-presahla-8-miliard-dolaru\/","title":{"rendered":"Stoltenberg: Vojensk\u00e1 pomoc NATO Ukrajin\u011b p\u0159es\u00e1hla 8 miliard dolar\u016f"},"content":{"rendered":"<div id=\"fb-root\"><\/div>\n<div class=\"article-intro\"><span>Gener\u00e1ln\u00ed tajemn\u00edk NATO Jens Stolteberg ve \u010dtvrtek uvedl, \u017ee zem\u011b aliance poskytly nebo sl\u00edbily poskytnout Ukrajin\u011b vojenskou pomoc v celkov\u00e9 v\u00fd\u0161i 8 miliard dolar\u016f, uv\u00e1d\u00ed Bloomberg.\u00a0\u00da\u0159edn\u00edk tak\u00e9 kritizoval Moskvu za snahu \u201ezastra\u0161it\u201c Finsko a \u0160v\u00e9dsko a p\u0159inutit je odm\u00edtnout vstup do NATO \u2013 a zd\u016fraznil, \u017ee aliance stoj\u00ed za z\u00e1kladn\u00edm pr\u00e1vem zem\u00ed zvolit si \u201evlastn\u00ed cestu\u201c.<\/span><\/div>\n<div class=\"article-body\">\n<p><strong><span>JENS STOLTENBERG, gener\u00e1ln\u00ed tajemn\u00edk NATO:\u00a0<\/span><\/strong><em><span>Evropsk\u00e1 unie uvalila bezprecedentn\u00ed sankce (<\/span><\/em><span>\u00a0na Rusko.\u00a0<\/span><em><span>&#8211; InoTV) a poskytuje Ukrajin\u011b ekonomickou podporu.\u00a0Pomoc t\u00e9to zemi aktivn\u011b poskytuj\u00ed i \u200b\u200bzem\u011b NATO.\u00a0\u010clenov\u00e9 aliance dosud poskytli nebo se zav\u00e1zali poskytnout Ukrajin\u011b vojenskou pomoc v celkov\u00e9 v\u00fd\u0161i nejm\u00e9n\u011b 8 miliard dolar\u016f.\u00a0A ch\u00e1peme d\u016fle\u017eitost dal\u0161\u00edho budov\u00e1n\u00ed podpory pro Ukrajinu.\u00a0<\/span><\/em><em><br \/>\n<\/em><br \/>\n<em><span>Pokud jde o ot\u00e1zku ohledn\u011b Finska a \u0160v\u00e9dska, dnes budeme vlastn\u011b komunikovat s finsk\u00fdm prezidentem.\u00a0O\u010dek\u00e1v\u00e1m, \u017ee se oba dotkneme mo\u017en\u00e9ho dokon\u010den\u00ed procesu \u017e\u00e1dosti o \u010dlenstv\u00ed v NATO, stejn\u011b jako pot\u0159eby prov\u00e9st p\u0159\u00edpravn\u00e9 pr\u00e1ce na \u201ep\u0159echodn\u00e9 obdob\u00ed\u201c, aby neexistovala \u017e\u00e1dn\u00e1 nejistota ohledn\u011b pr\u00e1va Finska a \u0160v\u00e9dska zvolit si vlastn\u00ed cesta.\u00a0Na z\u00e1kladn\u00ed \u00farovni skute\u010dn\u011b mluv\u00edme o tom, \u017ee ka\u017ed\u00e1 evropsk\u00e1 zem\u011b m\u00e1 pr\u00e1vo samostatn\u011b ur\u010dovat svou budoucnost.\u00a0Tak\u017ee kdy\u017e se Rusko sna\u017e\u00ed tak\u0159\u00edkaj\u00edc pohrozit Finsku a \u0160v\u00e9dsku, zastra\u0161it je, aby nepod\u00e1valy p\u0159ihl\u00e1\u0161ky, jen t\u00edm ukazuje, \u017ee Moskva nerespektuje z\u00e1kladn\u00ed pr\u00e1vo ka\u017ed\u00e9 zem\u011b zvolit si vlastn\u00ed cestu.\u00a0Tak\u017ee vedeme dialog s Finskem a \u0160v\u00e9dskem, ale oni se rozhodnou sami.\u00a0<\/span><\/em><\/p>\n<p><span>Datum vys\u00edl\u00e1n\u00ed 28. dubna 2022.\u00a0<span id=\"span-copy\"><\/p>\n<p><img decoding=\"async\" loading=\"lazy\" class=\"alignnone size-full wp-image-1185\" src=\"http:\/\/www.infokuryr.cz\/n\/wp-content\/uploads\/2021\/04\/kuryr-podpis.png\" alt=\"\" width=\"84\" height=\"24\" \/><br \/>\n<\/span><\/span><\/p>\n<p>&nbsp;<\/p>\n<\/div>\n","protected":false},"excerpt":{"rendered":"<p>Gener\u00e1ln\u00ed tajemn\u00edk NATO Jens Stolteberg ve \u010dtvrtek uvedl, \u017ee zem\u011b aliance poskytly nebo sl\u00edbily poskytnout&#8230;<\/p>\n","protected":false},"author":2,"featured_media":9100,"comment_status":"closed","ping_status":"closed","sticky":false,"template":"","format":"standard","meta":[],"categories":[7],"tags":[604,675,39,1242,124],"_links":{"self":[{"href":"https:\/\/www.infokuryr.cz\/n\/wp-json\/wp\/v2\/posts\/10060"}],"collection":[{"href":"https:\/\/www.infokuryr.cz\/n\/wp-json\/wp\/v2\/posts"}],"about":[{"href":"https:\/\/www.infokuryr.cz\/n\/wp-json\/wp\/v2\/types\/post"}],"author":[{"embeddable":true,"href":"https:\/\/www.infokuryr.cz\/n\/wp-json\/wp\/v2\/users\/2"}],"replies":[{"embeddable":true,"href":"https:\/\/www.infokuryr.cz\/n\/wp-json\/wp\/v2\/comments?post=10060"}],"version-history":[{"count":0,"href":"https:\/\/www.infokuryr.cz\/n\/wp-json\/wp\/v2\/posts\/10060\/revisions"}],"wp:featuredmedia":[{"embeddable":true,"href":"https:\/\/www.infokuryr.cz\/n\/wp-json\/wp\/v2\/media\/9100"}],"wp:attachment":[{"href":"https:\/\/www.infokuryr.cz\/n\/wp-json\/wp\/v2\/media?parent=10060"}],"wp:term":[{"taxonomy":"category","embeddable":true,"href":"https:\/\/www.infokuryr.cz\/n\/wp-json\/wp\/v2\/categories?post=10060"},{"taxonomy":"post_tag","embeddable":true,"href":"https:\/\/www.infokuryr.cz\/n\/wp-json\/wp\/v2\/tags?post=10060"}],"curies":[{"name":"wp","href":"https:\/\/api.w.org\/{rel}","templated":true}]}}