{"id":100599,"date":"2026-03-01T00:14:32","date_gmt":"2026-02-28T23:14:32","guid":{"rendered":"https:\/\/www.infokuryr.cz\/n\/?p=100599"},"modified":"2026-02-28T12:33:40","modified_gmt":"2026-02-28T11:33:40","slug":"izrael-zahajil-preventivni-uder-na-iran-ktery-zpusobil-vybuchy-v-teheranu","status":"publish","type":"post","link":"https:\/\/www.infokuryr.cz\/n\/2026\/03\/01\/izrael-zahajil-preventivni-uder-na-iran-ktery-zpusobil-vybuchy-v-teheranu\/","title":{"rendered":"Izrael zah\u00e1jil \u201epreventivn\u00ed \u00fader\u201c na \u00cdr\u00e1n, kter\u00fd zp\u016fsobil v\u00fdbuchy v Teher\u00e1nu"},"content":{"rendered":"<div id=\"fb-root\"><\/div>\n<div class=\"news-text-body\">\n<p class=\"lead\"><strong><span dir=\"auto\">Izrael zah\u00e1jil \u201epreventivn\u00ed \u00fader\u201c na \u00cdr\u00e1n, potvrdil izraelsk\u00fd ministr obrany Israel Katz. Vyhl\u00e1sil \u201eokam\u017eit\u00fd stav nouze v cel\u00e9 zemi\u201c.<\/span><\/strong><\/p>\n<p><span dir=\"auto\">Podle p\u0159edb\u011b\u017en\u00fdch zpr\u00e1v ot\u0159\u00e1sly centrem Teher\u00e1nu t\u0159i exploze. N\u011bkolik raket zas\u00e1hlo Univerzitn\u00ed ulici a \u010dtvr\u0165 D\u017eomh\u00far\u00ed.<\/span><\/p>\n<p><span dir=\"auto\">Zpr\u00e1vy ze zem\u011b nazna\u010duj\u00ed, \u017ee \u00fatok byl proveden pomoc\u00ed \u0159\u00edzen\u00fdch st\u0159el. V o\u010dek\u00e1v\u00e1n\u00ed odvetn\u00e9ho \u00fatoku Izrael vyhl\u00e1sil stav nouze a uzav\u0159el sv\u016fj vzdu\u0161n\u00fd prostor.<\/span><\/p>\n<p><span id=\"after_incut_1\"><\/span><span dir=\"auto\">\u00da\u0159ady \u017e\u00e1daj\u00ed obyvatele, aby se uch\u00fdlili do \u00fakryt\u016f. Velitel\u00e9 IDF mezit\u00edm nevylu\u010duj\u00ed mo\u017enost druh\u00e9 vlny \u00fader\u016f proti \u00cdr\u00e1nu.<\/span><\/p>\n<p><span dir=\"auto\">Pro p\u0159ipomenut\u00ed, americk\u00fd prezident\u00a0<\/span><strong><span dir=\"auto\">Donald Trump<\/span><\/strong><span dir=\"auto\">\u00a0v\u010dera prohl\u00e1sil, \u017ee\u00a0<\/span><a href=\"https:\/\/eadaily.com\/ru\/news\/2026\/02\/27\/tramp-skazal-chto-poka-ne-znaet-nachnet-li-voynu-protiv-irana\" target=\"_blank\" rel=\"noopener\"><span dir=\"auto\">zat\u00edm nev\u00ed,<\/span><\/a><span dir=\"auto\">\u00a0zda zah\u00e1j\u00ed vojenskou operaci proti \u00cdr\u00e1nu. Nov\u00e9 kolo rozhovor\u016f ohl\u00e1sil na p\u00e1tek 28. \u00fanora.<\/span><\/p>\n<p><span dir=\"auto\">Jak informovala m\u00e9dia<\/span><span dir=\"auto\">\u00a0, Teher\u00e1n d\u0159\u00edve\u00a0<\/span><a href=\"https:\/\/eadaily.com\/ru\/news\/2026\/02\/28\/mid-omana-iran-soglasen-otkazatsya-ot-zapasov-obogashchennogo-urana-po-trebovaniyu-ssha\" target=\"_blank\" rel=\"noopener\"><span dir=\"auto\">souhlasil s odevzd\u00e1n\u00edm<\/span><\/a><span dir=\"auto\">\u00a0v\u0161ech z\u00e1sob obohacen\u00e9ho uranu. Tento po\u017eadavek Washingtonu byl kl\u00ed\u010dov\u00fd pro dosa\u017een\u00ed dohody o omezen\u00ed \u00edr\u00e1nsk\u00e9ho jadern\u00e9ho programu.<\/span><\/p>\n<\/div>\n<h2>Izraelsk\u00e9 obrann\u00e9 s\u00edly (IDF) oznamuj\u00ed n\u00e1bor 70 000 z\u00e1lo\u017en\u00edk\u016f<br \/>\n<img decoding=\"async\" class=\"aligncenter\" src=\"https:\/\/img3.eadaily.com\/c650x400\/o\/2f5\/2aa0e4ccc2b050d6cdac6c0697b67.jpeg\" \/><\/h2>\n<p class=\"lead\"><strong><span dir=\"auto\">Izraelsk\u00e9 obrann\u00e9 s\u00edly (IDF) ozn\u00e1mily n\u00e1bor 70 000 z\u00e1lo\u017en\u00edk\u016f v souvislosti se zah\u00e1jen\u00edm vojensk\u00fdch operac\u00ed proti \u00cdr\u00e1nu uprost\u0159ed situace kolem \u00cdr\u00e1nu.<\/span><\/strong><\/p>\n<p><span dir=\"auto\">Informoval o tom server\u00a0<\/span><a href=\"https:\/\/www.ynet.co.il\/news\/blogs\/article\/hyvvmuyywl\" target=\"_blank\" rel=\"noopener\"><span dir=\"auto\">Ynet<\/span><\/a><span dir=\"auto\">\u00a0s odvol\u00e1n\u00edm na tiskovou slu\u017ebu izraelsk\u00e9ho vojensk\u00e9ho odd\u011blen\u00ed.<\/span><\/p>\n<p><em><span dir=\"auto\">\u201eV kontextu prob\u00edhaj\u00edc\u00ed kampan\u011b proti \u00cdr\u00e1nu arm\u00e1da verbuje 70 000 z\u00e1lo\u017en\u00edk\u016f,\u201c<\/span><span class=\"after-quote\"><span dir=\"auto\">\u00a0\u2014 uv\u00e1d\u00ed se ve zpr\u00e1v\u011b.<\/span><\/span><\/em><\/p>\n<p><span dir=\"auto\">V t\u00e9to souvislosti izraelsk\u00fd premi\u00e9r\u00a0<\/span><strong><span dir=\"auto\">Benjamin Netanjahu<\/span><\/strong><span dir=\"auto\">\u00a0vyzval ob\u010dany, aby \u201ev nadch\u00e1zej\u00edc\u00edch dnech prok\u00e1zali odolnost\u201c. Jin\u00fdmi slovy, Tel Aviv douf\u00e1, \u017ee v\u00e1lka se neprot\u00e1hne dlouho.<\/span><\/p>\n<p><span dir=\"auto\">Netanjahu tak\u00e9 ujistil, \u017ee izraelsko-americk\u00e1 vojensk\u00e1 operace m\u00e1 za c\u00edl vytvo\u0159it podm\u00ednky pro to, aby \u00edr\u00e1nsk\u00fd lid \u201evzal sv\u016fj osud do vlastn\u00edch rukou\u201c. Jin\u00fdmi slovy, hovo\u0159\u00ed o zm\u011bn\u011b re\u017eimu v Isl\u00e1msk\u00e9 republice.<\/span><\/p>\n<p><strong><span dir=\"auto\">M\u00e9dia<\/span><\/strong><span dir=\"auto\">\u00a0d\u0159\u00edve\u00a0informovala, \u017ee po izraelsk\u00e9m \u00fatoku \u00cdr\u00e1n <\/span><a href=\"https:\/\/eadaily.com\/ru\/news\/2026\/02\/28\/iran-nanes-udary-po-izrailyu-i-voennym-obektam-ssha-v-stranah-zaliva\" target=\"_blank\" rel=\"noopener\"><span dir=\"auto\">podnikl rozhodn\u00e9 kroky<\/span><\/a><span dir=\"auto\">\u00a0a odp\u00e1lil des\u00edtky raket sm\u011brem k izraelsk\u00fdm m\u011bst\u016fm. \u00cdr\u00e1nsk\u00e9 s\u00edly nav\u00edc za\u00fato\u010dily na americk\u00e9 c\u00edle v regionu.<\/span><\/p>\n<p><img decoding=\"async\" loading=\"lazy\" class=\"alignnone size-full wp-image-1185\" src=\"http:\/\/www.infokuryr.cz\/n\/wp-content\/uploads\/2021\/04\/kuryr-podpis.png\" alt=\"\" width=\"84\" height=\"24\" \/><\/p>\n<p>&nbsp;<\/p>\n","protected":false},"excerpt":{"rendered":"<p>Izrael zah\u00e1jil \u201epreventivn\u00ed \u00fader\u201c na \u00cdr\u00e1n, potvrdil izraelsk\u00fd ministr obrany Israel Katz. Vyhl\u00e1sil \u201eokam\u017eit\u00fd stav&#8230;<\/p>\n","protected":false},"author":2,"featured_media":100600,"comment_status":"closed","ping_status":"closed","sticky":false,"template":"","format":"standard","meta":[],"categories":[7],"tags":[38,107,40],"_links":{"self":[{"href":"https:\/\/www.infokuryr.cz\/n\/wp-json\/wp\/v2\/posts\/100599"}],"collection":[{"href":"https:\/\/www.infokuryr.cz\/n\/wp-json\/wp\/v2\/posts"}],"about":[{"href":"https:\/\/www.infokuryr.cz\/n\/wp-json\/wp\/v2\/types\/post"}],"author":[{"embeddable":true,"href":"https:\/\/www.infokuryr.cz\/n\/wp-json\/wp\/v2\/users\/2"}],"replies":[{"embeddable":true,"href":"https:\/\/www.infokuryr.cz\/n\/wp-json\/wp\/v2\/comments?post=100599"}],"version-history":[{"count":0,"href":"https:\/\/www.infokuryr.cz\/n\/wp-json\/wp\/v2\/posts\/100599\/revisions"}],"wp:featuredmedia":[{"embeddable":true,"href":"https:\/\/www.infokuryr.cz\/n\/wp-json\/wp\/v2\/media\/100600"}],"wp:attachment":[{"href":"https:\/\/www.infokuryr.cz\/n\/wp-json\/wp\/v2\/media?parent=100599"}],"wp:term":[{"taxonomy":"category","embeddable":true,"href":"https:\/\/www.infokuryr.cz\/n\/wp-json\/wp\/v2\/categories?post=100599"},{"taxonomy":"post_tag","embeddable":true,"href":"https:\/\/www.infokuryr.cz\/n\/wp-json\/wp\/v2\/tags?post=100599"}],"curies":[{"name":"wp","href":"https:\/\/api.w.org\/{rel}","templated":true}]}}