{"id":100597,"date":"2026-03-01T00:13:23","date_gmt":"2026-02-28T23:13:23","guid":{"rendered":"https:\/\/www.infokuryr.cz\/n\/?p=100597"},"modified":"2026-02-28T12:28:28","modified_gmt":"2026-02-28T11:28:28","slug":"kde-je-chamenei-iransti-vudci-nejsou-v-teheranu","status":"publish","type":"post","link":"https:\/\/www.infokuryr.cz\/n\/2026\/03\/01\/kde-je-chamenei-iransti-vudci-nejsou-v-teheranu\/","title":{"rendered":"Kde je Chamene\u00ed? \u00cdr\u00e1n\u0161t\u00ed v\u016fdci nejsou v Teher\u00e1nu"},"content":{"rendered":"<div id=\"fb-root\"><\/div>\n<p class=\"lead\"><strong><span dir=\"auto\">Ajatoll\u00e1h Al\u00ed Chamene\u00ed a \u00edr\u00e1nsk\u00fd prezident Mas\u00fad Pezeschkian jsou na bezpe\u010dn\u00e9m m\u00edst\u011b, informovala polsk\u00e1 rozhlasov\u00e1 stanice\u00a0<\/span><a href=\"https:\/\/www.rmf24.pl\/raporty\/raport-izrael-w-stanie-wojny\/news-gdzie-jest-ali-chamenei-nowe-informacje-ws-przywodcy-iranu,nId,8068812\" target=\"_blank\" rel=\"noopener\"><span dir=\"auto\">RMF24<\/span><\/a><span dir=\"auto\">\u00a0s odvol\u00e1n\u00edm na medi\u00e1ln\u00ed zdroje.<\/span><\/strong><\/p>\n<p><span dir=\"auto\">Podle agentury Reuters izraelsk\u00e1 arm\u00e1da b\u011bhem \u00fatoku na Teher\u00e1n z\u0159ejm\u011b zas\u00e1hla pobl\u00ed\u017e kancel\u00e1\u0159\u00ed nejvy\u0161\u0161\u00edho duchovn\u00edho a politick\u00e9ho v\u016fdce \u00cdr\u00e1nu ajatoll\u00e1ha Al\u00edho Chamene\u00edho. \u00cdr\u00e1nsk\u00fd \u00fa\u0159edn\u00edk v\u0161ak agentu\u0159e sd\u011blil, \u017ee Chamene\u00ed se ve m\u011bst\u011b nenach\u00e1z\u00ed a m\u011bl b\u00fdt odvezen na bezpe\u010dn\u00e9 m\u00edsto.<\/span><\/p>\n<p><span dir=\"auto\">\u00cdr\u00e1nsk\u00e9 tiskov\u00e9 agentury Mehr a Tasnim mezit\u00edm informovaly, \u017ee izraelsk\u00e9 rakety zas\u00e1hly oblast kolem prezidentsk\u00e9ho pal\u00e1ce. Zd\u016fraznily tak\u00e9, \u017ee \u00edr\u00e1nsk\u00fd prezident Mas\u00fad Peze\u0161kijan se stejn\u011b jako Al\u00ed Chamene\u00ed nach\u00e1z\u00ed na bezpe\u010dn\u00e9m m\u00edst\u011b.<\/span><\/p>\n<p><span dir=\"auto\">Uv\u00e1d\u00ed se, \u017ee dnes r\u00e1no Izrael zah\u00e1jil to, co ministr obrany\u00a0<\/span><strong><span dir=\"auto\">Israel Katz<\/span><\/strong><span dir=\"auto\">\u00a0nazval \u201epreventivn\u00edm \u00fatokem\u201c na \u00cdr\u00e1n. Izraelsk\u00e1 letadla zas\u00e1hla vl\u00e1dn\u00ed budovy v Teher\u00e1nu a exploze ot\u0159\u00e1sly i dal\u0161\u00edmi \u00edr\u00e1nsk\u00fdmi m\u011bsty, v\u010detn\u011b Isfah\u00e1nu a Kerm\u00e1n\u0161\u00e1hu.<\/span><\/p>\n<p><strong><span dir=\"auto\">Americk\u00fd prezident Donald Trump<\/span><\/strong><span dir=\"auto\">\u00a0pozd\u011bji\u00a0potvrdil, \u017ee se americk\u00e9 jednotky \u00fa\u010dastnily leteck\u00fdch \u00fader\u016f na \u00cdr\u00e1n.<\/span><\/p>\n<p><span dir=\"auto\">Mezit\u00edm se na internetu zve\u0159ej\u0148uj\u00ed z\u00e1b\u011bry v\u00fdsledk\u016f \u00fader\u016f na Teher\u00e1n.<\/span><\/p>\n<p><iframe loading=\"lazy\" src=\"https:\/\/t.me\/dimsmirnov175\/118842?embed=1&amp;tme_mode=1\" width=\"600\" height=\"350\" data-mce-fragment=\"1\"><\/iframe><\/p>\n<p><img decoding=\"async\" loading=\"lazy\" class=\"alignnone size-full wp-image-1185\" src=\"http:\/\/www.infokuryr.cz\/n\/wp-content\/uploads\/2021\/04\/kuryr-podpis.png\" alt=\"\" width=\"84\" height=\"24\" \/><\/p>\n","protected":false},"excerpt":{"rendered":"<p>Ajatoll\u00e1h Al\u00ed Chamene\u00ed a \u00edr\u00e1nsk\u00fd prezident Mas\u00fad Pezeschkian jsou na bezpe\u010dn\u00e9m m\u00edst\u011b, informovala polsk\u00e1 rozhlasov\u00e1&#8230;<\/p>\n","protected":false},"author":2,"featured_media":100598,"comment_status":"closed","ping_status":"closed","sticky":false,"template":"","format":"standard","meta":[],"categories":[7],"tags":[38,4899,1111],"_links":{"self":[{"href":"https:\/\/www.infokuryr.cz\/n\/wp-json\/wp\/v2\/posts\/100597"}],"collection":[{"href":"https:\/\/www.infokuryr.cz\/n\/wp-json\/wp\/v2\/posts"}],"about":[{"href":"https:\/\/www.infokuryr.cz\/n\/wp-json\/wp\/v2\/types\/post"}],"author":[{"embeddable":true,"href":"https:\/\/www.infokuryr.cz\/n\/wp-json\/wp\/v2\/users\/2"}],"replies":[{"embeddable":true,"href":"https:\/\/www.infokuryr.cz\/n\/wp-json\/wp\/v2\/comments?post=100597"}],"version-history":[{"count":0,"href":"https:\/\/www.infokuryr.cz\/n\/wp-json\/wp\/v2\/posts\/100597\/revisions"}],"wp:featuredmedia":[{"embeddable":true,"href":"https:\/\/www.infokuryr.cz\/n\/wp-json\/wp\/v2\/media\/100598"}],"wp:attachment":[{"href":"https:\/\/www.infokuryr.cz\/n\/wp-json\/wp\/v2\/media?parent=100597"}],"wp:term":[{"taxonomy":"category","embeddable":true,"href":"https:\/\/www.infokuryr.cz\/n\/wp-json\/wp\/v2\/categories?post=100597"},{"taxonomy":"post_tag","embeddable":true,"href":"https:\/\/www.infokuryr.cz\/n\/wp-json\/wp\/v2\/tags?post=100597"}],"curies":[{"name":"wp","href":"https:\/\/api.w.org\/{rel}","templated":true}]}}