{"id":100595,"date":"2026-03-01T00:12:49","date_gmt":"2026-02-28T23:12:49","guid":{"rendered":"https:\/\/www.infokuryr.cz\/n\/?p=100595"},"modified":"2026-02-28T12:25:45","modified_gmt":"2026-02-28T11:25:45","slug":"iran-zahajil-utoky-na-izraelske-a-americke-vojenske-cile-v-statech-perskeho-zalivu","status":"publish","type":"post","link":"https:\/\/www.infokuryr.cz\/n\/2026\/03\/01\/iran-zahajil-utoky-na-izraelske-a-americke-vojenske-cile-v-statech-perskeho-zalivu\/","title":{"rendered":"\u00cdr\u00e1n zah\u00e1jil \u00fatoky na izraelsk\u00e9 a americk\u00e9 vojensk\u00e9 c\u00edle v st\u00e1tech Persk\u00e9ho z\u00e1livu"},"content":{"rendered":"<div id=\"fb-root\"><\/div>\n<p class=\"lead\"><strong><span dir=\"auto\">Po izraelsk\u00e9m \u00fatoku \u00cdr\u00e1n podnikl rozhodn\u00e9 kroky a odp\u00e1lil des\u00edtky raket sm\u011brem k izraelsk\u00fdm m\u011bst\u016fm. \u00cdr\u00e1nsk\u00e1 st\u00e1tn\u00ed televize ofici\u00e1ln\u011b potvrdila zah\u00e1jen\u00ed odvetn\u00e9 operace.<\/span><\/strong><\/p>\n<p><span dir=\"auto\">V reakci na to Izraelsk\u00e9 obrann\u00e9 s\u00edly (IDF) rychle vydaly po cel\u00e9 zemi varov\u00e1n\u00ed p\u0159ed n\u00e1letem a vyzvaly miliony ob\u010dan\u016f, aby se okam\u017eit\u011b uch\u00fdlili do protileteck\u00fdch kryt\u016f a z\u016fstali v bezpe\u010d\u00ed a\u017e do odvol\u00e1n\u00ed.<\/span><\/p>\n<p><span dir=\"auto\">\u00cdr\u00e1nsk\u00e9 s\u00edly nav\u00edc zah\u00e1jily \u00fadery na americk\u00e9 c\u00edle v regionu. Tiskov\u00e9 agentury informuj\u00ed, \u017ee \u00edr\u00e1nsk\u00e9 balistick\u00e9 rakety zas\u00e1hly americk\u00e9 c\u00edle v Bahrajnu, kde se nach\u00e1z\u00ed nejv\u011bt\u0161\u00ed americk\u00e1 n\u00e1mo\u0159n\u00ed z\u00e1kladna v Persk\u00e9m z\u00e1livu.<\/span><\/p>\n<p><span dir=\"auto\">Objevuj\u00ed se tak\u00e9 zpr\u00e1vy o \u00faderech na z\u00e1kladny v dal\u0161\u00edch zem\u00edch Persk\u00e9ho z\u00e1livu. V Dauh\u00e1 se rozezn\u011bly sir\u00e9ny. Ab\u00fa Zab\u00ed ot\u0159\u00e1sla siln\u00e1 exploze, kter\u00e1 vyvolala kou\u0159 pobl\u00ed\u017e americk\u00e9 n\u00e1mo\u0159n\u00ed leteck\u00e9 z\u00e1kladny Al-Juffair v Man\u00e1m\u011b. \u00dadery zas\u00e1hly tak\u00e9 leteckou z\u00e1kladnu Ali Al-Salem v Kuvajtu.<\/span><\/p>\n<p><span dir=\"auto\">\u00cdr\u00e1nsk\u00e1 arm\u00e1da prohl\u00e1sila, \u017ee jak\u00e1koli zem\u011b poskytuj\u00edc\u00ed infrastrukturu nebo vzdu\u0161n\u00fd prostor pro izraelsk\u00e9 \u00fatoky je legitimn\u00edm c\u00edlem. Teher\u00e1n varoval st\u00e1ty regionu p\u0159ed podporou vojensk\u00fdch akc\u00ed proti \u00cdr\u00e1nu.<\/span><\/p>\n<p><span dir=\"auto\">Pro p\u0159ipomenut\u00ed, dnes, 28. \u00fanora, Izrael\u00a0<\/span><a href=\"https:\/\/eadaily.com\/ru\/news\/2026\/02\/28\/v-izraile-podtverdili-chto-ataka-na-iran-koordinirovalas-s-ssha\" target=\"_blank\" rel=\"noopener\"><span dir=\"auto\">zah\u00e1jil raketov\u00fd \u00fatok na Teher\u00e1n<\/span><\/a><span dir=\"auto\">\u00a0, kter\u00fd nazval vojenskou operac\u00ed \u201eJehud\u016fv \u0161t\u00edt\u201c. Tel Aviv uvedl, \u017ee operace byla koordinov\u00e1na se Spojen\u00fdmi st\u00e1ty.<\/span><\/p>\n<p><span dir=\"auto\">M\u00e9dia d\u0159\u00edve informovala, \u017ee americk\u00fd prezident <\/span><strong><span dir=\"auto\">Donald Trump\u00a0<\/span><\/strong><a href=\"https:\/\/eadaily.com\/ru\/news\/2026\/02\/28\/tramp-obyavil-o-nachale-masshtabnoy-voennoy-operacii-ssha-protiv-irana\" target=\"_blank\" rel=\"noopener\"><span dir=\"auto\">ozn\u00e1mil<\/span><\/a><span dir=\"auto\">\u00a0, \u017ee Spojen\u00e9 st\u00e1ty zah\u00e1jily rozs\u00e1hlou vojenskou operaci proti \u00cdr\u00e1nsk\u00e9 isl\u00e1msk\u00e9 republice.<\/span><\/p>\n<p><img decoding=\"async\" loading=\"lazy\" class=\"alignnone size-full wp-image-1185\" src=\"http:\/\/www.infokuryr.cz\/n\/wp-content\/uploads\/2021\/04\/kuryr-podpis.png\" alt=\"\" width=\"84\" height=\"24\" \/><\/p>\n<p>&nbsp;<\/p>\n<p>&nbsp;<\/p>\n","protected":false},"excerpt":{"rendered":"<p>Po izraelsk\u00e9m \u00fatoku \u00cdr\u00e1n podnikl rozhodn\u00e9 kroky a odp\u00e1lil des\u00edtky raket sm\u011brem k izraelsk\u00fdm m\u011bst\u016fm&#8230;.<\/p>\n","protected":false},"author":2,"featured_media":100596,"comment_status":"closed","ping_status":"closed","sticky":false,"template":"","format":"standard","meta":[],"categories":[7],"tags":[38,2674,40],"_links":{"self":[{"href":"https:\/\/www.infokuryr.cz\/n\/wp-json\/wp\/v2\/posts\/100595"}],"collection":[{"href":"https:\/\/www.infokuryr.cz\/n\/wp-json\/wp\/v2\/posts"}],"about":[{"href":"https:\/\/www.infokuryr.cz\/n\/wp-json\/wp\/v2\/types\/post"}],"author":[{"embeddable":true,"href":"https:\/\/www.infokuryr.cz\/n\/wp-json\/wp\/v2\/users\/2"}],"replies":[{"embeddable":true,"href":"https:\/\/www.infokuryr.cz\/n\/wp-json\/wp\/v2\/comments?post=100595"}],"version-history":[{"count":0,"href":"https:\/\/www.infokuryr.cz\/n\/wp-json\/wp\/v2\/posts\/100595\/revisions"}],"wp:featuredmedia":[{"embeddable":true,"href":"https:\/\/www.infokuryr.cz\/n\/wp-json\/wp\/v2\/media\/100596"}],"wp:attachment":[{"href":"https:\/\/www.infokuryr.cz\/n\/wp-json\/wp\/v2\/media?parent=100595"}],"wp:term":[{"taxonomy":"category","embeddable":true,"href":"https:\/\/www.infokuryr.cz\/n\/wp-json\/wp\/v2\/categories?post=100595"},{"taxonomy":"post_tag","embeddable":true,"href":"https:\/\/www.infokuryr.cz\/n\/wp-json\/wp\/v2\/tags?post=100595"}],"curies":[{"name":"wp","href":"https:\/\/api.w.org\/{rel}","templated":true}]}}