{"id":100593,"date":"2026-03-01T00:11:21","date_gmt":"2026-02-28T23:11:21","guid":{"rendered":"https:\/\/www.infokuryr.cz\/n\/?p=100593"},"modified":"2026-02-28T12:23:44","modified_gmt":"2026-02-28T11:23:44","slug":"trump-oznamil-zahajeni-rozsahle-vojenske-operace-usa-proti-iranu","status":"publish","type":"post","link":"https:\/\/www.infokuryr.cz\/n\/2026\/03\/01\/trump-oznamil-zahajeni-rozsahle-vojenske-operace-usa-proti-iranu\/","title":{"rendered":"Trump ozn\u00e1mil zah\u00e1jen\u00ed rozs\u00e1hl\u00e9 vojensk\u00e9 operace USA proti \u00cdr\u00e1nu"},"content":{"rendered":"<div id=\"fb-root\"><\/div>\n<p class=\"lead\"><strong><span dir=\"auto\">Americk\u00fd prezident Donald Trump ozn\u00e1mil, \u017ee Spojen\u00e9 st\u00e1ty zah\u00e1jily rozs\u00e1hlou vojenskou operaci proti \u00cdr\u00e1nsk\u00e9 isl\u00e1msk\u00e9 republice.<\/span><\/strong><\/p>\n<p><span dir=\"auto\">\u0160\u00e9f B\u00edl\u00e9ho domu zve\u0159ejnil odpov\u00eddaj\u00edc\u00ed videozpr\u00e1vu na sv\u00e9m vlastn\u00edm \u00fa\u010dtu na soci\u00e1ln\u00edch s\u00edt\u00edch\u00a0<\/span><a href=\"https:\/\/truthsocial.com\/\" target=\"_blank\" rel=\"noopener\"><span dir=\"auto\">Truth Social<\/span><\/a><span dir=\"auto\">\u00a0. Uvedl, \u017ee c\u00edlem v\u00e1lky je eliminovat hrozbu, kterou p\u0159edstavuje \u201ebrut\u00e1ln\u00ed \u00edr\u00e1nsk\u00fd re\u017eim\u201c.<\/span><\/p>\n<p><em><span dir=\"auto\">\u201eNa\u0161\u00edm c\u00edlem je chr\u00e1nit americk\u00fd lid odstran\u011bn\u00edm bezprost\u0159edn\u00ed hrozby, kterou p\u0159edstavuje \u00edr\u00e1nsk\u00fd re\u017eim, skupina velmi krut\u00fdch a hrozn\u00fdch lid\u00ed. Jejich aktivity p\u0159\u00edmo ohro\u017euj\u00ed Spojen\u00e9 st\u00e1ty, na\u0161e voj\u00e1ky, na\u0161e z\u00e1kladny v zahrani\u010d\u00ed a na\u0161e spojence po cel\u00e9m sv\u011bt\u011b.\u201c<\/span><span class=\"after-quote\"><span dir=\"auto\">\u00a0\u2013 \u0159ekl Trump.<\/span><\/span><\/em><\/p>\n<h2>Izrael potvrdil, \u017ee \u00fatok na \u00cdr\u00e1n byl koordinov\u00e1n s USA<br \/>\n<img decoding=\"async\" class=\"aligncenter\" src=\"https:\/\/img3.eadaily.com\/c650x400\/o\/2d9\/0628755f8843a15ef3e7f3f1ce518.jpeg\" \/><\/h2>\n<p class=\"lead\"><strong><span dir=\"auto\">Mluv\u010d\u00ed izraelsk\u00e9ho ministerstva obrany agentu\u0159e Reuters \u0159ekl, \u017ee IDF ofici\u00e1ln\u011b ozna\u010dila operaci s c\u00edlem za\u00fato\u010dit na \u00cdr\u00e1n jako \u201eJehud\u016fv \u0161t\u00edt\u201c.<\/span><\/strong><\/p>\n<p><span dir=\"auto\">Potvrdil tak\u00e9, \u017ee izraelsk\u00fd \u00fatok na \u00cdr\u00e1n byl koordinov\u00e1n se Spojen\u00fdmi st\u00e1ty. Zdroj zd\u016fraznil, \u017ee operace byla pl\u00e1nov\u00e1na m\u011bs\u00edce a datum zah\u00e1jen\u00ed bylo stanoveno p\u0159ed n\u011bkolika t\u00fddny.<\/span><\/p>\n<p><span dir=\"auto\">Po zah\u00e1jen\u00ed operace byl v Jeruzal\u00e9m\u011b vyhl\u00e1\u0161en poplach p\u0159ed n\u00e1letem. Izraelsk\u00e1 arm\u00e1da varovala ob\u010dany p\u0159ed vysok\u00fdm rizikem odvetn\u00e9 raketov\u00e9 palby z \u00cdr\u00e1nu.<\/span><\/p>\n<p><span dir=\"auto\">Izrael nav\u00edc zcela uzav\u0159el sv\u016fj vzdu\u0161n\u00fd prostor pro civiln\u00ed letectv\u00ed. Ministerstvo dopravy vyzvalo cestuj\u00edc\u00ed, aby se zdr\u017eeli cestov\u00e1n\u00ed na leti\u0161t\u011b, dokud neobdr\u017e\u00ed od \u00fa\u0159ad\u016f dal\u0161\u00ed pokyny.<\/span><\/p>\n<p><span dir=\"auto\">\u00cdr\u00e1n po \u00fatoku p\u0159ij\u00edm\u00e1 mimo\u0159\u00e1dn\u00e1 opat\u0159en\u00ed na ochranu nejvy\u0161\u0161\u00edho veden\u00ed Isl\u00e1msk\u00e9 republiky. Podle agentury Reuters\u00a0opustil hlavn\u00ed m\u011bsto nejvy\u0161\u0161\u00ed v\u016fdce\u00a0<\/span><strong><span dir=\"auto\">Al\u00ed Chamene\u00ed .<\/span><\/strong><\/p>\n<p><span dir=\"auto\">\u00cdr\u00e1nsk\u00fd \u00fa\u0159edn\u00edk publikaci sd\u011blil, \u017ee Chamene\u00ed byl p\u0159em\u00edst\u011bn na bezpe\u010dn\u00e9 m\u00edsto a v sou\u010dasn\u00e9 dob\u011b je pod p\u0159\u00edsnou ostrahou p\u0159ed Teher\u00e1nem.<\/span><\/p>\n<p><span dir=\"auto\">Mobiln\u00ed telefonn\u00ed linky byly p\u0159eru\u0161eny ve v\u00fdchodn\u00edm a z\u00e1padn\u00edm Teher\u00e1nu. \u00cdr\u00e1nsk\u00e1 m\u00e9dia tak\u00e9 informovala o v\u00fdrazn\u00e9m oslaben\u00ed internetov\u00e9ho p\u0159ipojen\u00ed v n\u011bkter\u00fdch oblastech hlavn\u00edho m\u011bsta.<\/span><\/p>\n<p><strong><span dir=\"auto\">M\u00e9dia <\/span><\/strong><span dir=\"auto\">d\u0159\u00edve\u00a0informovala, \u017ee Izrael <\/span><a href=\"https:\/\/eadaily.com\/ru\/news\/2026\/02\/28\/izrail-nanes-preventivnyy-ular-po-iranu-v-tegerane-progremeli-vzryvy\" target=\"_blank\" rel=\"noopener\"><span dir=\"auto\">zah\u00e1jil \u201epreventivn\u00ed \u00fader\u201c<\/span><\/a><span dir=\"auto\">\u00a0na \u00cdr\u00e1n a izraelsk\u00fd ministr obrany\u00a0<\/span><strong><span dir=\"auto\">Israel Katz<\/span><\/strong><span dir=\"auto\">\u00a0vyhl\u00e1sil \u201eokam\u017eit\u00fd stav nouze v cel\u00e9 zemi\u201c.<\/span><\/p>\n<p><img decoding=\"async\" loading=\"lazy\" class=\"alignnone size-full wp-image-1185\" src=\"http:\/\/www.infokuryr.cz\/n\/wp-content\/uploads\/2021\/04\/kuryr-podpis.png\" alt=\"\" width=\"84\" height=\"24\" \/><\/p>\n<p>&nbsp;<\/p>\n<p>&nbsp;<\/p>\n","protected":false},"excerpt":{"rendered":"<p>Americk\u00fd prezident Donald Trump ozn\u00e1mil, \u017ee Spojen\u00e9 st\u00e1ty zah\u00e1jily rozs\u00e1hlou vojenskou operaci proti \u00cdr\u00e1nsk\u00e9 isl\u00e1msk\u00e9&#8230;<\/p>\n","protected":false},"author":2,"featured_media":100594,"comment_status":"closed","ping_status":"closed","sticky":false,"template":"","format":"standard","meta":[],"categories":[7],"tags":[38,107,37,40],"_links":{"self":[{"href":"https:\/\/www.infokuryr.cz\/n\/wp-json\/wp\/v2\/posts\/100593"}],"collection":[{"href":"https:\/\/www.infokuryr.cz\/n\/wp-json\/wp\/v2\/posts"}],"about":[{"href":"https:\/\/www.infokuryr.cz\/n\/wp-json\/wp\/v2\/types\/post"}],"author":[{"embeddable":true,"href":"https:\/\/www.infokuryr.cz\/n\/wp-json\/wp\/v2\/users\/2"}],"replies":[{"embeddable":true,"href":"https:\/\/www.infokuryr.cz\/n\/wp-json\/wp\/v2\/comments?post=100593"}],"version-history":[{"count":0,"href":"https:\/\/www.infokuryr.cz\/n\/wp-json\/wp\/v2\/posts\/100593\/revisions"}],"wp:featuredmedia":[{"embeddable":true,"href":"https:\/\/www.infokuryr.cz\/n\/wp-json\/wp\/v2\/media\/100594"}],"wp:attachment":[{"href":"https:\/\/www.infokuryr.cz\/n\/wp-json\/wp\/v2\/media?parent=100593"}],"wp:term":[{"taxonomy":"category","embeddable":true,"href":"https:\/\/www.infokuryr.cz\/n\/wp-json\/wp\/v2\/categories?post=100593"},{"taxonomy":"post_tag","embeddable":true,"href":"https:\/\/www.infokuryr.cz\/n\/wp-json\/wp\/v2\/tags?post=100593"}],"curies":[{"name":"wp","href":"https:\/\/api.w.org\/{rel}","templated":true}]}}