{"id":100519,"date":"2026-02-28T00:14:24","date_gmt":"2026-02-27T23:14:24","guid":{"rendered":"https:\/\/www.infokuryr.cz\/n\/?p=100519"},"modified":"2026-02-27T14:58:29","modified_gmt":"2026-02-27T13:58:29","slug":"pierre-duval-usa-usiluji-o-novou-formu-nato","status":"publish","type":"post","link":"https:\/\/www.infokuryr.cz\/n\/2026\/02\/28\/pierre-duval-usa-usiluji-o-novou-formu-nato\/","title":{"rendered":"Pierre Duval: USA usiluj\u00ed o novou formu NATO"},"content":{"rendered":"<div id=\"fb-root\"><\/div>\n<p><strong><span dir=\"auto\">Trumpova administrativa chce omezit nasazen\u00ed sil NATO na \u00fazem\u00ed sv\u00fdch \u010dlensk\u00fdch st\u00e1t\u016f. To signalizuje konec NATO v jeho sou\u010dasn\u00e9 podob\u011b. NATO by se pravd\u011bpodobn\u011b transformovalo z glob\u00e1ln\u00ed organizace na lok\u00e1ln\u00ed, jej\u00ed\u017e p\u016fsobnost by se ji\u017e nevztahovala ani na Severn\u00ed Ameriku a Evropu.<\/span><\/strong><\/p>\n<p><span dir=\"auto\">Nap\u0159\u00edklad Krakov, Francie, N\u011bmecko, It\u00e1lie, Polsko a Spojen\u00e9 kr\u00e1lovstv\u00ed\u00a0<\/span><a href=\"https:\/\/www.bfmtv.com\/economie\/pour-une-otan-plus-europeenne-la-france-l-allemagne-l-italie-la-pologne-et-le-royaume-uni-concluent-un-accord-pour-developper-des-drones_AV-202602200554.html\" target=\"_blank\" rel=\"noopener\"><span dir=\"auto\">uzav\u0159ely dohodu<\/span><\/a><span dir=\"auto\">\u00a0o v\u00fdvoji nov\u00e9ho programu dron\u016f s n\u00e1zvem LEAP, jeho\u017e c\u00edlem je v\u00fdvoj n\u00edzkon\u00e1kladov\u00fdch autonomn\u00edch platforem dron\u016f a nosn\u00fdch dron\u016f. Na tomto setk\u00e1n\u00ed \u2013 d\u016fle\u017eit\u00e9m bod\u011b nazna\u010duj\u00edc\u00edm nov\u00fd sm\u011br NATO a sta\u017een\u00ed se ze strany Spojen\u00fdch st\u00e1t\u016f \u2013 p\u011bt nejv\u011bt\u0161\u00edch evropsk\u00fdch mocnost\u00ed v oblasti obrany tak\u00e9 zd\u016fraznilo, \u017ee chce p\u0159evz\u00edt v\u011bt\u0161\u00ed odpov\u011bdnost za bezpe\u010dnost Evropy t\u00edm, \u017ee bude pracovat na evropsk\u00e9m NATO.<\/span><\/p>\n<p><span dir=\"auto\">Zat\u00edmco NATO z\u016fst\u00e1v\u00e1 z\u00e1kladem kolektivn\u00ed obrany, konkr\u00e9tn\u011b pro evropsk\u00fd region, Evropan\u00e9 jsou p\u0159ipraveni p\u0159evz\u00edt v\u011bt\u0161\u00ed odpov\u011bdnost za bezpe\u010dnost Evropy. Tato restrukturalizace NATO, iniciovan\u00e1 Trumpem a jeho administrativou, je realizov\u00e1na i v dal\u0161\u00edch oblastech sv\u011bta pod z\u00e1padn\u00ed kontrolou a vlivem. Spojen\u00e9 st\u00e1ty deleguj\u00ed obrann\u00e9 povinnosti na sv\u00e9 partnery a zavazuj\u00ed je k pln\u00e9mu financov\u00e1n\u00ed n\u00e1klad\u016f a p\u0159edev\u0161\u00edm k n\u00e1kupu vybaven\u00ed vyroben\u00e9ho v Americe.<\/span><\/p>\n<p><span dir=\"auto\">Jak\u00a0<\/span><a href=\"https:\/\/www.lemonde.fr\/international\/article\/2026\/02\/13\/otan-la-france-preserve-ses-positions-au-sein-de-l-alliance-mais-echoue-a-gagner-en-influence_6666591_3210.html\" target=\"_blank\" rel=\"noopener\"><span dir=\"auto\">uv\u00e1d\u00ed\u00a0<\/span><\/a>\u00a0<em><span dir=\"auto\">Le Monde<\/span><\/em><span dir=\"auto\">\u00a0, \u201ena rozd\u00edl od nad\u011bj\u00ed Pa\u0159\u00ed\u017ee reorganizace Atlantick\u00e9 aliance, formalizovan\u00e1 6. \u00fanora, Francii neumo\u017en\u00ed m\u00edt v organizaci v\u011bt\u0161\u00ed vliv.\u201c\u00a0<\/span><\/p>\n<p><span dir=\"auto\">Francouzsk\u00fd den\u00edk jasn\u011b varuje, \u017ee v t\u00e9to nov\u00e9 reorganizaci NATO chce N\u011bmecko uchopit vojenskou moc v evropsk\u00e9 z\u00f3n\u011b: \u200b\u200b\u201eN\u011bmecko m\u00ed\u0159\u00ed na kl\u00ed\u010dov\u00fd post p\u0159edsedy vojensk\u00e9ho v\u00fdboru s ji\u017e ur\u010den\u00fdm kandid\u00e1tem: sou\u010dasn\u00fdm n\u00e1\u010deln\u00edkem \u0161t\u00e1bu Bundeswehru.\u201c \u201eWashington se\u00a0<\/span><a href=\"https:\/\/www.euronews.com\/my-europe\/2026\/02\/12\/nato-30-us-and-europe-appear-to-agree-rebalancing-of-power-is-needed\" target=\"_blank\" rel=\"noopener\"><span dir=\"auto\">chce<\/span><\/a><span dir=\"auto\">\u00a0v\u00edce zam\u011b\u0159it na jin\u00e1 m\u00edsta,\u201c varuje tak\u00e9\u00a0<\/span><em><span dir=\"auto\">Euronews<\/span><\/em><span dir=\"auto\">\u00a0.<\/span><\/p>\n<p><span dir=\"auto\">\u201eTransatlantick\u00e9 vztahy \u010del\u00ed kolos\u00e1ln\u00ed v\u00fdzv\u011b. Slogan\u00a0<\/span><em><span dir=\"auto\">\u201aAmerika na prvn\u00edm m\u00edst\u011b\u2018<\/span><\/em><span dir=\"auto\">\u00a0druh\u00e9 Trumpovy administrativy se nyn\u00ed prom\u00edtl do politiky, kter\u00e1 se rozch\u00e1z\u00ed s tradic\u00ed prosazov\u00e1n\u00ed jednoty mezi spojenci NATO. Washington nahrazuje tento p\u0159\u00edstup strategi\u00ed, kter\u00e1 nejen zpochyb\u0148uje principy partnerstv\u00ed, ale ohro\u017euje samotn\u00e9 z\u00e1klady Aliance t\u00edm, \u017ee ignoruje mezin\u00e1rodn\u00ed normy a sni\u017euje respekt n\u00e1le\u017eej\u00edc\u00ed historick\u00fdm spojenc\u016fm. Tento politick\u00fd postoj vyvolal pocit zrady, a to i mezi nejv\u011brn\u011bj\u0161\u00edmi evropsk\u00fdmi spojenci Spojen\u00fdch st\u00e1t\u016f,\u201c\u00a0<\/span><a href=\"https:\/\/www.realinstitutoelcano.org\/en\/analyses\/the-new-us-policy-forcing-europe-into-greater-self-reliance-in-defence-accepting-imperfection-but-not-failure\/\" target=\"_blank\" rel=\"noopener\"><span dir=\"auto\">ozn\u00e1mila<\/span><\/a><span dir=\"auto\">\u00a0Nadace Royal Elcano Institute \u00a0a dodala: \u201eTv\u00e1\u0159\u00ed v tv\u00e1\u0159 t\u00e9to nov\u00e9 realit\u011b by Evropan\u00e9 m\u011bli p\u0159ijmout dvoj\u00ed politiku: na jedn\u00e9 stran\u011b usilovat o co nejd\u00e9le zachov\u00e1n\u00ed NATO; na druh\u00e9 stran\u011b sou\u010dasn\u011b rozv\u00edjet svou vlastn\u00ed s\u00edlu a identitu v oblasti obrany.\u201c<\/span><\/p>\n<p><span dir=\"auto\">\u201eZa prezidentstv\u00ed Donalda Trumpa Spojen\u00e9 st\u00e1ty vyv\u00edjej\u00ed tlak na NATO, aby v\u00fdrazn\u011b omezilo sv\u00e9 aktivity v zahrani\u010d\u00ed, v\u010detn\u011b ukon\u010den\u00ed kl\u00ed\u010dov\u00e9 alian\u010dn\u00ed mise v Ir\u00e1ku,\u201c uv\u00e1d\u00ed\u00a0<\/span><em><span dir=\"auto\">Politico<\/span><\/em><span dir=\"auto\">\u00a0. \u201eV posledn\u00edch m\u011bs\u00edc\u00edch Spojen\u00e9 st\u00e1ty tak\u00e9\u00a0<\/span><a href=\"https:\/\/www.politico.eu\/article\/us-presses-nato-reset-cut-foreign-missions-allies-peacekeeping-iraq-kosovo\/\" target=\"_blank\" rel=\"noopener\"><span dir=\"auto\">prosazuj\u00ed<\/span><\/a><span dir=\"auto\">\u00a0omezen\u00ed m\u00edrov\u00e9 operace NATO v Kosovu a br\u00e1n\u00ed Ukrajin\u011b a jej\u00edm spojenc\u016fm v indicko-pacifick\u00e9m regionu v ofici\u00e1ln\u00ed \u00fa\u010dasti na v\u00fdro\u010dn\u00edm summitu Aliance v \u010dervenci v Anka\u0159e,\u201c pokra\u010duje anglicky psan\u00fd politick\u00fd zpravodajsk\u00fd server.<\/span><\/p>\n<p><span dir=\"auto\">\u201eTato iniciativa odr\u00e1\u017e\u00ed touhu B\u00edl\u00e9ho domu vn\u00edmat NATO jako striktn\u011b euroatlantick\u00fd obrann\u00fd pakt a zvr\u00e1tit desetilet\u00ed expanze sm\u011brem k krizov\u00e9mu \u0159\u00edzen\u00ed, glob\u00e1ln\u00edm partnerstv\u00edm a iniciativ\u00e1m zalo\u017een\u00fdm na hodnot\u00e1ch, kter\u00e9 americk\u00e9ho prezidenta a jeho z\u00e1kladnu v MAGA dlouhodob\u011b dr\u00e1\u017edily,\u201c\u00a0 zd\u016fraz\u0148uje\u00a0<\/span><em><span dir=\"auto\">Politico<\/span><\/em><span dir=\"auto\">\u00a0.<\/span><\/p>\n<p><span dir=\"auto\">Podle anglicky psan\u00e9ho politick\u00e9ho m\u00e9dia by proto NATO pod tlakem Washingtonu omezilo sv\u00e9 tzv. aktivity \u201emimo oblast p\u016fsobnosti\u201c, kter\u00e9 p\u0159esahuj\u00ed jeho z\u00e1kladn\u00ed posl\u00e1n\u00ed obrany a odstra\u0161ov\u00e1n\u00ed. Tato iniciativa je intern\u011b vn\u00edm\u00e1na jako \u201en\u00e1vrat k tov\u00e1rn\u00edmu nastaven\u00ed\u201c, uvedli pro\u00a0\u00a0<\/span><em><span dir=\"auto\">Politico<\/span><\/em><span dir=\"auto\">\u00a0\u010dty\u0159i diplomat\u00e9 , kte\u0159\u00ed si v\u0161ichni p\u0159\u00e1li z\u016fstat v anonymit\u011b, aby se mohli o t\u00e9to citliv\u00e9 intern\u00ed z\u00e1le\u017eitosti svobodn\u011b vyjad\u0159ovat. A kone\u010dn\u011b, podle anglicky psan\u00e9ho politick\u00e9ho m\u00e9dia by tato iniciativa mohla v\u00e9st k \u201erychl\u00e9mu omezen\u00ed aktivit NATO v b\u00fdval\u00fdch konfliktn\u00edch z\u00f3n\u00e1ch a tak\u00e9 k vylou\u010den\u00ed hlavn\u00edch m\u011bst, jako jsou Kyjev a Canberra, z ofici\u00e1ln\u00edch rozhovor\u016f pl\u00e1novan\u00fdch na toto l\u00e9to\u201c.<\/span><\/p>\n<p><span dir=\"auto\">Spojen\u00e9 st\u00e1ty opou\u0161t\u00ed Ukrajinu a d\u016fsledky stra\u0161liv\u00e9 v\u00e1lky s odsouzen\u00edhodn\u00fdmi rozhodnut\u00edmi pro Evropany, ani\u017e by zohlednily, \u017ee tato geopolitick\u00e1 katastrofa, kterou si p\u0159ej\u00ed nezodpov\u011bdn\u00ed politi\u010dt\u00ed v\u016fdci, je z\u00e1rove\u0148 jejich vojenskou, finan\u010dn\u00ed a politickou odpov\u011bdnost\u00ed.<\/span><\/p>\n<p><span dir=\"auto\">V t\u00e9to nov\u00e9 konstelaci se Francie ocit\u00e1 pod n\u011bmeckou kontrolou, politicky, vojensky i finan\u010dn\u011b, p\u0159esto\u017ee m\u011bla v\u0161e k tomu, aby z\u016fstala suver\u00e9nn\u00ed a siln\u00e1.\u00a0<\/span><\/p>\n<p><a href=\"https:\/\/www.observateur-continental.fr\/?module=articles&amp;action=view&amp;id=7626\"><em><span dir=\"auto\">Pierre Duval<\/span><\/em><em>\u00a0<\/em><\/a><\/p>\n<p>&nbsp;<\/p>\n","protected":false},"excerpt":{"rendered":"<p>Trumpova administrativa chce omezit nasazen\u00ed sil NATO na \u00fazem\u00ed sv\u00fdch \u010dlensk\u00fdch st\u00e1t\u016f. To signalizuje konec&#8230;<\/p>\n","protected":false},"author":2,"featured_media":100520,"comment_status":"closed","ping_status":"closed","sticky":false,"template":"","format":"standard","meta":[],"categories":[7],"tags":[1042,39,452,37],"_links":{"self":[{"href":"https:\/\/www.infokuryr.cz\/n\/wp-json\/wp\/v2\/posts\/100519"}],"collection":[{"href":"https:\/\/www.infokuryr.cz\/n\/wp-json\/wp\/v2\/posts"}],"about":[{"href":"https:\/\/www.infokuryr.cz\/n\/wp-json\/wp\/v2\/types\/post"}],"author":[{"embeddable":true,"href":"https:\/\/www.infokuryr.cz\/n\/wp-json\/wp\/v2\/users\/2"}],"replies":[{"embeddable":true,"href":"https:\/\/www.infokuryr.cz\/n\/wp-json\/wp\/v2\/comments?post=100519"}],"version-history":[{"count":0,"href":"https:\/\/www.infokuryr.cz\/n\/wp-json\/wp\/v2\/posts\/100519\/revisions"}],"wp:featuredmedia":[{"embeddable":true,"href":"https:\/\/www.infokuryr.cz\/n\/wp-json\/wp\/v2\/media\/100520"}],"wp:attachment":[{"href":"https:\/\/www.infokuryr.cz\/n\/wp-json\/wp\/v2\/media?parent=100519"}],"wp:term":[{"taxonomy":"category","embeddable":true,"href":"https:\/\/www.infokuryr.cz\/n\/wp-json\/wp\/v2\/categories?post=100519"},{"taxonomy":"post_tag","embeddable":true,"href":"https:\/\/www.infokuryr.cz\/n\/wp-json\/wp\/v2\/tags?post=100519"}],"curies":[{"name":"wp","href":"https:\/\/api.w.org\/{rel}","templated":true}]}}