{"id":1005,"date":"2021-04-21T07:48:02","date_gmt":"2021-04-21T05:48:02","guid":{"rendered":"http:\/\/www.infokuryr.cz\/n\/?p=1005"},"modified":"2021-04-21T10:57:02","modified_gmt":"2021-04-21T08:57:02","slug":"hloupe-hloupejsi-a-nejhloupejsi-lzi","status":"publish","type":"post","link":"https:\/\/www.infokuryr.cz\/n\/2021\/04\/21\/hloupe-hloupejsi-a-nejhloupejsi-lzi\/","title":{"rendered":"Hloup\u00e9, hloup\u011bj\u0161\u00ed a nejhloup\u011bj\u0161\u00ed l\u017ei"},"content":{"rendered":"<div id=\"fb-root\"><\/div>\n<p><b>Martin Konvi\u010dka kdysi pronesl skv\u011bl\u00fd post\u0159eh, \u017ee hloupost je povinn\u00fdm rysem sou\u010dasn\u00e9 mainstreamov\u00e9 propagandy. \u010c\u00edm hloup\u011bj\u0161\u00ed, t\u00edm lep\u0161\u00ed. Ono to toti\u017e umo\u017e\u0148uje vyjad\u0159ovat loajalitu. Kdy\u017e nad\u0159\u00edzen\u00e1 moc prohl\u00e1s\u00ed n\u011bco chytr\u00e9ho a vy to akceptujete, to je\u0161t\u011b nen\u00ed \u017e\u00e1dn\u00e1 z\u00e1sluha. Ale kdy\u017e ok\u00e1zala vyjad\u0159ujete v\u00edru v\u00a0n\u011bco \u0161\u00edlen\u011b hloup\u00e9ho, to jste pa\u0161\u00e1k. Demonstrujete, \u017ee je na v\u00e1s spolehnut\u00ed. Jste solidn\u00ed sou\u010d\u00e1stka ve stroji. Kandid\u00e1t na pov\u00fd\u0161en\u00ed.<\/b><\/p>\n<p>Jen\u017ee ono to m\u00e1 i druhou stranu. Propagandist\u00e9 si odvyknou d\u011blat takovou propagandu, kter\u00fd by byla aspo\u0148 trochu uv\u011b\u0159iteln\u00e1. Ty l\u017ei jsou hloup\u011bj\u0161\u00ed a hloup\u011bj\u0161\u00ed.<\/p>\n<p>T\u0159eba Andrej Babi\u0161. Pr\u00fd n\u00e1m n\u011bjak\u00fd sklad, co p\u0159ed lety vybuchl, vyhodili do vzduchu ru\u0161t\u00ed agenti. Takov\u00e9 tvrzen\u00ed je samo o sob\u011b ned\u016fv\u011bryhodn\u00e9, proto\u017ee p\u0159\u00edli\u0161 dob\u0159e zapad\u00e1 do na\u010dasov\u00e1n\u00ed diskuze o o\u010dkovac\u00ed vakc\u00edn\u011b a zak\u00e1zce na dostavbu jadern\u00e9 elektr\u00e1rny. Ale budi\u017e, i nepravd\u011bpodobn\u00e9 n\u00e1hody se ob\u010das st\u00e1vaj\u00ed. Jen\u017ee ono to nesta\u010d\u00ed! Premi\u00e9r k tomu je\u0161t\u011b musel p\u0159ipojit, \u017ee to provedla stejn\u00e1 dvojice agent\u016f, jak\u00e1 se pokusila otr\u00e1vit Skripala nefunguj\u00edc\u00edm novi\u010dokem. Pat a Mat rusk\u00e9 rozv\u011bdky.<\/p>\n<p>Andrej Babi\u0161 s\u00a0t\u00edm nav\u00edc p\u0159i\u0161el v\u00a0dob\u011b, kdy cel\u00fd sv\u011bt v\u00ed, \u017ee p\u0159\u00edpad Skripal byl od sam\u00e9ho za\u010d\u00e1tku vylhan\u00fd, a \u017ee tam k\u00a0\u017e\u00e1dn\u00e9mu pokusu o zabit\u00ed agenta nikdy nedo\u0161lo. To je stejn\u00e9, jako by si p\u0159ed televizn\u00edmi kamerami vylil na hlavu no\u010dn\u00edk pln\u00fd chc\u00e1nk\u016f. Ve\u0159ejn\u011b se poni\u017euje, aby uk\u00e1zal loajalitu.<\/p>\n<p>Znovu cituji Martina Konvi\u010dku.\u00a0<em>\u201eKdy\u017e \u201cn\u00e1m zabili Ferdinada\u201d, fakt tam le\u017eel, mrtvej, a vedle Gavrilo s revolverem. Kdy\u017e vyst\u0159\u00edleli Gliwice, tak navl\u00e9kli eses\u00e1ky do polsk\u00fdch uniforem a vys\u00edla\u010dku vyst\u0159\u00edleli.\u201c<\/em><\/p>\n<p>Dok\u00e1\u017eeme si p\u0159edstavit, \u017ee by premi\u00e9r p\u0159edvedl kamerov\u00e9 z\u00e1znamy, satelitn\u00ed z\u00e1znamy, sv\u011bdectv\u00ed \u00fa\u010dastn\u00edk\u016f, seznam pasa\u017e\u00e9r\u016f letadla, odhalen\u00fd z\u00e1znam \u0161ifrovan\u00e9 komunikace\u2026 ka\u017ed\u00fd z\u00a0t\u011bch \u201ed\u016fkaz\u016f\u201c by mohl b\u00fdt pad\u011blan\u00fd, ale oni se ani nepokusili! V\u00a0n\u00e1sleduj\u00edc\u00edch t\u00fddnech se n\u011bco mo\u017en\u00e1 objev\u00ed, ale pachu\u0165 neobran\u00e9ho zpackan\u00e9ho podvodu u\u017e z\u016fstane. Asi jako p\u0159i americk\u00fdch volb\u00e1ch, kdy fal\u0161ov\u00e1n\u00ed hlas\u016f prov\u00e1d\u011bli p\u0159\u00edmo pod bezpe\u010dnostn\u00ed kamerou, a neobt\u011b\u017eovali se vymazat z\u00e1znam.<\/p>\n<p>Vl\u00e1dne n\u00e1m re\u017eim, kter\u00fd neum\u00ed u\u017e ani zfal\u0161ovat \u0161pion\u00e1\u017en\u00ed af\u00e9ru.<\/p>\n<p>Tahle trapn\u00e1 sc\u00e9nka je z\u00e1rove\u0148 Babi\u0161ovou politickou sebevra\u017edou. Sl\u00edben\u00fdch 300 tis\u00edc vakc\u00edn, kter\u00e9 m\u011bly dorazit je\u0161t\u011b b\u011bhem dubna, nikdy nep\u0159ijdou. Z\u00e1padn\u00ed spojenci se na Babi\u0161e ok\u00e1zale vyka\u0161lou. O\u010dkovat se nebude, opat\u0159en\u00ed nebudou fungovat, zem\u011b se bude d\u00e1l propadat do chaosu a v\u00edt\u011bzstv\u00ed Pir\u00e1t\u016f a Demobloku bude drtiv\u00e9. Te\u010f u\u017e nejde o to, jestli budou sestavovat vl\u00e1du, ale o to, jestli dos\u00e1hnou \u00fastavn\u00ed v\u011bt\u0161iny. To by jim umo\u017enilo nap\u0159\u00edklad zru\u0161it p\u0159\u00edmou volbu prezidenta.<\/p>\n<p>Nejde toti\u017e jen o probl\u00e9my ANO. Ve stejnou dobu p\u00e1ch\u00e1 sebevra\u017edu KS\u010cM a SPD p\u0159edv\u00e1d\u00ed ok\u00e1zal\u00fd nez\u00e1jem st\u00e1t se silnou stranou.<\/p>\n<p>Nezapom\u00ednejme, \u017ee Andrej Babi\u0161 nem\u016f\u017ee \u010dekat klidn\u00fd odchod ze sc\u00e9ny. Do jeho vyl\u00ed\u010den\u00ed jako hlavn\u00edho zloducha u\u017e bylo nainvestov\u00e1no p\u0159\u00edli\u0161 mnoho. Do konce \u017eivota ho \u010dekaj\u00ed popotahov\u00e1n\u00ed a soudy, mo\u017en\u00e1 p\u0159ijde o majetek, a nakonec bude r\u00e1d, \u017ee neskon\u010d\u00ed ve v\u011bzen\u00ed.<\/p>\n<p>Pro\u010d se k\u00a0tomu nechal Andrej Babi\u0161 p\u0159esv\u011bd\u010dit? Dr\u017eeli mu pistoli u hlavy? Dr\u017eeli Moniku v\u00a0n\u011bjak\u00e9m temn\u00e9m sklepen\u00ed a hrozili, \u017ee j\u00ed budou mu\u010dit? Ob\u00e1v\u00e1m se, \u017ee je za t\u00edm jen zbab\u011blost a neschopnost \u010delit n\u00e1tlaku. \u017de sta\u010dilo p\u00e1r hodin tvrd\u0161\u00edho tlaku a sesypal se. Konec konc\u016f, co m\u016f\u017eeme \u010dekat od n\u011bkoho, kdo sv\u00e9 imp\u00e9rium vybudoval jen intrikov\u00e1n\u00edm a podpl\u00e1cen\u00edm, a kdo nikdy v\u00a0\u017eivot\u011b nepro\u0161el p\u0159\u00edm\u00fdm st\u0159etem s\u00a0aspo\u0148 stejn\u011b siln\u00fdm soupe\u0159em.<\/p>\n<p>Sm\u00e1li jsme se zbab\u011bl\u00e9mu Ne\u010dasovi. Te\u010f m\u00e1me je\u0161t\u011b zbab\u011blej\u0161\u00edho Babi\u0161e. A ob\u00e1v\u00e1m, \u017ee Babi\u0161 je je\u0161t\u011b hrdinou, ve srovn\u00e1n\u00ed s\u00a0premi\u00e9rem Barto\u0161em.<\/p>\n<p>N\u011bkdo m\u016f\u017ee m\u00edt pocit, \u017ee jsme p\u0159\u00edli\u0161 mal\u00e1 zem\u011b, \u017ee tlak Westinghousu je p\u0159\u00edli\u0161 siln\u00fd, a \u017ee se s\u00a0t\u00edm ned\u00e1 nic d\u011blat. Omyl! Ma\u010farsko a Rakousko jsou stejn\u011b mal\u00e9 zem\u011b, a na n\u011b to nefunguje. \u017de ameri\u010dt\u00ed investo\u0159i ovl\u00e1daj\u00ed i \u010desk\u00e9 tajn\u00e9 slu\u017eby? Babi\u0161 m\u011bl \u010dty\u0159i roky, aby v\u00a0nich provedl pot\u0159ebn\u00e9 zm\u011bny. Mohl po\u010d\u00edtat s\u00a0jednozna\u010dnou podporou prezidenta. P\u0159esto je velezr\u00e1dce Koudelka dosud \u0161\u00e9fem BIS. Jen\u017ee se vyh\u00fdbal \u010deln\u00edmu n\u00e1razu. Jak trumpovsk\u00e9!<\/p>\n<p>Babi\u0161ova politick\u00e1 sebevra\u017eda nen\u00ed sebevra\u017edou vojev\u016fdce po prohran\u00e9 bitv\u011b. Nen\u00ed aktem cti. Je aktem ubohosti. Pora\u017een\u00fd se mus\u00ed p\u0159ed smrt\u00ed ve\u0159ejn\u011b pon\u00ed\u017eit. Jen\u017ee Andrej Babi\u0161 nebyl pora\u017een. Poni\u017euje se bez boje.<\/p>\n<p>V\u00a0tom je typick\u00fdm p\u0159edstavitelem sou\u010dasn\u00e9 z\u00e1padn\u00ed civilizace.<\/p>\n<p><a href=\"https:\/\/www.petrhampl.com\/\">Petr Hampl<\/a><\/p>\n<p>&nbsp;<\/p>\n","protected":false},"excerpt":{"rendered":"<p>Martin Konvi\u010dka kdysi pronesl skv\u011bl\u00fd post\u0159eh, \u017ee hloupost je povinn\u00fdm rysem sou\u010dasn\u00e9 mainstreamov\u00e9 propagandy. \u010c\u00edm&#8230;<\/p>\n","protected":false},"author":2,"featured_media":1006,"comment_status":"closed","ping_status":"closed","sticky":false,"template":"","format":"standard","meta":[],"categories":[6],"tags":[159,126,146,145],"_links":{"self":[{"href":"https:\/\/www.infokuryr.cz\/n\/wp-json\/wp\/v2\/posts\/1005"}],"collection":[{"href":"https:\/\/www.infokuryr.cz\/n\/wp-json\/wp\/v2\/posts"}],"about":[{"href":"https:\/\/www.infokuryr.cz\/n\/wp-json\/wp\/v2\/types\/post"}],"author":[{"embeddable":true,"href":"https:\/\/www.infokuryr.cz\/n\/wp-json\/wp\/v2\/users\/2"}],"replies":[{"embeddable":true,"href":"https:\/\/www.infokuryr.cz\/n\/wp-json\/wp\/v2\/comments?post=1005"}],"version-history":[{"count":0,"href":"https:\/\/www.infokuryr.cz\/n\/wp-json\/wp\/v2\/posts\/1005\/revisions"}],"wp:featuredmedia":[{"embeddable":true,"href":"https:\/\/www.infokuryr.cz\/n\/wp-json\/wp\/v2\/media\/1006"}],"wp:attachment":[{"href":"https:\/\/www.infokuryr.cz\/n\/wp-json\/wp\/v2\/media?parent=1005"}],"wp:term":[{"taxonomy":"category","embeddable":true,"href":"https:\/\/www.infokuryr.cz\/n\/wp-json\/wp\/v2\/categories?post=1005"},{"taxonomy":"post_tag","embeddable":true,"href":"https:\/\/www.infokuryr.cz\/n\/wp-json\/wp\/v2\/tags?post=1005"}],"curies":[{"name":"wp","href":"https:\/\/api.w.org\/{rel}","templated":true}]}}