{"id":100494,"date":"2026-02-27T00:25:58","date_gmt":"2026-02-26T23:25:58","guid":{"rendered":"https:\/\/www.infokuryr.cz\/n\/?p=100494"},"modified":"2026-02-26T18:27:13","modified_gmt":"2026-02-26T17:27:13","slug":"ondrej-prokop-jeho-otec-prezil-terezin-a-zachranil-stovky-lidi-neuveritelny-pribeh-z-koncentracniho-tabora-michal-pacovsky","status":"publish","type":"post","link":"https:\/\/www.infokuryr.cz\/n\/2026\/02\/27\/ondrej-prokop-jeho-otec-prezil-terezin-a-zachranil-stovky-lidi-neuveritelny-pribeh-z-koncentracniho-tabora-michal-pacovsky\/","title":{"rendered":"Ond\u0159ej Prokop: Jeho otec p\u0159e\u017eil Terez\u00edn a zachr\u00e1nil stovky lid\u00ed. Neuv\u011b\u0159iteln\u00fd p\u0159\u00edb\u011bh z koncentra\u010dn\u00edho t\u00e1bora. | Michal Pacovsk\u00fd"},"content":{"rendered":"<div id=\"fb-root\"><\/div>\n<p>\u201eOtec p\u0159e\u017eil Terez\u00edn d\u00edky tomu, \u017ee eses\u00e1ky p\u0159esv\u011bd\u010dil o huben\u00ed my\u0161\u00ed. Zachr\u00e1nil tak i 300 lid\u00ed.&#8220; Neuv\u011b\u0159iteln\u00fd p\u0159\u00edb\u011bh z koncentra\u010dn\u00edho t\u00e1bora.<\/p>\n<p>\ud83d\udc49 Jak se z deratiza\u010dn\u00ed \u017eivnosti stala z\u00e1minka k p\u0159e\u017eit\u00ed a nakonec i z\u00e1chran\u011b dal\u0161\u00edch lid\u00ed?<br \/>\n\ud83d\udc49 Pro\u010d je dnes relativizace holocaustu nebezpe\u010dn\u011bj\u0161\u00edm trendem, ne\u017e si p\u0159ipou\u0161t\u00edme? A jak bychom se z historie m\u011bli pou\u010dit?<br \/>\n\ud83d\udc49 Jak vypadal \u017eivot \u017eidovsk\u00e9 komunity v Praze, kdy\u017e na ni z prot\u011bj\u0161\u00edho domu m\u00ed\u0159ily kamery StB?<br \/>\n\ud83d\udc49 Co v\u0161echno dnes d\u011bl\u00e1 \u017didovsk\u00fd n\u00e1rodn\u00ed fond a jak prom\u011b\u0148uje izraelskou pou\u0161\u0165 v les?<br \/>\n\ud83d\udc49 Kde pramen\u00ed hlubok\u00e9 p\u0159\u00e1telstv\u00ed mezi \u010ceskou republikou a st\u00e1tem Izrael?<\/p>\n<p>O tom i o dal\u0161\u00edch t\u00e9matech jsme se bavili v podcastu \u010cau Praho s hostem \ud83d\udde3\ufe0f, kde v\u00e1m pr\u016fb\u011b\u017en\u011b p\u0159edstavuji zaj\u00edmav\u00e9 osobnosti. Budu moc r\u00e1d, kdy\u017e si dne\u0161n\u00ed d\u00edl pust\u00edte a nap\u00ed\u0161ete n\u00e1m v\u00e1\u0161 n\u00e1zor nebo post\u0159eh do koment\u00e1\u0159\u016f.<\/p>\n<p>Pros\u00edm tak\u00e9 o sd\u00edlen\u00ed. P\u0159edem moc d\u011bkuji!<\/p>\n<p><strong>Michal Pacovsk\u00fd<\/strong>\u00a0je prezidentem \u017didovsk\u00e9ho n\u00e1rodn\u00edho fondu v \u010cR. V rozhovoru otev\u0159en\u011b mluv\u00ed o rodinn\u00e9 historii, ko\u0159enech nen\u00e1visti na Bl\u00edzk\u00e9m v\u00fdchod\u011b, ale i o hlubok\u00e9m p\u0159\u00e1telstv\u00ed mezi \u010cechy a Izraelci, kter\u00e9 trv\u00e1 od dob T. G. Masaryka.<\/p>\n<p><iframe loading=\"lazy\" title=\"Jeho otec p\u0159e\u017eil Terez\u00edn a zachr\u00e1nil stovky lid\u00ed. Neuv\u011b\u0159iteln\u00fd p\u0159\u00edb\u011bh z l\u00e1gru. | Michal Pacovsk\u00fd\" width=\"640\" height=\"360\" src=\"https:\/\/www.youtube.com\/embed\/V4NZzJ0lf5U?feature=oembed\" frameborder=\"0\" allow=\"accelerometer; autoplay; clipboard-write; encrypted-media; gyroscope; picture-in-picture; web-share\" referrerpolicy=\"strict-origin-when-cross-origin\" allowfullscreen><\/iframe><\/p>\n<p><strong>Ing. Ond\u0159ej Prokop<\/strong><\/p>\n","protected":false},"excerpt":{"rendered":"<p>\u201eOtec p\u0159e\u017eil Terez\u00edn d\u00edky tomu, \u017ee eses\u00e1ky p\u0159esv\u011bd\u010dil o huben\u00ed my\u0161\u00ed. Zachr\u00e1nil tak i 300&#8230;<\/p>\n","protected":false},"author":2,"featured_media":47151,"comment_status":"closed","ping_status":"closed","sticky":false,"template":"","format":"standard","meta":[],"categories":[6],"tags":[810,1052,889],"_links":{"self":[{"href":"https:\/\/www.infokuryr.cz\/n\/wp-json\/wp\/v2\/posts\/100494"}],"collection":[{"href":"https:\/\/www.infokuryr.cz\/n\/wp-json\/wp\/v2\/posts"}],"about":[{"href":"https:\/\/www.infokuryr.cz\/n\/wp-json\/wp\/v2\/types\/post"}],"author":[{"embeddable":true,"href":"https:\/\/www.infokuryr.cz\/n\/wp-json\/wp\/v2\/users\/2"}],"replies":[{"embeddable":true,"href":"https:\/\/www.infokuryr.cz\/n\/wp-json\/wp\/v2\/comments?post=100494"}],"version-history":[{"count":0,"href":"https:\/\/www.infokuryr.cz\/n\/wp-json\/wp\/v2\/posts\/100494\/revisions"}],"wp:featuredmedia":[{"embeddable":true,"href":"https:\/\/www.infokuryr.cz\/n\/wp-json\/wp\/v2\/media\/47151"}],"wp:attachment":[{"href":"https:\/\/www.infokuryr.cz\/n\/wp-json\/wp\/v2\/media?parent=100494"}],"wp:term":[{"taxonomy":"category","embeddable":true,"href":"https:\/\/www.infokuryr.cz\/n\/wp-json\/wp\/v2\/categories?post=100494"},{"taxonomy":"post_tag","embeddable":true,"href":"https:\/\/www.infokuryr.cz\/n\/wp-json\/wp\/v2\/tags?post=100494"}],"curies":[{"name":"wp","href":"https:\/\/api.w.org\/{rel}","templated":true}]}}