{"id":100424,"date":"2026-02-26T00:17:49","date_gmt":"2026-02-25T23:17:49","guid":{"rendered":"https:\/\/www.infokuryr.cz\/n\/?p=100424"},"modified":"2026-02-25T07:04:25","modified_gmt":"2026-02-25T06:04:25","slug":"eu-haji-zakon-o-cenzure-zamestnanci-komise-prechazeji-na-samomazani-zprav-v-signalu","status":"publish","type":"post","link":"https:\/\/www.infokuryr.cz\/n\/2026\/02\/26\/eu-haji-zakon-o-cenzure-zamestnanci-komise-prechazeji-na-samomazani-zprav-v-signalu\/","title":{"rendered":"EU h\u00e1j\u00ed z\u00e1kon o cenzu\u0159e, zam\u011bstnanci Komise p\u0159ech\u00e1zej\u00ed na samomaz\u00e1n\u00ed zpr\u00e1v v Signalu"},"content":{"rendered":"<div id=\"fb-root\"><\/div>\n<div class=\"elementor-element elementor-element-1fb4c2c elementor-widget elementor-widget-theme-post-content\" data-id=\"1fb4c2c\" data-element_type=\"widget\" data-e-type=\"widget\" data-widget_type=\"theme-post-content.default\">\n<div class=\"elementor-widget-container\">\n<p><span dir=\"auto\">Brusel prosazuje kontrolu chatu, aby monitoroval soukromou komunikaci, zat\u00edmco jeho vlastn\u00ed org\u00e1ny se st\u00e1le hloub\u011bji stahuj\u00ed do \u0161ifrovan\u00fdch, sebedestruktivn\u00edch zpr\u00e1v.<\/span><\/p>\n<p><span dir=\"auto\">Vysok\u00e1 \u00fa\u0159ednice EU odpov\u011bdn\u00e1 za vym\u00e1h\u00e1n\u00ed pravidel pro pou\u017e\u00edv\u00e1n\u00ed online jazyk\u016f odm\u00edt\u00e1 to, co naz\u00fdv\u00e1 zastra\u0161ov\u00e1n\u00edm ze strany Washingtonu \u2013 zat\u00edmco jej\u00ed vlastn\u00ed agentura prosazuje opat\u0159en\u00ed, kter\u00e1 roz\u0161i\u0159uj\u00ed zapojen\u00ed st\u00e1tu do digit\u00e1ln\u00edho projevu a soukrom\u00e9 komunikace.<\/span><\/p>\n<p><span dir=\"auto\">Prabhat Agarwal, kter\u00fd v Evropsk\u00e9 komisi vede odd\u011blen\u00ed pro vym\u00e1h\u00e1n\u00ed z\u00e1kona o digit\u00e1ln\u00edch slu\u017eb\u00e1ch, v pond\u011bl\u00ed na Amsterdamsk\u00e9 univerzit\u011b prohl\u00e1sil, \u017ee regula\u010dn\u00ed org\u00e1ny a skupiny ob\u010dansk\u00e9 spole\u010dnosti by se nem\u011bly pod tlakem stahovat ze Spojen\u00fdch st\u00e1t\u016f. Jeho prohl\u00e1\u0161en\u00ed n\u00e1sledovala po zve\u0159ejn\u011bn\u00ed zpr\u00e1vy justi\u010dn\u00edho v\u00fdboru Sn\u011bmovny reprezentant\u016f USA ze 3. \u00fanora, kter\u00e1 obsahovala jm\u00e9na a e-mailov\u00e9 adresy zam\u011bstnanc\u016f zapojen\u00fdch do vym\u00e1h\u00e1n\u00ed a prosazov\u00e1n\u00ed evropsk\u00fdch z\u00e1kon\u016f o cenzu\u0159e.<\/span><\/p>\n<p><span dir=\"auto\">\u201eNenechte se zastra\u0161it. My v Komisi stoj\u00edme po boku evropsk\u00fdch organizac\u00ed ob\u010dansk\u00e9 spole\u010dnosti, kter\u00e9 byly ohro\u017eeny, a tak\u00e9 stoj\u00edme za na\u0161imi t\u00fdmy,\u201c \u0159ekl Agarwal podle Politica.<\/span><\/p>\n<p><span dir=\"auto\">Zpr\u00e1va byla zve\u0159ejn\u011bna kr\u00e1tce pot\u00e9, co Washington zak\u00e1zal vstup do Spojen\u00fdch st\u00e1t\u016f b\u00fdval\u00e9mu vysoce postaven\u00e9mu \u00fa\u0159edn\u00edkovi EU a dv\u011bma z\u00e1stupc\u016fm ob\u010dansk\u00e9 spole\u010dnosti. Evrop\u0161t\u00ed \u00fa\u0159edn\u00edci tyto kroky pova\u017eovali za pokus o ma\u0159en\u00ed implementace DSA \u2013 \u00fast\u0159edn\u00edho regula\u010dn\u00edho r\u00e1mce EU pro obsah na hlavn\u00edch online platform\u00e1ch.<\/span><\/p>\n<p><span dir=\"auto\">Z\u00e1kon o digit\u00e1ln\u00edch slu\u017eb\u00e1ch (DSA) ukl\u00e1d\u00e1 velk\u00fdm technologick\u00fdm spole\u010dnostem rozs\u00e1hl\u00e9 regula\u010dn\u00ed povinnosti. Rozhodnut\u00ed o vym\u00e1h\u00e1n\u00ed pr\u00e1va, v\u010detn\u011b ned\u00e1vn\u00e9 masivn\u00ed pokuty pro spole\u010dnost X, jsou zalo\u017eena na vy\u0161et\u0159ov\u00e1n\u00edch prov\u00e1d\u011bn\u00fdch zam\u011bstnanci Komise a tak\u00e9 na dokumentaci od extern\u00edch organizac\u00ed.<\/span><\/p>\n<p><span dir=\"auto\">Brusel argumentuje, \u017ee tato regula\u010dn\u00ed struktura v kone\u010dn\u00e9m d\u016fsledku chr\u00e1n\u00ed svobodu projevu t\u00edm, \u017ee omezuje manipulaci a zneu\u017e\u00edv\u00e1n\u00ed.<\/span><\/p>\n<p><span dir=\"auto\">B\u00edl\u00fd d\u016fm a \u010dlenov\u00e9 americk\u00e9ho Kongresu zast\u00e1vaj\u00ed jin\u00fd n\u00e1zor. Tvrd\u00ed, \u017ee z\u00e1kon o slu\u017eb\u00e1ch v oblasti slu\u017eeb (DSA) vytv\u00e1\u0159\u00ed form\u00e1ln\u00ed kan\u00e1ly, kter\u00fdmi mohou vl\u00e1dy tla\u010dit na platformy, aby odstranily legitimn\u00ed projevy n\u00e1zoru. Ve\u0159ejn\u011b zn\u00e1m\u00e9 osobnosti, jako je Elon Musk, popsaly tento syst\u00e9m jako institucionalizovanou cenzuru.<\/span><\/p>\n<p><span dir=\"auto\">Agarwal vysv\u011btlil, \u017ee pr\u00e1ce jeho t\u00fdmu se setk\u00e1v\u00e1 s rostouc\u00edm odporem. \u201eNa\u0161e pr\u00e1ce\u201c byla \u201eobt\u00ed\u017en\u011bj\u0161\u00ed a konfronta\u010dn\u011bj\u0161\u00ed\u201c, ne\u017e se o\u010dek\u00e1valo. \u0160ir\u0161\u00ed spor s Washingtonem byl \u201emnohem v\u011bt\u0161\u00ed ne\u017e samotn\u00e1 DSA\u201c a t\u00fdkal se \u201eintelektu\u00e1ln\u00edho prostoru, kter\u00fd jako Evropan\u00e9 zauj\u00edm\u00e1me\u201c. Evropa musela \u201ebr\u00e1nit prostor, kde m\u016f\u017eeme skute\u010dn\u011b diskutovat o v\u011bcech, kter\u00e9 jsou pro na\u0161i spole\u010dnost d\u016fle\u017eit\u00e9\u201c.<\/span><\/p>\n<p><span dir=\"auto\">Kolegov\u00e9 p\u0159esunuli intern\u00ed komunikaci do Signalu a pou\u017e\u00edvaj\u00ed \u0161ifrovan\u00e9 zpr\u00e1vy s funkc\u00ed automatick\u00e9ho maz\u00e1n\u00ed, a\u010dkoli \u201elh\u016fty pro automatick\u00e9 maz\u00e1n\u00ed se zkracuj\u00ed a zkracuj\u00ed\u201c.<\/span><\/p>\n<p><span dir=\"auto\">To je obzvl\u00e1\u0161t\u011b pozoruhodn\u00e9, proto\u017ee tat\u00e1\u017e Komise, kter\u00e1 platform\u00e1m na\u0159izuje kontrolu obsahu a p\u0159edkl\u00e1d\u00e1n\u00ed rozs\u00e1hl\u00fdch zpr\u00e1v o transparentnosti, se nyn\u00ed st\u00e1le \u010dast\u011bji uchyluje k n\u00e1stroj\u016fm pro do\u010dasn\u00e9 zas\u00edl\u00e1n\u00ed zpr\u00e1v pro intern\u00ed diskuse.<\/span><\/p>\n<p><span dir=\"auto\">Ve\u0159ejn\u00ed \u010dinitel\u00e9 v EU podl\u00e9haj\u00ed pravidl\u016fm transparentnosti a p\u0159\u00edstupu k dokument\u016fm a jsou obecn\u011b povinni vykon\u00e1vat \u00fa\u0159edn\u00ed \u010dinnost tak, aby dokumenty byly uchov\u00e1ny pro p\u0159\u00edpadn\u00e9 \u017e\u00e1dosti o svobodn\u00fd p\u0159\u00edstup k informac\u00edm. Zda automaticky mazan\u00e9 zpr\u00e1vy spl\u0148uj\u00ed tyto povinnosti, je otev\u0159enou pr\u00e1vn\u00ed ot\u00e1zkou.<\/span><\/p>\n<p><span dir=\"auto\">Veden\u00ed Evropsk\u00e9 komise rozeslalo intern\u00ed e-mail, kter\u00fd si novin\u00e1\u0159i pozd\u011bji mohli prohl\u00e9dnout, v n\u011bm\u017e ujistilo zam\u011bstnance, jejich\u017e jm\u00e9na se objevila ve zpr\u00e1v\u011b Kongresu, \u017ee je instituce ochr\u00e1n\u00ed p\u0159ed hrozbami.<\/span><\/p>\n<p><span dir=\"auto\">Agarwal se v\u0161ak nevyj\u00e1d\u0159il k \u00fast\u0159edn\u00edmu tvrzen\u00ed V\u00fdboru pro spravedlnost, \u017ee org\u00e1ny EU vyv\u00edjely tlak na americk\u00e9 spole\u010dnosti, aby zm\u00edr\u0148ovaly n\u00e1zory vyjad\u0159ovan\u00e9 ve Spojen\u00fdch st\u00e1tech.<\/span><\/p>\n<p><span dir=\"auto\">Kontroverze se odehr\u00e1v\u00e1 soub\u011b\u017en\u011b s dal\u0161\u00edmi iniciativami EU s v\u00fdznamn\u00fdmi d\u016fsledky pro ochranu \u00fadaj\u016f. Z\u00e1kon o ochran\u011b osobn\u00edch \u00fadaj\u016f (DSA) obsahuje po\u017eadavky na ov\u011b\u0159ov\u00e1n\u00ed v\u011bku a zm\u00edr\u0148ov\u00e1n\u00ed rizik, co\u017e by mohlo platformy zav\u00e1zat ke shroma\u017e\u010fov\u00e1n\u00ed dal\u0161\u00edch u\u017eivatelsk\u00fdch \u00fadaj\u016f. Brusel d\u00e1le prosazuje roz\u0161\u00ed\u0159en\u00ed tzv. opat\u0159en\u00ed pro monitorov\u00e1n\u00ed chatu, a to na z\u00e1klad\u011b do\u010dasn\u00e9 v\u00fdjimky z roku 2021 ze sm\u011brnice o soukrom\u00ed a elektronick\u00fdch komunikac\u00edch, kter\u00e1 poskytovatel\u016fm umo\u017e\u0148ovala dobrovoln\u011b skenovat komunikaci.<\/span><\/p>\n<p><span dir=\"auto\">Toto d\u0159\u00edv\u011bj\u0161\u00ed opat\u0159en\u00ed nena\u0159izovalo opu\u0161t\u011bn\u00ed end-to-end \u0161ifrov\u00e1n\u00ed. N\u00e1vrhy na roz\u0161\u00ed\u0159en\u00ed pravomoc\u00ed v oblasti sledov\u00e1n\u00ed v\u0161ak vyvolaly obavy mezi organizacemi pro digit\u00e1ln\u00ed ob\u010dansk\u00e9 svobody, kter\u00e9 je vn\u00edmaj\u00ed jako kroky k rutinn\u00ed kontrole soukrom\u00e9 komunikace.<\/span><\/p>\n<p><span dir=\"auto\">Je pozoruhodn\u00e9, \u017ee veden\u00ed Komise skr\u00fdv\u00e1 svou vlastn\u00ed komunikaci pr\u00e1v\u011b t\u00edm, \u017ee pou\u017e\u00edv\u00e1 pr\u00e1v\u011b tu technologii, kterou se v jin\u00fdch ohledech sna\u017e\u00ed podkopat.<\/span><\/p>\n<p><span dir=\"auto\">Debaty o transparentnosti nejsou v instituc\u00edch EU ni\u010d\u00edm nov\u00fdm. P\u0159edsedkyn\u011b Komise Ursula von der Leyenov\u00e1 ji\u017e d\u0159\u00edve \u010delila obvin\u011bn\u00edm z maz\u00e1n\u00ed zpr\u00e1v b\u011bhem jedn\u00e1n\u00ed na vysok\u00e9 \u00farovni. To zintenzivnilo dlouhodob\u00e9 spory o standardy dokumentace na vrcholu v\u00fdkonn\u00e9 moci EU.<\/span><\/p>\n<\/div>\n<\/div>\n<div class=\"elementor-element elementor-element-8c57238 quelle dc-has-condition dc-condition-empty elementor-widget elementor-widget-heading\" data-id=\"8c57238\" data-element_type=\"widget\" data-e-type=\"widget\" data-widget_type=\"heading.default\">\n<div class=\"elementor-widget-container\">\n<h3 class=\"elementor-heading-title elementor-size-default\"><span style=\"font-size: 10pt;\"><a href=\"https:\/\/reclaimthenet.org\/eu-digital-services-act-us-pressure-signal\" target=\"_blank\" rel=\"nofollow noopener\"><span dir=\"auto\">Zdroj<\/span><\/a><\/span><\/h3>\n<p>&nbsp;<\/p>\n<\/div>\n<\/div>\n","protected":false},"excerpt":{"rendered":"<p>Brusel prosazuje kontrolu chatu, aby monitoroval soukromou komunikaci, zat\u00edmco jeho vlastn\u00ed org\u00e1ny se st\u00e1le hloub\u011bji&#8230;<\/p>\n","protected":false},"author":2,"featured_media":89404,"comment_status":"closed","ping_status":"closed","sticky":false,"template":"","format":"standard","meta":[],"categories":[7],"tags":[640,63,6461],"_links":{"self":[{"href":"https:\/\/www.infokuryr.cz\/n\/wp-json\/wp\/v2\/posts\/100424"}],"collection":[{"href":"https:\/\/www.infokuryr.cz\/n\/wp-json\/wp\/v2\/posts"}],"about":[{"href":"https:\/\/www.infokuryr.cz\/n\/wp-json\/wp\/v2\/types\/post"}],"author":[{"embeddable":true,"href":"https:\/\/www.infokuryr.cz\/n\/wp-json\/wp\/v2\/users\/2"}],"replies":[{"embeddable":true,"href":"https:\/\/www.infokuryr.cz\/n\/wp-json\/wp\/v2\/comments?post=100424"}],"version-history":[{"count":0,"href":"https:\/\/www.infokuryr.cz\/n\/wp-json\/wp\/v2\/posts\/100424\/revisions"}],"wp:featuredmedia":[{"embeddable":true,"href":"https:\/\/www.infokuryr.cz\/n\/wp-json\/wp\/v2\/media\/89404"}],"wp:attachment":[{"href":"https:\/\/www.infokuryr.cz\/n\/wp-json\/wp\/v2\/media?parent=100424"}],"wp:term":[{"taxonomy":"category","embeddable":true,"href":"https:\/\/www.infokuryr.cz\/n\/wp-json\/wp\/v2\/categories?post=100424"},{"taxonomy":"post_tag","embeddable":true,"href":"https:\/\/www.infokuryr.cz\/n\/wp-json\/wp\/v2\/tags?post=100424"}],"curies":[{"name":"wp","href":"https:\/\/api.w.org\/{rel}","templated":true}]}}