{"id":100401,"date":"2026-02-25T00:34:46","date_gmt":"2026-02-24T23:34:46","guid":{"rendered":"https:\/\/www.infokuryr.cz\/n\/?p=100401"},"modified":"2026-02-24T18:37:16","modified_gmt":"2026-02-24T17:37:16","slug":"po-utoku-na-ropovod-orban-chladnokrevne-ponizuje-elity-eu-a-zelenskeho","status":"publish","type":"post","link":"https:\/\/www.infokuryr.cz\/n\/2026\/02\/25\/po-utoku-na-ropovod-orban-chladnokrevne-ponizuje-elity-eu-a-zelenskeho\/","title":{"rendered":"Po \u00fatoku na ropovod: Orb\u00e1n chladnokrevn\u011b poni\u017euje elity EU a Zelensk\u00e9ho!"},"content":{"rendered":"<div id=\"fb-root\"><\/div>\n<p><strong><span dir=\"auto\">M\u011bla to b\u00fdt velk\u00e1 PR show pro bruselsk\u00e9 elity \u2013 ale pro Ursulu von der Leyen a jej\u00ed kolegy to skon\u010dilo bezprecedentn\u00edm debaklem. U p\u0159\u00edle\u017eitosti \u010dtvrt\u00e9ho v\u00fdro\u010d\u00ed v\u00e1lky na Ukrajin\u011b cht\u011blo veden\u00ed EU p\u0159ev\u00e9st Kyjevu dal\u0161\u00edch 90 miliard eur a prosadit 20. bal\u00ed\u010dek sankc\u00ed proti Rusku. S Viktorem Orb\u00e1nem ale nepo\u010d\u00edtali.<\/span><\/strong><\/p>\n<p><span dir=\"auto\">Ma\u010farsk\u00fd premi\u00e9r z\u016fst\u00e1v\u00e1 neochv\u011bjn\u00fd a blokuje miliardov\u00e9 \u0161\u00edlenstv\u00ed Bruselu. Ukrajinsk\u00fd prezident si za to m\u016f\u017ee s\u00e1m, i kdy\u017e se mainstreamov\u00e1 m\u00e9dia sna\u017e\u00ed prezentovat situaci v opa\u010dn\u00e9m sv\u011btle: Kyjev kou\u0161e do t\u00e9 sam\u00e9 ruky, kter\u00e1 ho krm\u00ed.<\/span><\/p>\n<figure class=\"wp-block-embed is-type-rich is-provider-twitter wp-block-embed-twitter\">\n<div class=\"wp-block-embed__wrapper\">\n<p dir=\"ltr\" lang=\"de\"><em><span dir=\"auto\">Jak hloup\u00fd m\u016f\u017ee\u0161 b\u00fdt, Zelenskyj?<\/span><\/em><br \/>\n<em><span dir=\"auto\">Den p\u0159ed hlasov\u00e1n\u00edm EU o 20. bal\u00ed\u010dku sankc\u00ed proti Rusku a o p\u016fj\u010dce (nebo sp\u00ed\u0161e daru) ve v\u00fd\u0161i 90 miliard eur vyhazuj\u00ed tenhle plynovod do pov\u011bt\u0159\u00ed.<\/span><\/em><br \/>\n<em><span dir=\"auto\">Kdybych byl Fico a Orb\u00e1n, tak bych z\u00edtra hlasoval pro&#8230;\u00a0<\/span><a href=\"https:\/\/t.co\/HtpCVxmhzJ\"><span dir=\"auto\">pic.twitter.com\/HtpCVxmhzJ<\/span><\/a><\/em><\/p>\n<p><em><span dir=\"auto\">\u2014 Michael\u00a0<\/span>\ud83c\udde9\ud83c\uddea<span dir=\"auto\">(@Bundeskanz50246)\u00a0<\/span><a href=\"https:\/\/twitter.com\/Bundeskanz50246\/status\/2025964821296918571?ref_src=twsrc%5Etfw\"><span dir=\"auto\">23. \u00fanora 2026<\/span><\/a><\/em><\/div>\n<\/figure>\n<p><span dir=\"auto\">Co se stalo? P\u0159esn\u011b den p\u0159edt\u00edm, ne\u017e m\u011bl Brusel hlasovat o gigantick\u00e9m bal\u00ed\u010dku ve v\u00fd\u0161i 90 miliard eur (ofici\u00e1ln\u011b prohl\u00e1\u0161en\u00e9m za \u201ep\u016fj\u010dku\u201c, ale ve skute\u010dnosti pravd\u011bpodobn\u011b sp\u00ed\u0161e za dar pen\u011bz evropsk\u00fdch da\u0148ov\u00fdch poplatn\u00edk\u016f zkorumpovan\u00e9 a zkrachoval\u00e9 zemi), vlet\u011bly ukrajinsk\u00e9 drony kamikadze hluboko do Ruska. C\u00edlem Ukrajinsk\u00e9 bezpe\u010dnostn\u00ed slu\u017eby (SBU): \u010derpac\u00ed stanice Dru\u017eba-1 pobl\u00ed\u017e Kaleikina v Tatarst\u00e1nu. K vyhozen\u00ed tohoto kl\u00ed\u010dov\u00e9ho za\u0159\u00edzen\u00ed do pov\u011bt\u0159\u00ed bylo pou\u017eito v\u00edce ne\u017e 35 dron\u016f, jak informoval dokonce i\u00a0<\/span><a href=\"https:\/\/www.pravda.com.ua\/news\/2026\/02\/23\/8022340\/\"><span dir=\"auto\">ukrajinsk\u00fd den\u00edk Ukrajinsk\u00e1 pravda<\/span><\/a><span dir=\"auto\">\u00a0.<\/span><\/p>\n<p><span dir=\"auto\">V\u00fdbu\u0161n\u00e9 na tom je, \u017ee pr\u00e1v\u011b tento plynovod Dru\u017eba je absolutn\u00ed z\u00e1chranou pro energetick\u00e9 z\u00e1sobov\u00e1n\u00ed Ma\u010farska a Slovenska. Tak\u017ee zat\u00edmco Kyjev, jako v\u017edy, nenasytn\u011b nab\u00edz\u00ed Bruselu ruku o 90 miliard eur, z\u00e1rove\u0148 ni\u010d\u00ed energetick\u00e9 z\u00e1sobov\u00e1n\u00ed dvou \u010dlensk\u00fdch st\u00e1t\u016f EU. Jak hloup\u00ed \u2013 nebo jak bezskrupul\u00f3zn\u00ed \u2013 \u010dlov\u011bk m\u016f\u017ee b\u00fdt?<\/span><\/p>\n<figure class=\"wp-block-embed is-type-rich is-provider-twitter wp-block-embed-twitter\">\n<div class=\"wp-block-embed__wrapper\">\n<p dir=\"ltr\" lang=\"en\"><em><span dir=\"auto\">\u201eNepodd\u00e1me se vyd\u00edr\u00e1n\u00ed!\u201c \u2013 Orb\u00e1n obvi\u0148uje Brusel a Ukrajinu ze vm\u011b\u0161ov\u00e1n\u00ed do voleb v souvislosti se sporem o ropovod Dru\u017eba.<\/span><\/em><\/p>\n<p><em><span dir=\"auto\">\u201eUkrajinci otev\u0159en\u011b vyhro\u017euj\u00ed ma\u010farsk\u00e9 vl\u00e1d\u011b a jej\u00edm p\u0159edstavitel\u016fm osobn\u011b,\u201c dodal\u00a0<\/span><a href=\"https:\/\/t.co\/UBAZ6NNndV\"><span dir=\"auto\">pic.twitter.com\/UBAZ6NNndV<\/span><\/a><\/em><\/p>\n<p><em><span dir=\"auto\">\u2014 Viory Video (@vioryvideo)\u00a0<\/span><a href=\"https:\/\/twitter.com\/vioryvideo\/status\/2026047811532562838?ref_src=twsrc%5Etfw\"><span dir=\"auto\">23. \u00fanora 2026<\/span><\/a><\/em><\/div>\n<\/figure>\n<p><span dir=\"auto\">Pro Viktora Orb\u00e1na u\u017e toho bylo dost. D\u011bl\u00e1 to, co se od skute\u010dn\u00e9ho st\u00e1tn\u00edka o\u010dek\u00e1v\u00e1: chr\u00e1n\u00ed sv\u016fj vlastn\u00ed lid p\u0159ed zamrznut\u00edm a ekonomickou zk\u00e1zou. \u201eNenech\u00e1me se vyd\u00edrat!\u201c Orb\u00e1n jednozna\u010dn\u011b prohl\u00e1sil a obvinil Brusel a Ukrajinu z do o\u010d\u00ed bij\u00edc\u00edho vm\u011b\u0161ov\u00e1n\u00ed do voleb. \u201eUkrajinci otev\u0159en\u011b vyhro\u017euj\u00ed ma\u010farsk\u00e9 vl\u00e1d\u011b a jej\u00edm v\u016fdc\u016fm osobn\u011b.\u201c<\/span><\/p>\n<p><span dir=\"auto\">M\u00edsto aby Brusel Orb\u00e1novi pod\u011bkoval za ochranu evropsk\u00e9 energetick\u00e9 bezpe\u010dnosti, v\u0159e hn\u011bvem. P\u0159edseda Rady EU Ant\u00f3nio Costa napsal Budape\u0161ti slzav\u00fd dopis, v n\u011bm\u017e bl\u00e1bolil o \u201eloaj\u00e1ln\u00ed spolupr\u00e1ci\u201c a obvinil Orb\u00e1na z podkop\u00e1v\u00e1n\u00ed \u201ed\u016fv\u011bryhodnosti\u201c EU jen proto, \u017ee se stav\u00ed proti mafi\u00e1nsk\u00fdm metod\u00e1m Bruselu a Kyjeva.<\/span><\/p>\n<figure class=\"wp-block-embed is-type-rich is-provider-twitter wp-block-embed-twitter\">\n<div class=\"wp-block-embed__wrapper\">\n<p dir=\"ltr\" lang=\"en\"><em><span dir=\"auto\">V\u00edce ne\u017e 1200 km od hranic: Drony SBU zas\u00e1hly uzel ropovodu \u201eDru\u017eba\u201c v Tatarst\u00e1nu.<\/span><\/em><\/p>\n<p><em><span dir=\"auto\">Podle zdroj\u016f RBC-Ukrajina v noci za\u00fato\u010dily drony SBU s dlouh\u00fdm doletem na hlavn\u00ed \u010derpac\u00ed stanici ropy \u201eKalejkino\u201c pobl\u00ed\u017e Almet\u011bvska v Tatarst\u00e1nu.<\/span><\/em><\/p>\n<p><em><span dir=\"auto\">Ukrajinsk\u00e9 zpr\u00e1vy\u00a0<\/span><a href=\"https:\/\/t.co\/akL1S7uU2j\"><span dir=\"auto\">pic.twitter.com\/akL1S7uU2j<\/span><\/a><\/em><\/p>\n<p><em><span dir=\"auto\">\u2014 CHRIS (@c_chris10)\u00a0<\/span><a href=\"https:\/\/twitter.com\/c_chris10\/status\/2025945356387660041?ref_src=twsrc%5Etfw\"><span dir=\"auto\">23. \u00fanora 2026<\/span><\/a><\/em><\/div>\n<\/figure>\n<p><span dir=\"auto\">Ale o jak\u00e9 d\u016fv\u011bryhodnosti mluv\u00ed Costa? O d\u016fv\u011bryhodnosti EU, kter\u00e1 ne\u010dinn\u011b p\u0159ihl\u00ed\u017e\u00ed, jak st\u00e1t mimo EU ni\u010d\u00ed energetickou infrastrukturu \u010dlensk\u00fdch st\u00e1t\u016f? Kyjev m\u011bl dokonce zpo\u010d\u00e1tku tu drzost svalit vinu za p\u0159eru\u0161en\u00ed dod\u00e1vek na \u201erusk\u00e9 bombardov\u00e1n\u00ed\u201c \u2013 co\u017e je do o\u010d\u00ed bij\u00edc\u00ed le\u017e, jak nyn\u00ed dokazuj\u00ed \u00fatoky dronu SBU na Kaleikino.<\/span><\/p>\n<p><span dir=\"auto\">I Slovensko m\u00e1 dost vyd\u00edr\u00e1n\u00ed ze strany Kyjeva. Premi\u00e9r Robert Fico, jeho\u017e zem\u011b je tak\u00e9 z\u00e1visl\u00e1 na ropovodu Dru\u017eba, nyn\u00ed blokuje nov\u00e9 sankce proti Rusku. Fico jde dokonce je\u0161t\u011b o krok d\u00e1l a Kyjevu ost\u0159e vyhro\u017euje: pokud na Slovensko p\u0159estane proudit ropa, budou okam\u017eit\u011b p\u0159eru\u0161eny \u017eivotn\u011b d\u016fle\u017eit\u00e9 nouzov\u00e9 dod\u00e1vky energie ze Slovenska na Ukrajinu.<\/span><\/p>\n<p><img decoding=\"async\" loading=\"lazy\" class=\"alignnone size-full wp-image-1185\" src=\"http:\/\/www.infokuryr.cz\/n\/wp-content\/uploads\/2021\/04\/kuryr-podpis.png\" alt=\"\" width=\"84\" height=\"24\" \/><\/p>\n<p>&nbsp;<\/p>\n","protected":false},"excerpt":{"rendered":"<p>M\u011bla to b\u00fdt velk\u00e1 PR show pro bruselsk\u00e9 elity \u2013 ale pro Ursulu von der&#8230;<\/p>\n","protected":false},"author":2,"featured_media":100402,"comment_status":"closed","ping_status":"closed","sticky":false,"template":"","format":"standard","meta":[],"categories":[7],"tags":[41,1508,439,3008],"_links":{"self":[{"href":"https:\/\/www.infokuryr.cz\/n\/wp-json\/wp\/v2\/posts\/100401"}],"collection":[{"href":"https:\/\/www.infokuryr.cz\/n\/wp-json\/wp\/v2\/posts"}],"about":[{"href":"https:\/\/www.infokuryr.cz\/n\/wp-json\/wp\/v2\/types\/post"}],"author":[{"embeddable":true,"href":"https:\/\/www.infokuryr.cz\/n\/wp-json\/wp\/v2\/users\/2"}],"replies":[{"embeddable":true,"href":"https:\/\/www.infokuryr.cz\/n\/wp-json\/wp\/v2\/comments?post=100401"}],"version-history":[{"count":0,"href":"https:\/\/www.infokuryr.cz\/n\/wp-json\/wp\/v2\/posts\/100401\/revisions"}],"wp:featuredmedia":[{"embeddable":true,"href":"https:\/\/www.infokuryr.cz\/n\/wp-json\/wp\/v2\/media\/100402"}],"wp:attachment":[{"href":"https:\/\/www.infokuryr.cz\/n\/wp-json\/wp\/v2\/media?parent=100401"}],"wp:term":[{"taxonomy":"category","embeddable":true,"href":"https:\/\/www.infokuryr.cz\/n\/wp-json\/wp\/v2\/categories?post=100401"},{"taxonomy":"post_tag","embeddable":true,"href":"https:\/\/www.infokuryr.cz\/n\/wp-json\/wp\/v2\/tags?post=100401"}],"curies":[{"name":"wp","href":"https:\/\/api.w.org\/{rel}","templated":true}]}}