{"id":100379,"date":"2026-02-25T00:19:42","date_gmt":"2026-02-24T23:19:42","guid":{"rendered":"https:\/\/www.infokuryr.cz\/n\/?p=100379"},"modified":"2026-02-24T17:02:45","modified_gmt":"2026-02-24T16:02:45","slug":"jiri-vyvadil-zelensky-se-snazi-zlomit-trumpa-podari-se-mu-to","status":"publish","type":"post","link":"https:\/\/www.infokuryr.cz\/n\/2026\/02\/25\/jiri-vyvadil-zelensky-se-snazi-zlomit-trumpa-podari-se-mu-to\/","title":{"rendered":"Ji\u0159\u00ed Vyvadil: Zelensk\u00fd se sna\u017e\u00ed zlomit Trumpa. Poda\u0159\u00ed se mu to?\u2026"},"content":{"rendered":"<div id=\"fb-root\"><\/div>\n<p><strong>V\u0161ichni v\u00edme, \u017ee Trump m\u00e1 sv\u00e9 slovo v tom, zda skute\u010dn\u011b bude ukon\u010den konflikt na Ukrajin\u011b. M\u00e1 stoprocentn\u011b pravdu v tom, \u017ee by jist\u011b nedo\u0161lo k invazi p\u0159ed \u010dty\u0159mi roky, proto\u017ee on by se na rozd\u00edl od Bidena, kter\u00fd odm\u00edtl Putinovi po\u017eadavky ohledn\u011b roz\u0161i\u0159ov\u00e1n\u00ed NATO a\u017e k rusk\u00fdm hranic\u00edm, s Putinem domluvil.\u00a8<\/strong><\/p>\n<p style=\"font-weight: 400;\">Asi ne ve v\u0161em, \u010d\u00edm\u017e m\u00e1m na mysli Venezuelu, Kubu \u010di nyn\u00ed Ir\u00e1n, ale v\u00a0ot\u00e1zce v\u00e1lky na Ukrajin\u011b je Trump nepochybn\u011b jako jedin\u00fd z\u00e1padn\u00ed st\u00e1tn\u00edk bez viny.<\/p>\n<p style=\"font-weight: 400;\">A proto\u017ee schopnosti evropsk\u00fdch elit jsou pouze r\u00e9torick\u00e9, pokusil se Volodymyr Zelensk\u00fd v p\u0159edve\u010der \u010dtvrt\u00e9ho v\u00fdro\u010d\u00ed zah\u00e1jen\u00ed\u00a0\u00a0rusk\u00e9 invaze na Ukrajinu zlomit\u00a0\u00a0americk\u00e9ho prezidenta Donalda Trumpa\u00a0\u00a0osobn\u00ed a emotivn\u00ed v\u00fdzvou.<\/p>\n<p style=\"font-weight: 400;\">V rozhovoru pro stanici CNN p\u0159\u00edmo z prezidentsk\u00e9ho pal\u00e1ce v Kyjev\u011b vyj\u00e1d\u0159il p\u0159\u00e1n\u00ed, aby nejvy\u0161\u0161\u00ed p\u0159edstavitel Spojen\u00fdch st\u00e1t\u016f z\u016fstal na stran\u011b jeho zem\u011b. Podle Zelensk\u00e9ho jsou USA p\u0159\u00edli\u0161 velk\u00fdm a v\u00fdznamn\u00fdm hr\u00e1\u010dem na to, aby od prob\u00edhaj\u00edc\u00edho konfliktu mohly d\u00e1t ruce pry\u010d.<\/p>\n<p style=\"font-weight: 400;\">Chce, aby Trump vyj\u00e1d\u0159\u00ed Ukrajin\u011b podporu b\u011bhem sv\u00e9ho projevu o stavu Unie,. Zelenskyj\u00a0\u00a0samoz\u0159ejm\u011b pou\u017eil emotivn\u00ed r\u00e9toriku, kter\u00e1 v\u00a0\u010d\u00e1sti z\u00e1padn\u00edho sv\u011bta, a samoz\u0159ejm\u011b zcela ur\u010dit\u011b u na\u0161\u00ed opozice, chvilka\u0159\u016f \u010di Petra Pavla by zp\u016fsobila nad\u0161en\u00fd souhlas. Uvedl , \u017ee Spojen\u00e9 st\u00e1ty by m\u011bly st\u00e1t p\u0159i demokratick\u00e9m st\u00e1tu, kter\u00fd \u010del\u00ed agresi jednoho konkr\u00e9tn\u00edho \u010dlov\u011bka. Putina p\u0159itom ozna\u010dil za zosobn\u011bn\u00ed v\u00e1lky, jemu\u017e jde pouze o vlastn\u00ed osobu, zat\u00edmco cel\u00e9 Rusko se pod jeho veden\u00edm nach\u00e1z\u00ed v pomysln\u00e9m v\u011bzen\u00ed.<\/p>\n<p style=\"font-weight: 400;\">Pokud Amerika skute\u010dn\u011b usiluje o zastaven\u00ed Putina, disponuje k tomu podle Zelensk\u00e9ho obrovskou silou.<\/p>\n<p style=\"font-weight: 400;\">Uvid\u00edme, zda se Trump podvol\u00ed.<\/p>\n<p style=\"font-weight: 400;\">V\u00a0jednom se toti\u017e Zelensk\u00fd m\u00fdl\u00ed. I Trump zrovna ned\u00e1vno potvrdil dosud platn\u00e9 sankce proti Rusku a i jeho vyb\u00e1jen\u00e9 tzv. sekund\u00e1rn\u00ed cla proti odb\u011bratel\u016fm rusk\u00e9 ropy a plynu \u2013 \u010c\u00edn\u011b i Indii z\u00e1hy za\u0161ly\u00a0\u00a0na \u00fabyt\u011b.<\/p>\n<p style=\"font-weight: 400;\">Jedin\u00fdm mo\u017en\u00fdm p\u0159itvrzen\u00edm je vojensk\u00e1 eskalace proti Rusku, kter\u00e1 by se z\u0159ejm\u011b l\u00edbila Zelensk\u00e9mu i jeho evropsk\u00fdm podporovatel\u016fm.<\/p>\n<p style=\"font-weight: 400;\">A i na\u0161i v\u00e1le\u010dn\u00edci by tleskali nad\u0161en\u00edm, aby bylo mo\u017en\u00e9 nav\u00fd\u0161it zbrojn\u00ed v\u00fddaje, co\u017e je jejich tou\u017eebn\u00fd c\u00edl.<\/p>\n<p style=\"font-weight: 400;\">V\u00a0z\u00e1jmu rozumn\u00e9ho v\u00fdvoje v\u00a0Evrop\u011b i ve sv\u011bt\u011b\u00a0\u00a0toti\u017e je, aby Trump na tento n\u00e1tlak nep\u0159istoupil.<\/p>\n<p style=\"font-weight: 400;\">Tak se nechme p\u0159ekvapit.<\/p>\n<p><a href=\"https:\/\/vasevec.info\/blogy\/zelensky-se-snazi-zlomit-trumpa-podari-se-mu\">Ji\u0159\u00ed Vyvadil<\/a><\/p>\n<p><img decoding=\"async\" loading=\"lazy\" class=\"alignnone size-medium wp-image-16474\" src=\"http:\/\/www.infokuryr.cz\/n\/wp-content\/uploads\/2022\/10\/jiri-vyvadil-300x200.jpg\" alt=\"\" width=\"300\" height=\"200\" srcset=\"https:\/\/www.infokuryr.cz\/n\/wp-content\/uploads\/2022\/10\/jiri-vyvadil-300x200.jpg 300w, https:\/\/www.infokuryr.cz\/n\/wp-content\/uploads\/2022\/10\/jiri-vyvadil-768x512.jpg 768w, https:\/\/www.infokuryr.cz\/n\/wp-content\/uploads\/2022\/10\/jiri-vyvadil.jpg 800w\" sizes=\"(max-width: 300px) 100vw, 300px\" \/><\/p>\n<p>&nbsp;<\/p>\n","protected":false},"excerpt":{"rendered":"<p>V\u0161ichni v\u00edme, \u017ee Trump m\u00e1 sv\u00e9 slovo v tom, zda skute\u010dn\u011b bude ukon\u010den konflikt na&#8230;<\/p>\n","protected":false},"author":2,"featured_media":99302,"comment_status":"closed","ping_status":"closed","sticky":false,"template":"","format":"standard","meta":[],"categories":[6],"tags":[1503,452,1000],"_links":{"self":[{"href":"https:\/\/www.infokuryr.cz\/n\/wp-json\/wp\/v2\/posts\/100379"}],"collection":[{"href":"https:\/\/www.infokuryr.cz\/n\/wp-json\/wp\/v2\/posts"}],"about":[{"href":"https:\/\/www.infokuryr.cz\/n\/wp-json\/wp\/v2\/types\/post"}],"author":[{"embeddable":true,"href":"https:\/\/www.infokuryr.cz\/n\/wp-json\/wp\/v2\/users\/2"}],"replies":[{"embeddable":true,"href":"https:\/\/www.infokuryr.cz\/n\/wp-json\/wp\/v2\/comments?post=100379"}],"version-history":[{"count":0,"href":"https:\/\/www.infokuryr.cz\/n\/wp-json\/wp\/v2\/posts\/100379\/revisions"}],"wp:featuredmedia":[{"embeddable":true,"href":"https:\/\/www.infokuryr.cz\/n\/wp-json\/wp\/v2\/media\/99302"}],"wp:attachment":[{"href":"https:\/\/www.infokuryr.cz\/n\/wp-json\/wp\/v2\/media?parent=100379"}],"wp:term":[{"taxonomy":"category","embeddable":true,"href":"https:\/\/www.infokuryr.cz\/n\/wp-json\/wp\/v2\/categories?post=100379"},{"taxonomy":"post_tag","embeddable":true,"href":"https:\/\/www.infokuryr.cz\/n\/wp-json\/wp\/v2\/tags?post=100379"}],"curies":[{"name":"wp","href":"https:\/\/api.w.org\/{rel}","templated":true}]}}