{"id":100378,"date":"2026-02-25T00:16:29","date_gmt":"2026-02-24T23:16:29","guid":{"rendered":"https:\/\/www.infokuryr.cz\/n\/?p=100378"},"modified":"2026-02-24T16:52:15","modified_gmt":"2026-02-24T15:52:15","slug":"premysl-votava-nezapominame-proto-zde-nejste-vitani","status":"publish","type":"post","link":"https:\/\/www.infokuryr.cz\/n\/2026\/02\/25\/premysl-votava-nezapominame-proto-zde-nejste-vitani\/","title":{"rendered":"P\u0159emysl Votava: Nezapom\u00edn\u00e1me, proto zde nejste v\u00edt\u00e1ni!"},"content":{"rendered":"<div id=\"fb-root\"><\/div>\n<p><strong>\u201eHistorie nen\u00ed ni\u010d\u00edm, pokud nen\u00ed p\u0159ipom\u00edn\u00e1na\u201c. Zejm\u00e9na proto, kv\u011btnov\u00fd sraz Sudeton\u011bmeck\u00e9ho sdru\u017een\u00ed (SdL) v Brn\u011b nen\u00ed p\u0159\u00e1telsk\u00fdm, ani sousedsk\u00fdm pod\u00e1n\u00ed rukou. Na\u0161e spole\u010dn\u00e1 tis\u00edcilet\u00e1 cesta skon\u010dila z jejich v\u016fle Mnichovem v roce 1938 a n\u00e1slednou okupac\u00ed \u010desk\u00fdch zem\u00ed. Na\u0161i b\u00fdval\u00ed krajan\u00e9 se na t\u011bchto zlo\u010dinech v\u00fdznamn\u011b pod\u00edleli. Na jejich zlo\u010diny a na mnoh\u00e1 jejich jm\u00e9na nezapomeneme, Karl Herman Frank, Konr\u00e1d Henlein &#8230; Nezapomeneme ani na vyvra\u017ed\u011bn\u00e9 Lidice, Le\u017e\u00e1ky, ani na Terez\u00edn, z kter\u00e9ho vyj\u00ed\u017ed\u011bly vlaky do vyhlazovac\u00edch t\u00e1bor\u016f. Jejich krutost dopadla i na nevinn\u00e9 lidick\u00e9 d\u011bti zavra\u017ed\u011bn\u00e9 v\u00fdfukov\u00fdmi plyny v Chelmu.<\/strong><\/p>\n<p style=\"font-weight: 400;\">P\u0159ipom\u00edn\u00e1me, \u017ee v d\u016fsledku Mnichova, desetitis\u00edce \u010desk\u00fdch rodin musely, \u010dasto jen s rancem na z\u00e1dech, uprchnout p\u0159ed \u00fatoky sudetsk\u00fdch boj\u016fvek ze sv\u00fdch domov\u016f, p\u0159e\u010dk\u00e1valy v provizori\u00edch s ot\u00e1zkou, kde najdou nov\u00fd domov, kde budou sp\u00e1t, co bude z\u00edtra? Stovky na\u0161ich \u010detn\u00edk\u016f, voj\u00e1k\u016f&#8230; byly je\u0161t\u011b p\u0159ed Mnichovem 1938,\u00a0 v pohrani\u010d\u00ed zavra\u017ed\u011bny.\u00a0 Ostatn\u00ed\u00a0 \u010de\u0161t\u00ed ob\u010dan\u00e9, kte\u0159\u00ed z\u016fstali v obsazen\u00e9m pohrani\u010d\u00ed, se stali ob\u010dany druh\u00e9 kategorie. Naopak na\u0161i \u201emil\u00ed krajan\u00e9\u201c, sudet\u0161t\u00ed N\u011bmci j\u00e1sali, splnil se jim jejich sen.\u00a0 Hitlera na cest\u011b po Sudetech v\u00edtaly zvednut\u00e9 pravice i kv\u011btiny. N\u011bmeck\u00e1 po\u0161ta nezvl\u00e1dala statis\u00edce pohlednic do Berl\u00edna s pod\u011bkov\u00e1n\u00edm od sudetsk\u00fdch N\u011bmc\u016f.\u00a0 Zde se rodil\u00a0 osud na\u0161ich \u201emil\u00fdch\u201c krajan\u016f.<\/p>\n<p style=\"font-weight: 400;\">Dne\u0161n\u00ed snahy o vymaz\u00e1n\u00ed t\u011bchto tragick\u00fdch ud\u00e1lost\u00ed z na\u0161\u00ed pam\u011bti, jsou jen dal\u0161\u00edm pokusem\u00a0\u00a0k ovl\u00e1dnut\u00ed tohoto \u201eprostoru\u201c. Jsou tak\u00e9 na\u0161\u00ed zkou\u0161kou co t\u011bmto snah\u00e1m Sudeton\u011bmeck\u00e9ho sdru\u017een\u00ed dovol\u00edme, je v pravomoci p\u0159\u00edslu\u0161n\u00fdch org\u00e1n\u016f zabr\u00e1nit t\u00e9to provokaci.<\/p>\n<p style=\"font-weight: 400;\">V dob\u00e1ch habsbursk\u00e9 monarchie na\u0161i N\u011bmci vyu\u017e\u00edvali sv\u00e9ho v\u00fdsostn\u00e9ho postaven\u00ed ve spole\u010dnosti, jejich postaven\u00ed se zm\u011bnilo vyhl\u00e1\u0161en\u00edm na\u0161\u00ed samostatnosti v roce 1918. N\u011bmeck\u00e1 men\u0161ina vyc\u00edtila svou p\u0159\u00edle\u017eitost vyc\u00edtila v roce 1933 s n\u00e1stupem Adolfa Hitlera k moci. Henleinova Sudeton\u011bmeck\u00e1 strana z\u00edskala v\u00fdsadn\u00ed postaven\u00ed mezi n\u011bmeck\u00fdm obyvatelstvem. Jej\u00ed stup\u0148ovan\u00e9 po\u017eadavky v\u016f\u010di \u010cSR daly sudeton\u011bmeck\u00e9 ot\u00e1zce rozsah mezin\u00e1rodn\u00ed, kter\u00fd vedl p\u0159es Mnichov 1938, a\u017e k rozpadu \u010ceskoslovenska.<\/p>\n<p style=\"font-weight: 400;\">Ot\u00e1zky sm\u00ed\u0159en\u00ed, \u010di vyrovn\u00e1n\u00ed se s minulost\u00ed jsou cestou do budoucnosti, ale jen p\u0159i vz\u00e1jemn\u00e9 \u00fact\u011b a poko\u0159e k ob\u011btem nacistick\u00e9 ideologie. Pov\u00e1le\u010dn\u00fd odsun n\u011bmeck\u00e9ho obyvatelstva z \u010ceskoslovenska byl uskute\u010dn\u011bn na z\u00e1klad\u011b postupimsk\u00e9 konference ze srpna 1945. V \u00favodu Postupimsk\u00e9 dohody p\u0159ijat\u00e9 t\u0159emi v\u00edt\u011bzn\u00fdmi mocnostmi bylo zd\u016frazn\u011bno, \u017ee \u201en\u011bmeck\u00fd lid za\u010dal pykat za stra\u0161n\u00e9 zlo\u010diny jich\u017e se dopustil pod veden\u00edm lid\u00ed, kter\u00e9 v dob\u011b jejich \u00fasp\u011bch\u016f otev\u0159en\u011b podporoval a slep\u011b naslouchal \u201c. Podobn\u011b byli odsunuti N\u011bmci i z Polska, Pobalt\u00ed, Ma\u010farska, ale to jsou v\u0161eobecn\u011b zn\u00e1m\u00e1 fakta, jen je s nimi obratn\u011b manipulov\u00e1no.<\/p>\n<p style=\"font-weight: 400;\">P\u0159\u00edslu\u0161\u00ed se\u00a0\u00a0je\u0161t\u011b na z\u00e1v\u011br p\u0159idat kousek historie k samotn\u00e9mu n\u011bmeck\u00e9mu os\u00eddlen\u00ed. Kolonist\u00e9 p\u0159ich\u00e1zeli do pohrani\u010dn\u00edch oblast\u00ed \u010desk\u00e9ho kr\u00e1lovstv\u00ed ji\u017e ve 13.stolet\u00ed, nach\u00e1zeli zde zlatonosn\u00e9 potoky, lesy bohat\u00e9 na zv\u011b\u0159 i d\u0159evo, potoky dod\u00e1valy skl\u00e1\u0159\u016fm k\u0159emi\u010dit\u00fd p\u00edsek k v\u00fdrob\u011b skla&#8230;\u00a0\u00a0P\u0159\u00edkladem m\u016f\u017ee b\u00fdt \u0160umava. N\u011bmeck\u00e9 os\u00eddlen\u00ed zde pro\u017e\u00edvalo sv\u016fj vrchol v polovin\u011b 19.stolet\u00ed. Byla to doba spisovatele a znalce \u0160umavy Karla Klostermanna. Jeho znalost prost\u0159ed\u00ed n\u00e1m p\u0159ibli\u017euje \u017eivot na \u201estar\u00e9\u201c \u0160umav\u011b. Skromn\u00e1 staven\u00ed s hromadou d\u011bt\u00ed, s jednou kravkou v chl\u00e9v\u011b,\u00a0\u00a0za vesnic\u00ed kousek pole, v\u00edce kamen\u00ed ne\u017e brambor. Uprost\u0159ed vesnice kostel, jednot\u0159\u00eddn\u00ed \u0161kola, hostinec, n\u011bkde i po\u0161ta, celnice. P\u0159\u00edkladem mohou b\u00fdt Kn\u00ed\u017eec\u00ed pl\u00e1n\u011b (Furstenhut) , le\u017e\u00edc\u00ed kousek od hranic, v roce 1820 zde \u017eilo 521 obyvatel. V kopc\u00edch zapomenut\u00e1 vesnice Bu\u010dina (Buchwald), \u010di v pl\u00e1n\u00edch za Modravou B\u0159ezn\u00edk (Purstlink), &#8230; pro mnoh\u00e9 z n\u00e1s turist\u016f jsou to m\u00edsta, kter\u00e1 popisuje Klostermann v rom\u00e1nu \u201eV r\u00e1ji \u0161umavsk\u00e9m\u201c. Obdobn\u00fd \u017eivot byl i v dal\u0161\u00edch vesnic\u00edch na \u201estar\u00e9\u201c \u0160umav\u011b. Dnes tyto vesnice ji\u017e nenajdete, z\u016fstala po nich jen jm\u00e9na na map\u011b, \u0161vestkov\u00e9 aleje, je\u0159abiny, p\u00e1r v\u011bt na informa\u010dn\u00ed ceduli, \u010di \u0161ipka na rozcestn\u00edku. Obdobn\u00e9 to bylo v Jizerk\u00e1ch, v Kru\u0161n\u00fdch hor\u00e1ch&#8230;\u00a0\u00a0Na\u0161im b\u00fdval\u00fdm krajan\u016fm p\u0159ipom\u00edn\u00e1m, \u017ee se to nestalo z na\u0161\u00ed viny\u2026.<\/p>\n<p style=\"font-weight: 400;\">\u201eJako turist\u00e9 p\u0159ije\u010fte obdivovat na\u0161e pam\u00e1tky, nav\u0161tivte domovy a hroby sv\u00fdch p\u0159edk\u016f, ale jako \u00fa\u010dastn\u00edci sudeton\u011bmeck\u00e9ho srazu zde nejste v\u00edt\u00e1ni! \u201c<\/p>\n<p style=\"font-weight: 400;\"><a href=\"https:\/\/vasevec.info\/blogy\/nezapominame-proto-zde-nejste-vitani\">P\u0159emysl Votava<\/a><\/p>\n<p><img decoding=\"async\" loading=\"lazy\" class=\"alignnone  wp-image-15746\" src=\"http:\/\/www.infokuryr.cz\/n\/wp-content\/uploads\/2022\/09\/votava-premysl-300x208.jpg\" alt=\"\" width=\"208\" height=\"144\" srcset=\"https:\/\/www.infokuryr.cz\/n\/wp-content\/uploads\/2022\/09\/votava-premysl-300x208.jpg 300w, https:\/\/www.infokuryr.cz\/n\/wp-content\/uploads\/2022\/09\/votava-premysl.jpg 318w\" sizes=\"(max-width: 208px) 100vw, 208px\" \/><\/p>\n","protected":false},"excerpt":{"rendered":"<p>\u201eHistorie nen\u00ed ni\u010d\u00edm, pokud nen\u00ed p\u0159ipom\u00edn\u00e1na\u201c. Zejm\u00e9na proto, kv\u011btnov\u00fd sraz Sudeton\u011bmeck\u00e9ho sdru\u017een\u00ed (SdL) v Brn\u011b&#8230;<\/p>\n","protected":false},"author":2,"featured_media":81850,"comment_status":"closed","ping_status":"closed","sticky":false,"template":"","format":"standard","meta":[],"categories":[6],"tags":[398,1503,7378],"_links":{"self":[{"href":"https:\/\/www.infokuryr.cz\/n\/wp-json\/wp\/v2\/posts\/100378"}],"collection":[{"href":"https:\/\/www.infokuryr.cz\/n\/wp-json\/wp\/v2\/posts"}],"about":[{"href":"https:\/\/www.infokuryr.cz\/n\/wp-json\/wp\/v2\/types\/post"}],"author":[{"embeddable":true,"href":"https:\/\/www.infokuryr.cz\/n\/wp-json\/wp\/v2\/users\/2"}],"replies":[{"embeddable":true,"href":"https:\/\/www.infokuryr.cz\/n\/wp-json\/wp\/v2\/comments?post=100378"}],"version-history":[{"count":0,"href":"https:\/\/www.infokuryr.cz\/n\/wp-json\/wp\/v2\/posts\/100378\/revisions"}],"wp:featuredmedia":[{"embeddable":true,"href":"https:\/\/www.infokuryr.cz\/n\/wp-json\/wp\/v2\/media\/81850"}],"wp:attachment":[{"href":"https:\/\/www.infokuryr.cz\/n\/wp-json\/wp\/v2\/media?parent=100378"}],"wp:term":[{"taxonomy":"category","embeddable":true,"href":"https:\/\/www.infokuryr.cz\/n\/wp-json\/wp\/v2\/categories?post=100378"},{"taxonomy":"post_tag","embeddable":true,"href":"https:\/\/www.infokuryr.cz\/n\/wp-json\/wp\/v2\/tags?post=100378"}],"curies":[{"name":"wp","href":"https:\/\/api.w.org\/{rel}","templated":true}]}}