{"id":100375,"date":"2026-02-25T00:13:30","date_gmt":"2026-02-24T23:13:30","guid":{"rendered":"https:\/\/www.infokuryr.cz\/n\/?p=100375"},"modified":"2026-02-24T16:42:19","modified_gmt":"2026-02-24T15:42:19","slug":"skutecne-havlicek-babis-podporuje-ukrajinske-vydirani-a-terorismus-s-blokaci-ropy-a-vynechte-slovo-udajne","status":"publish","type":"post","link":"https:\/\/www.infokuryr.cz\/n\/2026\/02\/25\/skutecne-havlicek-babis-podporuje-ukrajinske-vydirani-a-terorismus-s-blokaci-ropy-a-vynechte-slovo-udajne\/","title":{"rendered":"Skute\u010dn\u011b Havl\u00ed\u010dek (Babi\u0161) podporuje ukrajinsk\u00e9 vyd\u00edr\u00e1n\u00ed a terorismus s blokac\u00ed ropy? A vynechte slovo &#8222;\u00fadajn\u011b&#8220;!"},"content":{"rendered":"<div id=\"fb-root\"><\/div>\n<div class=\"introtext\">\n<h4>Ukrajina vyd\u00edr\u00e1 Slovensko a Ma\u010farsko a uzav\u0159ela kohoutky s ropou, pokud tyto st\u00e1ty nebudou platit v\u00fdpaln\u00e9. A Havl\u00ed\u010dek (ANO) dle masm\u00e9di\u00ed odm\u00edtl podpo\u0159it tyto dva st\u00e1ty, \u017ee st\u00e1tn\u00ed ukrajinsk\u00fd terorismus na\u0161\u00ed vl\u00e1du nezaj\u00edm\u00e1?<\/h4>\n<\/div>\n<div class=\"fulltext\">\n<p>P\u0159itom nav\u00edc \u010cesk\u00e1 televize st\u00e1le ve smy\u010dce v\u0159\u00edsk\u00e1, \u017ee \u00fadajn\u011b je v\u0161e po\u0161kozeno, \u017ee v\u0161e pr\u00fd po\u0161kodil zl\u00fd, zl\u00fd Putin a p\u0159itom premi\u00e9r Fico jen br\u00e1n\u00ed svoji zem, Slovensko, a \u017e\u00e1d\u00e1\u00a0 op\u011bt spu\u0161t\u011bn\u00ed ropovodu.<\/p>\n<h3>Pokud se chce Havl\u00ed\u010dek chovat jako poskok Zelensk\u00e9ho a Milionu chvilek na Pra\u017esk\u00e9m hrad\u011b, tak \u017e\u00e1dn\u00e9 volby nemusely b\u00fdt!<\/h3>\n<p>Ob\u010dan\u00e9 \u010cesk\u00e9 republiky maj\u00ed pr\u00e1vo zaji\u0161t\u011bn\u00e9 \u00dastavou, aby znali skute\u010dn\u00fd stav a hrozby, kter\u00e9 na n\u00e1s terorist\u00e9 z Ukrajiny p\u0159ipravuj\u00ed.<\/p>\n<p>_______________<\/p>\n<div class=\"info_box cela_sirka jpalert\">\n<div class=\"explanationContent\"><span style=\"color: #ff0000;\">M\u00edsto kec\u016f a slov &#8222;\u00fadajn\u011b&#8220; by m\u011bla vystartovat \u010cesk\u00e1 televize a poslat redaktora na m\u00edsto \u010dinu spole\u010dn\u011b s \u010desk\u00fdm velvyslancem a s energetiky Slovenska, abychom znali skute\u010dnou pravdu!<\/span><\/div>\n<\/div>\n<p>_______________<\/p>\n<p>My jim m\u00e1me pom\u00e1hat finan\u010dn\u011b a oni (Ukrajinci) \u017e\u00e1daj\u00ed dal\u0161\u00ed v\u00fdpaln\u00e9?<\/p>\n<p>Vzpom\u00edn\u00e1te, jak n\u00e1s mafie z Ukrajiny vyd\u00edraly v devades\u00e1t\u00fdch l\u00e9tech?<\/p>\n<p>Vzpom\u00edn\u00e1te, jak ukrajinsk\u00e1 mafie vyd\u00edrala na\u0161e zem\u011b s plynem a musel to \u0159e\u0161it Topol\u00e1nek s Putinem? Mimochodem, jak dareb\u00e1k Topol\u00e1nek prohl\u00e9dl v roce 2022 a oto\u010dil&#8230;<\/p>\n<p><img decoding=\"async\" loading=\"lazy\" class=\"aligncenter\" src=\"https:\/\/www.skrytapravda.cz\/images\/blogy\/805\/2026\/zrada_a_dokumenty\/Topol_Putin_nazor_zmena_09586.webp\" alt=\"Topol Putin nazor zmena 09586\" width=\"572\" height=\"236\" \/><\/p>\n<p><strong>Ale hlavn\u011b, pokud si s Putinem rozum\u011bl, znamen\u00e1, \u017ee s n\u00edm souhlasil! A to je ten d\u016fkaz, kdo terorizoval!<\/strong><\/p>\n<p>V\u00e1\u017en\u011b hnut\u00ed ANO s Havl\u00ed\u010dkem podporuje ukrajinsk\u00e9 vyd\u00edr\u00e1n\u00ed na \u00fakor Slov\u00e1k\u016f a Ma\u010far\u016f? To snad ne!<\/p>\n<p><strong>P\u0158EDLO\u017dTE D\u016eKAZY, ZDA TO RUSKO ZNI\u010cILO, \u010cI UKRAJIN\u0160T\u00cd TERORIST\u00c9 ZNEU\u017d\u00cdVAJ\u00cd K DAL\u0160\u00cdMU V\u00ddPALN\u00c9MU!<\/strong><\/p>\n<p><em>Plynov\u00e1 krize vypukla pot\u00e9, co Moskva na Nov\u00fd rok zastavila Kyjevu dod\u00e1vky plynu, proto\u017ee se s Ukrajinci nedohodla na cen\u011b. O sedm dn\u00ed pozd\u011bji ustaly i dod\u00e1vky pro Evropu, \u0159ada zem\u00ed se tak\u00a0ocitla v kritick\u00e9 situaci.\u00a0<\/em><\/p>\n<p><a title=\"10. 1. 2009 Topol\u00e1nek dojedn\u00e1val kontrolu a ukrajinsk\u00e9 hranici, kterou Ukrajina odm\u00edtala\" href=\"https:\/\/ct24.ceskatelevize.cz\/clanek\/ekonomika\/topolanek-na-jednani-s-putinem-bez-dohody-se-domu-nevratim-170014\" target=\"_blank\" rel=\"noopener\">10. 1. 2009 Topol\u00e1nek dojedn\u00e1val kontrolu na ukrajinsk\u00e9 hranici, kterou Ukrajina odm\u00edtala<\/a><\/p>\n<p><a title=\"Ropovod Dru\u017eba pod\u013ea Orb\u00e1na blokuj\u00fa t\u00ed ist\u00ed akt\u00e9ri, ktor\u00ed vyhodili do vzduchu Nord Stream\" href=\"https:\/\/tvnoviny.sk\/zahranicne\/clanok\/1016001-ropovod-druzba-podla-orbana-blokuju-ti-isti-akteri-ktori-vyhodili-do-vzduchu-nord-stream\" target=\"_blank\" rel=\"noopener\">Ropovod Dru\u017eba pod\u013ea Orb\u00e1na blokuj\u00fa t\u00ed ist\u00ed akt\u00e9ri, ktor\u00ed vyhodili do vzduchu Nord Stream<\/a><\/p>\n<p><em>\u010cleny skupiny, kter\u00e1 p\u0159ed dv\u011bma lety po\u0161kodila plynovody Nord Stream, byli p\u0159ev\u00e1\u017en\u011b ukrajin\u0161t\u00ed civilist\u00e9, velel jim ale b\u00fdval\u00fd \u010dlen ukrajinsk\u00fdch tajn\u00fdch slu\u017eeb Roman \u010cervinskyj.<\/em><\/p>\n<p><a title=\"Nord Stream zni\u010dilo komando slo\u017een\u00e9 z ukrajinsk\u00fdch civilist\u016f, zjistili v N\u011bmecku\" href=\"https:\/\/www.idnes.cz\/zpravy\/zahranicni\/nord-stream-plynovod-vybuch-sabotaz-ukrajinci.A240926_111842_zahranicni_bro\" target=\"_blank\" rel=\"noopener\">Nord Stream zni\u010dilo komando slo\u017een\u00e9 z ukrajinsk\u00fdch civilist\u016f, zjistili v N\u011bmecku<\/a><\/p>\n<div><a href=\"https:\/\/www.skrytapravda.cz\/ze-zahranici\/3019-skutecne-havlicek-babis-podporuje-ukrajinske-vydirani-a-terorismus-a-vynechte-slovo-udajne\">Petr Pokorn\u00fd<\/a><\/div>\n<div><\/div>\n<\/div>\n","protected":false},"excerpt":{"rendered":"<p>Ukrajina vyd\u00edr\u00e1 Slovensko a Ma\u010farsko a uzav\u0159ela kohoutky s ropou, pokud tyto st\u00e1ty nebudou platit&#8230;<\/p>\n","protected":false},"author":2,"featured_media":100376,"comment_status":"closed","ping_status":"closed","sticky":false,"template":"","format":"standard","meta":[],"categories":[6],"tags":[159,126,7414,122],"_links":{"self":[{"href":"https:\/\/www.infokuryr.cz\/n\/wp-json\/wp\/v2\/posts\/100375"}],"collection":[{"href":"https:\/\/www.infokuryr.cz\/n\/wp-json\/wp\/v2\/posts"}],"about":[{"href":"https:\/\/www.infokuryr.cz\/n\/wp-json\/wp\/v2\/types\/post"}],"author":[{"embeddable":true,"href":"https:\/\/www.infokuryr.cz\/n\/wp-json\/wp\/v2\/users\/2"}],"replies":[{"embeddable":true,"href":"https:\/\/www.infokuryr.cz\/n\/wp-json\/wp\/v2\/comments?post=100375"}],"version-history":[{"count":1,"href":"https:\/\/www.infokuryr.cz\/n\/wp-json\/wp\/v2\/posts\/100375\/revisions"}],"predecessor-version":[{"id":100377,"href":"https:\/\/www.infokuryr.cz\/n\/wp-json\/wp\/v2\/posts\/100375\/revisions\/100377"}],"wp:featuredmedia":[{"embeddable":true,"href":"https:\/\/www.infokuryr.cz\/n\/wp-json\/wp\/v2\/media\/100376"}],"wp:attachment":[{"href":"https:\/\/www.infokuryr.cz\/n\/wp-json\/wp\/v2\/media?parent=100375"}],"wp:term":[{"taxonomy":"category","embeddable":true,"href":"https:\/\/www.infokuryr.cz\/n\/wp-json\/wp\/v2\/categories?post=100375"},{"taxonomy":"post_tag","embeddable":true,"href":"https:\/\/www.infokuryr.cz\/n\/wp-json\/wp\/v2\/tags?post=100375"}],"curies":[{"name":"wp","href":"https:\/\/api.w.org\/{rel}","templated":true}]}}