{"id":100353,"date":"2026-02-25T00:17:37","date_gmt":"2026-02-24T23:17:37","guid":{"rendered":"https:\/\/www.infokuryr.cz\/n\/?p=100353"},"modified":"2026-02-24T06:38:31","modified_gmt":"2026-02-24T05:38:31","slug":"ministerstvo-zdravotnictvi-a-socialnich-sluzeb-usa-zrizuje-urad-pro-stiznosti-pronasledovanych-nemeckych-lekaru","status":"publish","type":"post","link":"https:\/\/www.infokuryr.cz\/n\/2026\/02\/25\/ministerstvo-zdravotnictvi-a-socialnich-sluzeb-usa-zrizuje-urad-pro-stiznosti-pronasledovanych-nemeckych-lekaru\/","title":{"rendered":"Ministerstvo zdravotnictv\u00ed a soci\u00e1ln\u00edch slu\u017eeb USA z\u0159izuje \u00fa\u0159ad pro st\u00ed\u017enosti pron\u00e1sledovan\u00fdch n\u011bmeck\u00fdch l\u00e9ka\u0159\u016f"},"content":{"rendered":"<div id=\"fb-root\"><\/div>\n<p><strong><span dir=\"auto\">Po kritick\u00e9m dopise americk\u00e9ho ministra zdravotnictv\u00ed Roberta F. Kennedyho Jr. jeho n\u011bmeck\u00e9 prot\u011bj\u0161ku Nin\u011b Warkenov\u00e9 ta reagovala pobou\u0159en\u00edm: Kennedyov\u00e1 odsoudila \u00fatoky na svobodu volby terapie a autonomii pacienta; Warkenov\u00e1 naopak pop\u0159ela jakoukoli kriminalizaci kriticky lad\u011bn\u00fdch l\u00e9ka\u0159\u016f b\u011bhem pandemie COVID-19. L\u00e9ka\u0159i jsou mezit\u00edm st\u00e1le v\u011bzn\u011bni za vyd\u00e1v\u00e1n\u00ed potvrzen\u00ed o osvobozen\u00ed od no\u0161en\u00ed rou\u0161ek. Podle NZZ byl v USA nyn\u00ed z\u0159\u00edzen jak\u00fdsi \u00fa\u0159ad pro st\u00ed\u017enosti posti\u017een\u00fdch l\u00e9ka\u0159\u016f.<\/span><\/strong><\/p>\n<p><span dir=\"auto\">I v N\u011bmecku jsou l\u00e9ka\u0159i b\u011bhem pandemie COVID-19 st\u00e1le pron\u00e1sledov\u00e1ni a trest\u00e1ni za vyd\u00e1v\u00e1n\u00ed \u201efale\u0161n\u00fdch\u201c l\u00e9ka\u0159sk\u00fdch potvrzen\u00ed. D\u016fsledky pro l\u00e9ka\u0159e, kte\u0159\u00ed odm\u00edtnou vyhov\u011bt, sahaj\u00ed od z\u00e1kazu v\u00fdkonu povol\u00e1n\u00ed a vysok\u00fdch pokut a\u017e po uv\u011bzn\u011bn\u00ed. V USA je to vn\u00edm\u00e1no kriticky.<\/span><\/p>\n<p><span dir=\"auto\">\u201eKdy\u017e vl\u00e1da kriminalizuje l\u00e9ka\u0159e za to, \u017ee rad\u00ed sv\u00fdm pacient\u016fm, p\u0159ekra\u010duje hranici, kterou svobodn\u00e9 spole\u010dnosti v\u017edy pova\u017eovaly za nedotknutelnou,\u201c napsal Kennedy ve sv\u00e9m lednov\u00e9m dopise Nin\u011b Warkenov\u00e9. Varoval n\u011bmeckou vl\u00e1du p\u0159ed t\u00edm, aby z l\u00e9ka\u0159\u016f d\u011blala \u201evymaha\u010de st\u00e1tn\u00ed politiky\u201c. Podle nes\u010detn\u00fdch kritik\u016f se p\u0159esn\u011b to stalo b\u011bhem takzvan\u00e9 pandemie.<\/span><\/p>\n<p><span dir=\"auto\">Nina Warkenov\u00e1 to vehementn\u011b odm\u00edtla. Trvala na tom, \u017ee svoboda volby l\u00e9\u010dby z\u016fst\u00e1v\u00e1 nedot\u010dena a \u017ee v N\u011bmecku nedoch\u00e1z\u00ed k \u017e\u00e1dn\u00e9mu pron\u00e1sledov\u00e1n\u00ed l\u00e9ka\u0159\u016f. Podle jej\u00edho n\u00e1zoru byla prohl\u00e1\u0161en\u00ed americk\u00e9 ministryn\u011b zcela neopodstatn\u011bn\u00e1. Absurdn\u011b, t\u00e9m\u011b\u0159 sou\u010dasn\u011b, byl n\u011bmeck\u00fd l\u00e9ka\u0159\u00a0<\/span><a href=\"https:\/\/report24.news\/aerzteverfolgung-in-deutschland-kritische-medizinerin-dr-witzschel-erneut-inhaftiert\/\"><span dir=\"auto\">zat\u010den<\/span><\/a><span dir=\"auto\">\u00a0za \u00fadajn\u00e9 vyd\u00e1v\u00e1n\u00ed \u201efale\u0161n\u00fdch\u201c l\u00e9ka\u0159sk\u00fdch potvrzen\u00ed b\u011bhem pandemie COVID-19 .<\/span><\/p>\n<p><span dir=\"auto\">Ameri\u010dan\u00e9 si pravd\u011bpodobn\u011b uv\u011bdomuj\u00ed, \u017ee Warkenova tvrzen\u00ed se st\u0159et\u00e1vaj\u00ed s realitou v N\u011bmecku.\u00a0<\/span><a href=\"https:\/\/www.nzz.ch\/international\/das-us-gesundheitsministerium-richtet-fuer-deutsche-aerzte-eine-beschwerdestelle-ein-im-fokus-stehen-die-pandemie-strafverfahren-der-behoerden-ld.1925851\" target=\"_blank\" rel=\"noreferrer noopener\"><span dir=\"auto\">NZZ nyn\u00ed informuje<\/span><\/a><span dir=\"auto\">\u00a0, \u017ee pro n\u011bmeck\u00e9 l\u00e9ka\u0159e bylo z\u0159\u00edzeno jak\u00e9si \u201eneform\u00e1ln\u00ed americk\u00e9 clearingov\u00e9 centrum\u201c: Dot\u010den\u00ed l\u00e9ka\u0159i se zde mohou hl\u00e1sit, pokud se c\u00edt\u00ed \u0161patn\u011b zach\u00e1zeno ze strany n\u011bmeck\u00fdch \u00fa\u0159ad\u016f. Organizaci \u00fadajn\u011b vede \u0161\u00e9fka diplomacie ministerstva Bethany Kozmaov\u00e1, kter\u00e1 od prosince vede \u00da\u0159ad pro glob\u00e1ln\u00ed z\u00e1le\u017eitosti na americk\u00e9m ministerstvu zdravotnictv\u00ed a soci\u00e1ln\u00edch slu\u017eeb.<\/span><\/p>\n<p><span dir=\"auto\">Jak informoval NZZ, dosud se uskute\u010dnily dv\u011b virtu\u00e1ln\u00ed sch\u016fzky mezi n\u011bmeck\u00fdmi l\u00e9ka\u0159i a Kozmou, ob\u011b prost\u0159ednictv\u00edm videokonference. Oba rozhovory \u00fadajn\u011b trvaly t\u00e9m\u011b\u0159 dv\u011b hodiny a l\u00e9ka\u0159i b\u011bhem nich s americk\u00fdm diplomatem diskutovali o stavu trestn\u00edho \u0159\u00edzen\u00ed a soudn\u00edch proces\u016f, jako\u017e i o profesn\u00edch a osobn\u00edch d\u016fsledc\u00edch, kter\u00fdm \u010del\u00ed. Kozma reagoval se \u201ez\u00e1jmem a soucitem\u201c, jak uvedli \u00fa\u010dastn\u00edci, kte\u0159\u00ed hovo\u0159ili s novinami. Tato setk\u00e1n\u00ed, kter\u00fdch se z\u00fa\u010dastnilo p\u0159ibli\u017en\u011b pades\u00e1t \u00fa\u010dastn\u00edk\u016f, v\u010detn\u011b l\u00e9ka\u0159\u016f a pr\u00e1vn\u00edk\u016f, budou z\u0159ejm\u011b pokra\u010dovat. Ani americk\u00e9, ani n\u011bmeck\u00e9 ministerstvo zdravotnictv\u00ed a soci\u00e1ln\u00edch slu\u017eeb se k sch\u016fzk\u00e1m nevyj\u00e1d\u0159ilo, kdy\u017e je NZZ kontaktoval.<\/span><\/p>\n<p><span dir=\"auto\">Tvrd\u00fd z\u00e1sah proti l\u00e9ka\u0159\u016fm za \u00fadajn\u00e9 vyd\u00e1v\u00e1n\u00ed \u201efale\u0161n\u00fdch\u201c l\u00e9ka\u0159sk\u00fdch potvrzen\u00ed je velmi kontroverzn\u00ed. Zat\u00edmco zem\u011b jako \u0160pan\u011blsko ji\u017e d\u00e1vno ud\u011blily amnestii a prohl\u00e1sily lockdowny a pokuty za COVID-19 za proti\u00fastavn\u00ed, v N\u011bmecku pron\u00e1sledov\u00e1n\u00ed t\u011bch, kte\u0159\u00ed se t\u011bmto opat\u0159en\u00edm br\u00e1nili \u2013 a jejich\u017e kritick\u00e1 hodnocen\u00ed byla podle protokol\u016f RKI (Institut Roberta Kocha) prokazateln\u011b spr\u00e1vn\u00e1 \u2013 pokra\u010duje v neust\u00e1l\u00e9 s\u00edle. Pr\u00e1vn\u00ed experti, jako je \u00fastavn\u00ed pr\u00e1vn\u00edk Volker Boehme-Nessler, tak\u00e9 volaj\u00ed po komplexn\u00ed amnestii pro trestn\u00e9 \u010diny souvisej\u00edc\u00ed s pandemi\u00ed v N\u011bmecku.<\/span><\/p>\n<p><img decoding=\"async\" loading=\"lazy\" class=\"alignnone size-full wp-image-1185\" src=\"http:\/\/www.infokuryr.cz\/n\/wp-content\/uploads\/2021\/04\/kuryr-podpis.png\" alt=\"\" width=\"84\" height=\"24\" \/><\/p>\n<p>&nbsp;<\/p>\n","protected":false},"excerpt":{"rendered":"<p>Po kritick\u00e9m dopise americk\u00e9ho ministra zdravotnictv\u00ed Roberta F. Kennedyho Jr. jeho n\u011bmeck\u00e9 prot\u011bj\u0161ku Nin\u011b Warkenov\u00e9&#8230;<\/p>\n","protected":false},"author":2,"featured_media":96835,"comment_status":"closed","ping_status":"closed","sticky":false,"template":"","format":"standard","meta":[],"categories":[7],"tags":[677,8156,84,37],"_links":{"self":[{"href":"https:\/\/www.infokuryr.cz\/n\/wp-json\/wp\/v2\/posts\/100353"}],"collection":[{"href":"https:\/\/www.infokuryr.cz\/n\/wp-json\/wp\/v2\/posts"}],"about":[{"href":"https:\/\/www.infokuryr.cz\/n\/wp-json\/wp\/v2\/types\/post"}],"author":[{"embeddable":true,"href":"https:\/\/www.infokuryr.cz\/n\/wp-json\/wp\/v2\/users\/2"}],"replies":[{"embeddable":true,"href":"https:\/\/www.infokuryr.cz\/n\/wp-json\/wp\/v2\/comments?post=100353"}],"version-history":[{"count":0,"href":"https:\/\/www.infokuryr.cz\/n\/wp-json\/wp\/v2\/posts\/100353\/revisions"}],"wp:featuredmedia":[{"embeddable":true,"href":"https:\/\/www.infokuryr.cz\/n\/wp-json\/wp\/v2\/media\/96835"}],"wp:attachment":[{"href":"https:\/\/www.infokuryr.cz\/n\/wp-json\/wp\/v2\/media?parent=100353"}],"wp:term":[{"taxonomy":"category","embeddable":true,"href":"https:\/\/www.infokuryr.cz\/n\/wp-json\/wp\/v2\/categories?post=100353"},{"taxonomy":"post_tag","embeddable":true,"href":"https:\/\/www.infokuryr.cz\/n\/wp-json\/wp\/v2\/tags?post=100353"}],"curies":[{"name":"wp","href":"https:\/\/api.w.org\/{rel}","templated":true}]}}