{"id":100332,"date":"2026-02-24T00:25:48","date_gmt":"2026-02-23T23:25:48","guid":{"rendered":"https:\/\/www.infokuryr.cz\/n\/?p=100332"},"modified":"2026-02-23T16:44:13","modified_gmt":"2026-02-23T15:44:13","slug":"jiri-paroubek-kdo-je-prezidentuv-pritel-po-boku","status":"publish","type":"post","link":"https:\/\/www.infokuryr.cz\/n\/2026\/02\/24\/jiri-paroubek-kdo-je-prezidentuv-pritel-po-boku\/","title":{"rendered":"Ji\u0159\u00ed Paroubek: Kdo je prezident\u016fv &#8222;p\u0159\u00edtel po boku&#8220;?"},"content":{"rendered":"<div id=\"fb-root\"><\/div>\n<p><strong>Je to jednak velice c\u00edlev\u011bdom\u00fd \u010dlov\u011bk s \u0161irokou \u0161k\u00e1lou vazeb na zahrani\u010dn\u00ed zpravodajsk\u00e9 slu\u017eby a nadn\u00e1rodn\u00ed spole\u010dnosti. Tedy mimo jin\u00e9.<\/strong><\/p>\n<p style=\"font-weight: 400;\">Redukovat jeho \u010dinnost jen na podivn\u00e9 aktivity korup\u010dn\u00edho charakteru na \u010cVUT, kde byl najmut tehdej\u0161\u00edm rektorem Petr\u00e1\u010dkem, aby zaji\u0161\u0165oval pro Petr\u00e1\u010dka osobn\u011b (a v jeho o\u010d\u00edch jist\u011b i pro \u010cVUT) lobbing na Hrad\u011b i jinde. Za tuto\u00a0 \u010dinnost inkasoval od roku 2022 a\u017e do ukon\u010den\u00ed smlouvy t\u00e9m\u011b\u0159 \u010dty\u0159i miliony korun. Abychom to p\u0159evedli do m\u011bs\u00ed\u010dn\u00edch plateb, jednalo se o hezk\u00fd honor\u00e1\u0159 145 tis. K\u010d. To nen\u00ed jist\u011b zanedbateln\u00e1 \u010d\u00e1stka, p\u011bkn\u00e9 kapesn\u00e9. Krom\u011b c\u00edlev\u011bdomosti tedy mus\u00edm vyzdvihnout tak\u00e9 jinou vlastnost, tedy jistou chamtivost Petra Kol\u00e1\u0159e. \u017de by se org\u00e1ny \u010dinn\u00e9 v trestn\u00edm \u0159\u00edzen\u00ed zab\u00fdvaly t\u00edm, co je z\u0159ejm\u00e9 na prvn\u00ed pohled a sice, \u017ee prezident\u016fv &#8222;p\u0159\u00edtel po boku&#8220; za zm\u00edn\u011bn\u00e9 palm\u00e1re 145 tis. K\u010d m\u011bs\u00ed\u010dn\u011b t\u011b\u017eko mohl odv\u00e1d\u011bt tvrdou pr\u00e1ci, to se nestalo. V\u00fdsledky jeho pracovn\u00ed \u010dinnosti prost\u011b nejsou p\u0159\u00edli\u0161 hmatateln\u00e9.<\/p>\n<p style=\"font-weight: 400;\">Nejsem s\u00e1m, kdo si to mysl\u00ed, ale zjevn\u011b to neznepokojuje p\u0159\u00edslu\u0161n\u00e9 policejn\u00ed org\u00e1ny, kter\u00e9\u00a0 m\u011bly ji\u017e d\u00e1vno konat. Ot\u00e1zkou je, pro\u010d v tomto p\u0159\u00edpad\u011b nekonaj\u00ed. Zda jsou si v\u011bdomi jeho mocn\u00e9ho z\u00e1zem\u00ed, jednak ve struktur\u00e1ch Hradu, d\u00e1le d\u0159\u00edv\u011bj\u0161\u00edch vl\u00e1dn\u00edch stran, se kter\u00fdmi je Pavl\u016fv a Kol\u00e1\u0159\u016fv Hrad propojen mnoha notkami a tak\u00e9 siln\u00e9ho lobbistick\u00e9ho z\u00e1zem\u00ed a podobn\u011b firmy Square Patton Boggs a samoz\u0159ejm\u011b dal\u0161\u00edch spole\u010dnost\u00ed, s nimi\u017e je Kol\u00e1\u0159 v \u00fazk\u00e9m spojen\u00ed. Je to zkr\u00e1tka jasn\u00fd dvoj\u00ed p\u0159\u00edstup justice a policie, kter\u00e1 v tomto p\u0159\u00edpad\u011b zav\u00edr\u00e1 o\u010di i s ku\u0159\u00edmi oky. A d\u011bl\u00e1 mrtv\u00e9ho brouka.<\/p>\n<p style=\"font-weight: 400;\">Jako b\u00fdval\u00fd \u010desk\u00fd premi\u00e9r si dovol\u00edm povzbudit \u010deskou policii k \u017eiv\u011bj\u0161\u00edmu v\u00fdkonu v t\u00e9to v\u011bci a k odvaze. Je to toti\u017e pro ostudu.<\/p>\n<p style=\"font-weight: 400;\">\u00a0Samoz\u0159ejm\u011b, \u017ee jsem si v\u011bdom z\u00e1sluh Petra Kol\u00e1\u0159e, proto\u017ee on\u00a0\u00a0byl spiritus agens cel\u00e9 akce &#8222;prezident&#8220;. On to byl, kdo zorganizoval marketingov\u00e9, organiza\u010dn\u00ed, finan\u010dn\u00ed a spole\u010densk\u00e9 z\u00e1zem\u00ed pro Petra Pavla, aby se ten mohl v\u016fbec v\u00e1\u017en\u011b uch\u00e1zet o prezidentsk\u00fd \u00fa\u0159ad. Zalo\u017een\u00ed aktivity\u00a0\u00a0Spolu siln\u011bj\u0161\u00ed dlouh\u00fd \u010das p\u0159ed prezidentskou volbou bylo mistrovsk\u00fdm tahem organizace a marketingu. Umo\u017enilo toti\u017e Petru Pavlovi obj\u00ed\u017ed\u011bt dlouho p\u0159ed prezidentskou volbou jednotliv\u00e9 kraje a v\u00fdznamn\u00e1 m\u00edsta v \u010cesk\u00e9 republice tak, aby se ob\u010dan\u00e9, tedy hlavn\u011b jejich aktivn\u00ed a anga\u017eovan\u00e1 \u010d\u00e1st, kterou bych nazval protizemanovskou a protibabi\u0161ovskou, mohla s n\u00edm bl\u00ed\u017ee asociovat. Pavel si tak d\u00edky Kol\u00e1\u0159ovi vytvo\u0159il horizont\u00e1ln\u00ed vazby prakticky ve v\u0161ech kraj\u00edch \u010cesk\u00e9 republiky, na kter\u00e9 mohl v prezidentsk\u00e9 kampani u\u017e naostro navazovat. Vystupoval jako klidn\u00e1, nepopulistick\u00e1 s\u00edla zaji\u0161\u0165uj\u00edc\u00ed proz\u00e1padn\u00ed orientaci st\u00e1tu. Jako kdyby hrozilo, \u017ee n\u011bkter\u00e1 z politick\u00fdch sil v zemi vrhne republiku do n\u00e1ru\u010d\u00ed Putinova Ruska \u010di\u00a0\u00a0\u00cdr\u00e1nu ajatoll\u00e1h\u016f \u010di j\u00e1 nev\u00edm koho je\u0161t\u011b jin\u00e9ho.<\/p>\n<p style=\"font-weight: 400;\">\u010cesk\u00e1 republika je toti\u017e zapojena takov\u00fdm zp\u016fsobem do evropsk\u00e9 integrace a tak\u00e9 do severoatlantick\u00e9ho paktu, \u017ee u\u017e nem\u00e1 \u00faniku i kdyby snad jej\u00ed politick\u00e9 veden\u00ed uniknout cht\u011blo. Ostatn\u011b, pokud by tomu tak bylo a n\u011bkter\u00e9 politick\u00e9 veden\u00ed v budoucnu by snad m\u011blo takov\u00e9 ambice, nastoupil by &#8222;moldavsk\u00fd sc\u00e9n\u00e1\u0159&#8220;. Ale to je zbyte\u010dn\u00e9 o tom hovo\u0159it, nebo\u0165 \u017e\u00e1dn\u00e1 politick\u00e1 s\u00edla takov\u00e9 ambice nem\u00e1. Skv\u011bl\u00fdm marketingov\u00fdm man\u00e9vrem bylo tak\u00e9 to, \u017ee se Petru Pavlovi poda\u0159ilo, d\u00edky jeho vynikaj\u00edc\u00edmu marketingov\u00e9mu a finan\u010dn\u00edmu z\u00e1zem\u00ed, vytvo\u0159en\u00e9mu nov\u00fdmi ologarchy, se zbavit n\u00e1lepky komunistick\u00e9ho \u0161piona,\u00a0\u00a0komunistick\u00e9ho mlad\u00e9ho k\u00e1dru, zkr\u00e1tka perspektivn\u00edho k\u00e1dru b\u00fdval\u00e9ho re\u017eimu, kter\u00fd m\u011bl b\u00fdt vysazen v imperialistick\u00e9 cizin\u011b jako \u010ds. rozv\u011bd\u010d\u00edk. D\u00edky sv\u00e9mu pro\u0161kolen\u00ed komunistick\u00fdmi rozv\u011bd\u010d\u00edky ostatn\u011b Pavel brilantn\u011b ovl\u00e1d\u00e1 n\u011bkolik ciz\u00edch \u0159e\u010d\u00ed.<\/p>\n<p style=\"font-weight: 400;\">Jedin\u00e9 nebezpe\u010d\u00ed, kter\u00e9 snad hroz\u00ed pro Pavlovu reputaci a budoucnost, je z\u0159ejm\u011b v Moskv\u011b. Nep\u0159ece\u0148uji sice vyjad\u0159ov\u00e1n\u00ed b\u00fdval\u00e9ho rusk\u00e9ho prezidenta Medv\u011bd\u011bva, kter\u00fd se ve sv\u00fdch medi\u00e1ln\u00edch seanc\u00edch\u00a0\u00a0krom\u011b jin\u00e9ho zab\u00fdval tak\u00e9 Petrem Pavlem. A nazna\u010dil, \u017ee rusk\u00e1 zpravodajsk\u00e1 slu\u017eba m\u00e1 k dispozici n\u011bco t\u0159askav\u00e9ho na P. Pavla anebo, n\u011bjak\u00e9\u00a0\u00a0informace\u00a0\u00a0sv\u011bd\u010d\u00edc\u00ed o tom, \u017ee snad se sov\u011btskou zpravodajskou slu\u017ebou jej\u00ed\u017e je rusk\u00e1 zpravodajsk\u00e1 slu\u017eba p\u0159irozenou a n\u00e1stupkyn\u00ed, spolupracoval. Pokud se toto kompro objev\u00ed, pokud Medved\u011bv nep\u0159eh\u00e1n\u011bl, co\u017e je n\u011bkdy jeho obvyklou metodou pr\u00e1ce, tak bychom se je\u0161t\u011b p\u0159ed druhou prezidentskou volbou, kter\u00e9 se nepochybn\u011b Pavel s &#8222;p\u0159\u00edtelem po boku&#8220; Kol\u00e1\u0159em z\u00fa\u010dastn\u00ed, dozv\u011bd\u011bli n\u011bjak\u00e9 nov\u00e9 informace t\u00fdkaj\u00edc\u00ed se t\u00e9to problematiky. Nepochybuji o tom, \u017ee bezpe\u010dnostn\u00ed z\u00e1zem\u00ed Pavla a Kol\u00e1\u0159e je u\u017e dnes p\u0159ipraveno na tuto eventualitu a \u017ee j\u00ed odm\u00edtne jako zpravodajsk\u00fd joke a dezinformaci rusk\u00fdch zpravodajc\u016f. Uvid\u00edme, ru\u0161t\u00ed zpravodajci nejsou \u00fapln\u00ed amat\u00e9\u0159i. A tak bych je nepodce\u0148oval, \u017ee se nechaj\u00ed odb\u00fdt jako \u017e\u00e1dost o podporu.<\/p>\n<p style=\"font-weight: 400;\">Pro\u010d vlastn\u011b nen\u00ed Petr Kol\u00e1\u0159 zam\u011bstn\u00e1n v prezidentsk\u00e9 kancel\u00e1\u0159i na b\u011b\u017en\u00fd pracovn\u00ed \u00favazek? On pln\u00ed funkci jak\u00e9hosi Mirka \u0160loufa, kter\u00fd se pohyboval v okol\u00ed Milo\u0161e Zemana a pracoval pro n\u011bj l\u00e9ta jako v\u010deli\u010dka. Stejn\u011b efektivn\u011b pracuje pro Pavla i Kol\u00e1\u0159, ale jeho z\u00e1zem\u00ed v mezin\u00e1rodn\u011b profl\u00e1knut\u00e9 agentu\u0159e lobbistick\u00e9ho charakteru SPB je finan\u010dn\u011b natolik zaj\u00edmav\u00e9, \u017ee si Kol\u00e1\u0159 toto zam\u011bstn\u00e1n\u00ed nem\u016f\u017ee odep\u0159\u00edt.\u00a0\u00a0A nejde jenom o finan\u010dn\u00ed str\u00e1nku v\u011bci, ale i o p\u0159\u00edstup k informa\u010dn\u00edm a dal\u0161\u00edm kan\u00e1l\u016fm t\u00e9to firmy. Tato firma pracuje tak trochu v \u0161ed\u00e9 z\u00f3n\u011b, alespo\u0148 z m\u00e9ho pohledu a jist\u011b je\u00a0\u00a0v kontaktu nejen se spolupracovn\u00edky americk\u00fdch zpravodajsk\u00fdch slu\u017eeb, tedy zejm\u00e9na CIA a v podm\u00ednk\u00e1ch USA i FBI. Ale nepodce\u0148oval bych ani jej\u00ed propojen\u00ed a kontakty s jin\u00fdmi z\u00e1padn\u00edmi zpravodajsk\u00fdmi slu\u017ebami. A s velk\u00fdmi nadn\u00e1rodn\u00edmi spole\u010dnosti, pro kter\u00e9 SPB tak\u00e9 pracuje. Mimochodem, Kol\u00e1\u0159 osobn\u011b spolupracuje se zbroja\u0159i. Proto z\u0159ejm\u011b vznikla jeho velk\u00e1 slabost pro my\u0161lenku trval\u00e9ho navy\u0161ov\u00e1n\u00ed vojensk\u00fdch v\u00fddaj\u016f ve st\u00e1tn\u00edm rozpo\u010dtu zem\u011b. Spolupracuje tak\u00e9 s tab\u00e1kov\u00fdmi koncerny, tedy s\u00a0\u00a0jedn\u00edm, co je dominantn\u00ed na trhu v \u010cesk\u00e9 republice.<\/p>\n<p style=\"font-weight: 400;\">Zkr\u00e1tka je to p\u011bkn\u00fd pt\u00e1\u010dek jareb\u00e1\u010dek, ten n\u00e1\u0161 Petr Kol\u00e1\u0159.<\/p>\n<p style=\"font-weight: 400;\">D\u00edky n\u011bmu m\u00e1me IQ 107 na Hrad\u011b. D\u00edky n\u011bmu dostali milionchvilka\u0159i impuls k operetn\u00edm politick\u00fdm \u00fatok\u016fm na vl\u00e1du, kter\u00e9 budou zajist\u00e9 pokra\u010dovat, nebo\u0165 agenda a imaginacr Milionu chvilek proti demokracii i Kol\u00e1\u0159e je prakticky nekone\u010dn\u00e1. Budou bojovat do roztrh\u00e1n\u00ed t\u011bla tak, jako byli milionchvilka\u0159i v klidu za b\u00fdval\u00e9 vl\u00e1dy Petra Fialy, nap\u0159. p\u0159i af\u00e9\u0159e\u00a0\u00a0Kampeli\u010dky nebo af\u00e9\u0159e Dozimetr anebo af\u00e9\u0159e Bitcoin.<\/p>\n<p style=\"font-weight: 400;\">\u00a0Zkr\u00e1tka, Petra Kol\u00e1\u0159e nelze podce\u0148ovat, tak jako ne\u0161lo podce\u0148ovat Miroslava \u0160loufa a jeho vliv na M.Zemana, a\u0165 byl v jak\u00e9koliv funkci. Nakonec \u0160louf skon\u010dil vyhazovem.\u00a0\u00a0Stejn\u00fdm zp\u016fsobem dopadne jednou i Petr Kol\u00e1\u0159.<\/p>\n<p style=\"font-weight: 400;\"><a href=\"https:\/\/vasevec.info\/domaci-politika\/kdo-je-prezidentuv-pritel-po-boku\">Ji\u0159\u00ed Paroubek<\/a><\/p>\n<p><img decoding=\"async\" loading=\"lazy\" class=\"alignnone size-medium wp-image-2342\" src=\"http:\/\/www.infokuryr.cz\/n\/wp-content\/uploads\/2021\/06\/paroubek-300x208.jpg\" alt=\"\" width=\"300\" height=\"208\" srcset=\"https:\/\/www.infokuryr.cz\/n\/wp-content\/uploads\/2021\/06\/paroubek-300x208.jpg 300w, https:\/\/www.infokuryr.cz\/n\/wp-content\/uploads\/2021\/06\/paroubek.jpg 318w\" sizes=\"(max-width: 300px) 100vw, 300px\" \/><\/p>\n<p>&nbsp;<\/p>\n","protected":false},"excerpt":{"rendered":"<p>Je to jednak velice c\u00edlev\u011bdom\u00fd \u010dlov\u011bk s \u0161irokou \u0161k\u00e1lou vazeb na zahrani\u010dn\u00ed zpravodajsk\u00e9 slu\u017eby a&#8230;<\/p>\n","protected":false},"author":2,"featured_media":98257,"comment_status":"closed","ping_status":"closed","sticky":false,"template":"","format":"standard","meta":[],"categories":[6],"tags":[1503,4297,1173],"_links":{"self":[{"href":"https:\/\/www.infokuryr.cz\/n\/wp-json\/wp\/v2\/posts\/100332"}],"collection":[{"href":"https:\/\/www.infokuryr.cz\/n\/wp-json\/wp\/v2\/posts"}],"about":[{"href":"https:\/\/www.infokuryr.cz\/n\/wp-json\/wp\/v2\/types\/post"}],"author":[{"embeddable":true,"href":"https:\/\/www.infokuryr.cz\/n\/wp-json\/wp\/v2\/users\/2"}],"replies":[{"embeddable":true,"href":"https:\/\/www.infokuryr.cz\/n\/wp-json\/wp\/v2\/comments?post=100332"}],"version-history":[{"count":0,"href":"https:\/\/www.infokuryr.cz\/n\/wp-json\/wp\/v2\/posts\/100332\/revisions"}],"wp:featuredmedia":[{"embeddable":true,"href":"https:\/\/www.infokuryr.cz\/n\/wp-json\/wp\/v2\/media\/98257"}],"wp:attachment":[{"href":"https:\/\/www.infokuryr.cz\/n\/wp-json\/wp\/v2\/media?parent=100332"}],"wp:term":[{"taxonomy":"category","embeddable":true,"href":"https:\/\/www.infokuryr.cz\/n\/wp-json\/wp\/v2\/categories?post=100332"},{"taxonomy":"post_tag","embeddable":true,"href":"https:\/\/www.infokuryr.cz\/n\/wp-json\/wp\/v2\/tags?post=100332"}],"curies":[{"name":"wp","href":"https:\/\/api.w.org\/{rel}","templated":true}]}}