{"id":100329,"date":"2026-02-24T00:19:00","date_gmt":"2026-02-23T23:19:00","guid":{"rendered":"https:\/\/www.infokuryr.cz\/n\/?p=100329"},"modified":"2026-02-23T16:30:37","modified_gmt":"2026-02-23T15:30:37","slug":"jiri-vasko-prezident-pavel-znovuzvoleni-nebo-sbohem-a-satecek","status":"publish","type":"post","link":"https:\/\/www.infokuryr.cz\/n\/2026\/02\/24\/jiri-vasko-prezident-pavel-znovuzvoleni-nebo-sbohem-a-satecek\/","title":{"rendered":"Ji\u0159\u00ed Va\u0161ko: Prezident Pavel \u2013 znovuzvolen\u00ed nebo Sbohem a \u0161\u00e1te\u010dek?"},"content":{"rendered":"<div id=\"fb-root\"><\/div>\n<h3>\u201eB\u011bda t\u011bm, kte\u0159\u00ed vid\u00ed a nev\u011bd\u00ed, co vid\u00ed\u201c<\/h3>\n<p><strong>Lze vid\u011bt, \u017ee Petr Pavel, jeho hradn\u00ed okol\u00ed, hlavn\u00ed m\u00e9dia a pora\u017een\u00e1 opozice s velk\u00fdm p\u0159edstihem zah\u00e1jili \u0161irokou kampa\u0148 za jeho znovuzvolen\u00ed. A kampa\u0148 je to op\u011bt velmi mazan\u00e1. S\u00e1z\u00ed zejm\u00e9na na tzv. podprahovost v\u011bdom\u00e9ho vn\u00edm\u00e1n\u00ed s c\u00edlem ovlivnit emoce, motivaci a n\u00e1sledn\u00e9 chov\u00e1n\u00ed co nej\u0161ir\u0161\u00ed ve\u0159ejnosti a zajistit tak prezidentovi jeho dal\u0161\u00ed v\u00edt\u011bzstv\u00ed.<\/strong><\/p>\n<p>Proto u\u017e nyn\u00ed vytv\u00e1\u0159ej\u00ed jeho z\u00e1\u0159iv\u00fd kult osobnosti. Zd\u016fraz\u0148uj\u00ed jeho l\u00edbiv\u00fd, reprezentativn\u00ed vzhled, slu\u0161nou \u0159e\u010d a obranu liber\u00e1ln\u00ed demokracie nejen v \u010cesku, i kdy\u017e ta u\u017e dlouho nen\u00ed, co b\u00fdvala. Vyzdvihuj\u00ed jeho p\u0159\u00edkladn\u00fd vztah k NATO a k Evropsk\u00e9 unii v\u010detn\u011b jej\u00edho sou\u010dasn\u00e9ho veden\u00ed. Zd\u016fraz\u0148uj\u00ed jeho pomoc Ukrajin\u011b proti \u201ezlo\u010dinn\u00e9mu\u201c Rusku, kter\u00e9 podle n\u011bj v\u00e1\u017en\u011b ohro\u017euje tak\u00e9 \u010cesko i Evropu, i kdy\u017e krom\u011b ji\u017e politicky po\u0161ramocen\u00fdch l\u00eddr\u016f samotn\u00e9 Evropy si to nikdo jin\u00fd v\u010detn\u011b USA z\u0159ejm\u011b nemysl\u00ed.<\/p>\n<p>\u010c\u00e1st \u010desk\u00e9 ve\u0159ejnosti a zvl\u00e1\u0161t\u011b m\u00e9di\u00ed to st\u00e1le je\u0161t\u011b r\u00e1da vid\u00ed a sly\u0161\u00ed a opakuje jako fla\u0161inet. Zapom\u00edn\u00e1 na star\u00e1 p\u0159\u00edslov\u00ed, \u017ee \u201eNen\u00ed v\u0161echno zlato, co se leskne a nen\u00ed v\u0161echno pravda, co se pleskne\u201c nebo \u201eDob\u0159e zep\u0159edu i zezadu o\u010di m\u00edti\u201c. A pak se div\u00ed nebo l\u017ee, \u017ee sama v\u0161echno nevid\u011bla\u2026.<\/p>\n<p>Cel\u00e1 tato kampa\u0148 jsou ov\u0161em tane\u010dky na velmi tenk\u00e9m led\u011b, kter\u00fd je nav\u00edc velmi k\u0159ehk\u00fd a pln\u00fd re\u00e1ln\u00fdch rizik, \u017ee se probo\u0159\u00ed.<\/p>\n<p>Ta hlavn\u00ed spo\u010d\u00edvaj\u00ed ve st\u00e1le re\u00e1ln\u011bj\u0161\u00edch pochybnostech, zda na Pra\u017esk\u00e9m hrad\u011b skute\u010dn\u011b rozhoduje B\u00edl\u00fd Petr (Pavel) nebo \u010cern\u00fd Petr (Kol\u00e1\u0159), vystupuj\u00edc\u00ed jako \u201ep\u0159\u00edtel po boku\u201c. A nen\u00ed ten \u201eb\u00edl\u00fd\u201c jen jakousi \u201ereklamn\u00ed tv\u00e1\u0159\u00ed\u201c prezidentsk\u00e9ho \u00fa\u0159adu a skute\u010dn\u00fdm prezidentem je ten druh\u00fd?<\/p>\n<p>A kdo koho vlastn\u011b \u0159\u00edd\u00ed a kdo je za prezidentskou instituci mor\u00e1ln\u011b a pr\u00e1vn\u011b odpov\u011bdn\u00fd? M\u00e1 eventu\u00e1ln\u00ed pr\u016f\u0161vihy odsk\u00e1kat jenom ten \u201eb\u00edl\u00fd k\u016f\u0148\u201c \u010di \u201eob\u011btn\u00ed ber\u00e1nek\u201c? A ten nik\u00fdm nevolen\u00fd druh\u00fd bude tvrdit \u201ej\u00e1 nic, j\u00e1 muzikant\u201c? A nejsou za p\u0159\u00edtelem po boku Kol\u00e1\u0159em i jin\u00ed \u201ep\u0159\u00e1tel\u00e9\u201c, rovn\u011b\u017e ze zahrani\u010d\u00ed? Koho tedy v dal\u0161\u00edch volb\u00e1ch budeme ve skute\u010dnosti volit a bude to skute\u010dn\u011b v z\u00e1jmu \u010desk\u00fdch ob\u010dan\u016f?<\/p>\n<p>Prok\u00e1z\u00e1no u\u017e je, \u017ee prezident Pavel u\u017e i jako voj\u00e1k byl a je schopen poru\u0161ovat sv\u00e9 p\u0159\u00edsahy, sliby a m\u011bnit dan\u00e9 slovo. A tak se nab\u00edz\u00ed ot\u00e1zka, zda je opravdu hrdina, jak je m\u00e9dii ob\u010das prezentov\u00e1n, nebo p\u0159es siln\u00e9 \u0159e\u010di a gesta slaboch, kter\u00fd si za sv\u00fdm n\u00e1zorem a rozhodnut\u00edm nedok\u00e1\u017ee st\u00e1t? M\u016f\u017ee takov\u00fd p\u0159evl\u00e9ka\u010d uniforem a kab\u00e1t\u016f setrv\u00e1vat v \u010dele st\u00e1tu a jeho ozbrojen\u00fdch sil? Lze se na n\u011bj v probl\u00e9mech opravdu spolehnout?<\/p>\n<p>Zat\u00edmco moud\u0159\u00ed lid\u00e9 v sou\u010dasn\u00e9m chaotick\u00e9m sv\u011bt\u011b mluv\u00ed nej\u010dast\u011bji o m\u00edru, m\u00edr opravdu cht\u011bj\u00ed a d\u011blaj\u00ed pro n\u011bj co mohou, gener\u00e1l Pavel velmi \u010dasto hovo\u0159\u00ed o v\u00e1lce a zbrojen\u00ed a n\u011bkter\u00e9 jeho kroky vedou i k zatahov\u00e1n\u00ed \u010desk\u00fdch ob\u010dan\u016f a st\u00e1tu do n\u00ed. Nen\u00ed u\u017e \u010das v\u00e9st \u010cesko co nejd\u00e1le od ni\u010den\u00ed a zab\u00edjen\u00ed hlavami a rukama nezodpov\u011bdn\u00fdch mocichtiv\u00fdch a ciz\u00edch zdroj\u016f chtiv\u00fdch politik\u016f a gener\u00e1l\u016f? A rad\u011bji \u201ep\u0159ekov\u00e1vat me\u010de v pluhy\u201c, jak v biblick\u00e9m proroctv\u00ed nab\u00e1dal Izai\u00e1\u0161 (kapitola 2, ver\u0161 4)?<\/p>\n<p>Pochybnost o jeho \u010destnosti vzbuzuje tak\u00e9 jeho odsuzov\u00e1n\u00ed adorace nacismu u n\u011bkter\u00fdch lid\u00ed v \u010cesku, spo\u010d\u00edvaj\u00edc\u00ed jen v gestech a n\u011bkolika v\u00fdroc\u00edch zveli\u010dovan\u00fdch m\u00e9dii, zat\u00edmco ml\u010dky p\u0159ech\u00e1z\u00ed oslavy odsouzen\u00fdch nacistick\u00fdch zlo\u010dinc\u016f S. Bandery aj., masov\u011b vyvra\u017e\u010fuj\u00edc\u00edch Pol\u00e1ky, \u017didy i jin\u00e9 n\u00e1rodnostn\u00ed men\u0161iny na Ukrajin\u011b. Kde jsou po t\u011bchto zlo\u010dinc\u00edch pojmenov\u00e1v\u00e1ny des\u00edtky ulic a po\u0159\u00e1d\u00e1ny pochody. \u010cin\u00ed se tak se i se souhlasem sou\u010dasn\u00e9 ukrajinsk\u00e9 vl\u00e1dy a prezidenta Zelensk\u00e9ho. A ned\u00e1vno p\u0159evzat\u00e9 vysok\u00e9 st\u00e1tn\u00ed vyznamen\u00e1n\u00ed od takov\u00e9ho re\u017eimu a \u010dlov\u011bka si bude hrd\u011b p\u0159ip\u00ednat na svou hru\u010f?<\/p>\n<p>A na d\u016fkaz sv\u00e9ho antinacismu a \u010desk\u00e9ho vlastenectv\u00ed mo\u017en\u00e1 spolu s p\u0159\u00edtelem expremi\u00e9rem Petrem Fialou uv\u00edt\u00e1 i pl\u00e1novan\u00fd prvn\u00ed zahrani\u010dn\u00ed sjezd Sudetsk\u00fdch N\u011bmc\u016f v Brn\u011b. Pokud na n\u011bm osobn\u011b nevystoup\u00ed s projevem, jeho \u00fa\u010dastn\u00edk\u016fm mo\u017en\u00e1 po\u0161le alespo\u0148 krajanskou zdravici a t\u0159eba za to i od pana B. Posselta obdr\u017e\u00ed medaili.<\/p>\n<p>Pochybnosti vzbuzuj\u00ed tak\u00e9 prezidentova slova, \u017ee vnit\u0159n\u011b ji\u017e na dal\u0161\u00ed obdob\u00ed hlavou st\u00e1tu b\u00fdt nechce, i kdy\u017e r\u016fzn\u00e9 okolnosti nasv\u011bd\u010duj\u00ed tomu, \u017ee o to, a tak\u00e9 jeho man\u017eelka, velmi stoj\u00ed. Ukazuje to jejich nadb\u00edh\u00e1n\u00ed potenci\u00e1ln\u00edm voli\u010d\u016fm, podpora protivl\u00e1dn\u00edch demonstrac\u00ed svol\u00e1van\u00fdch z\u0159ejm\u011b u\u017e v r\u00e1mci kampan\u011b, aj. Vyvolat to m\u00e1 p\u0159esv\u011bd\u010den\u00ed, \u017ee P. Pavel u\u017e znovu prezidentem sice b\u00fdt nechce, ale je p\u0159ipraven se ob\u011btovat a u\u010dinit tak v z\u00e1jmu ve\u0159ejnosti a st\u00e1tu.<\/p>\n<p>A pokud je pravda, co mu \u0159\u00edk\u00e1 jeho vnit\u0159n\u00ed hlas, nem\u011bli by lid\u00e9, kte\u0159\u00ed P. Pavla maj\u00ed r\u00e1di, ho nutit se d\u00e1le ob\u011btovat v jeho prezidentov\u00e1n\u00ed a dop\u0159\u00e1t mu a jeho \u017een\u011b v\u011bnovat se rodin\u011b a vnou\u010dat\u016fm. Spolu s nimi a s p\u0159\u00e1teli po boku si ob\u010das zaj\u00edt na pivo nebo si zahr\u00e1t na voj\u00e1\u010dky, jak m\u00e1 v oblib\u011b. A p\u0159itom si t\u0159eba zazp\u00edvat n\u011bkterou slavnou pochodovou p\u00edse\u0148 sv\u00e9ho ml\u00e1d\u00ed jako: \u201eJdou voj\u00e1ci jdou, p\u011bkn\u011b v \u0159ad\u00e1ch za sebou\u2026\u201c nebo \u201eKup\u0159edu prav\u00e1, kup\u0159edu prav\u00e1, zp\u00e1tky ni krok!\u201c Tehdy to sice byla lev\u00e1, ale ta u\u017e p\u0159ece d\u00e1vno nen\u00ed v m\u00f3d\u011b.<\/p>\n<p><a href=\"https:\/\/zvedavec.news\/komentare\/2026\/02\/10932-prezident-pavel-znovuzvoleni-nebo-sbohem-a-satecek.htm\">Ji\u0159\u00ed Va\u0161ko<\/a><\/p>\n<p>&nbsp;<\/p>\n","protected":false},"excerpt":{"rendered":"<p>\u201eB\u011bda t\u011bm, kte\u0159\u00ed vid\u00ed a nev\u011bd\u00ed, co vid\u00ed\u201c Lze vid\u011bt, \u017ee Petr Pavel, jeho hradn\u00ed&#8230;<\/p>\n","protected":false},"author":2,"featured_media":74861,"comment_status":"closed","ping_status":"closed","sticky":false,"template":"","format":"standard","meta":[],"categories":[6],"tags":[1503,1173,27,4226],"_links":{"self":[{"href":"https:\/\/www.infokuryr.cz\/n\/wp-json\/wp\/v2\/posts\/100329"}],"collection":[{"href":"https:\/\/www.infokuryr.cz\/n\/wp-json\/wp\/v2\/posts"}],"about":[{"href":"https:\/\/www.infokuryr.cz\/n\/wp-json\/wp\/v2\/types\/post"}],"author":[{"embeddable":true,"href":"https:\/\/www.infokuryr.cz\/n\/wp-json\/wp\/v2\/users\/2"}],"replies":[{"embeddable":true,"href":"https:\/\/www.infokuryr.cz\/n\/wp-json\/wp\/v2\/comments?post=100329"}],"version-history":[{"count":0,"href":"https:\/\/www.infokuryr.cz\/n\/wp-json\/wp\/v2\/posts\/100329\/revisions"}],"wp:featuredmedia":[{"embeddable":true,"href":"https:\/\/www.infokuryr.cz\/n\/wp-json\/wp\/v2\/media\/74861"}],"wp:attachment":[{"href":"https:\/\/www.infokuryr.cz\/n\/wp-json\/wp\/v2\/media?parent=100329"}],"wp:term":[{"taxonomy":"category","embeddable":true,"href":"https:\/\/www.infokuryr.cz\/n\/wp-json\/wp\/v2\/categories?post=100329"},{"taxonomy":"post_tag","embeddable":true,"href":"https:\/\/www.infokuryr.cz\/n\/wp-json\/wp\/v2\/tags?post=100329"}],"curies":[{"name":"wp","href":"https:\/\/api.w.org\/{rel}","templated":true}]}}