{"id":100327,"date":"2026-02-24T00:13:08","date_gmt":"2026-02-23T23:13:08","guid":{"rendered":"https:\/\/www.infokuryr.cz\/n\/?p=100327"},"modified":"2026-02-23T16:13:44","modified_gmt":"2026-02-23T15:13:44","slug":"erik-best-vydaje-na-obranu-v-mezich-zdraveho-rozumu","status":"publish","type":"post","link":"https:\/\/www.infokuryr.cz\/n\/2026\/02\/24\/erik-best-vydaje-na-obranu-v-mezich-zdraveho-rozumu\/","title":{"rendered":"Erik Best: V\u00fddaje na obranu v mez\u00edch zdrav\u00e9ho rozumu"},"content":{"rendered":"<div id=\"fb-root\"><\/div>\n<p>Nov\u00e1 hospod\u00e1\u0159sk\u00e1 strategie\u00a0<a href=\"https:\/\/mpo.gov.cz\/cz\/rozcestnik\/pro-media\/tiskove-zpravy\/hospodarska-strategie-2-0-ma-cesku-vratit-dlouhodoby-ekonomicky-rust--291795\/\" target=\"_blank\" rel=\"noopener\">Zem\u011b pro budoucnost 2.0<\/a>, kterou v\u00a0p\u00e1tek p\u0159edstavila Babi\u0161ova vl\u00e1da, nen\u00ed p\u0159\u00edli\u0161 p\u0159\u00e1telsk\u00e1 k\u00a0lobbist\u016fm zbrojn\u00edho pr\u016fmyslu, jako jsou Petr Kol\u00e1\u0159, Miroslav Kalousek \u010di Tom\u00e1\u0161 Pojar.<\/p>\n<p>Na stran\u011b 80 tohoto dokumentu se uv\u00e1d\u00ed, \u017ee st\u00e1t si uv\u011bdomuje, \u017ee hospod\u00e1\u0159sk\u00fd r\u016fst a\u00a0rozpo\u010dtov\u00e1 konsolidace nemohou b\u00fdt dosahov\u00e1ny na \u00fakor pln\u011bn\u00ed jeho z\u00e1kladn\u00edch funkc\u00ed v\u010detn\u011b vn\u011bj\u0161\u00ed obrany a\u00a0vnit\u0159n\u00ed bezpe\u010dnosti, av\u0161ak na stran\u011b 59 se tak\u00e9 zd\u016fraz\u0148uje, \u017ee investice do obrany maj\u00ed do hospod\u00e1\u0159stv\u00ed sp\u00ed\u0161e ni\u017e\u0161\u00ed multiplika\u010dn\u00ed efekt.<\/p>\n<p>To je v\u00a0rozporu s\u00a0v\u00fdrokem p\u0159edsedkyn\u011b Evropsk\u00e9 komise\u00a0<a href=\"https:\/\/www.fsfinalword.cz\/?page=archive&amp;show=1&amp;day=2026-2-16\" target=\"_blank\" rel=\"noopener\">Ursuly von der Leyenov\u00e9<\/a>\u00a0na\u00a0<a href=\"https:\/\/www.youtube.com\/live\/3z_eoxb13_s?t=551s\" target=\"_blank\" rel=\"noopener\">Mnichovsk\u00e9 bezpe\u010dnostn\u00ed konferenci<\/a>, \u017ee v\u00fddaje na obranu jsou zp\u016fsobem, jak \u201enastartovat novou pr\u016fmyslovou dohodu, kter\u00e1 n\u00e1m nejen zajist\u00ed bezpe\u010dnost, ale bude tak\u00e9 motorem r\u016fstu a\u00a0p\u0159inese Evropan\u016fm prosperitu na dal\u0161\u00ed desetilet\u00ed\u201c.<\/p>\n<p>Ministr zahrani\u010d\u00ed\u00a0<a href=\"https:\/\/cnn.iprima.cz\/macinka-trump-se-me-ptal-jestli-jsem-videl-ze-me-pochvalil-o-cesku-mluvil-moc-pekne-504773\" target=\"_blank\" rel=\"noopener\">Petr Macinka<\/a>\u00a0\u0159ekl, \u017ee si minul\u00fd t\u00fdden v\u00a0USA dal z\u00e1le\u017eet na tom, aby tam ch\u00e1pali katastrofick\u00fd rozm\u011br \u010desk\u00fdch ve\u0159ejn\u00fdch financ\u00ed. V\u00a0p\u00e1te\u010dn\u00edm nekonfronta\u010dn\u00edm rozhovoru pro CNN Prima News americk\u00fd velvyslanec\u00a0<a href=\"https:\/\/www.iprima.cz\/serialy\/360\/360-5\/51-360\" target=\"_blank\" rel=\"noopener\">Nicholas Merrick<\/a>\u00a0uvedl, \u017ee \u010cesk\u00e1 republika je ba\u0161tou zdrav\u00e9ho rozumu a\u00a0\u017ee si mysl\u00ed, \u017ee stejn\u00fd p\u0159\u00edstup zdrav\u00e9ho rozumu zv\u00edt\u011bz\u00ed i\u00a0v ot\u00e1zce vy\u0161\u0161\u00edch v\u00fddaj\u016f na obranu. N\u011bkte\u0159\u00ed by mohli \u0159\u00edct, \u017ee u\u017e zv\u00edt\u011bzil.<\/p>\n<p><a href=\"https:\/\/www.fsfinalword.cz\/?page=archive&amp;day=2026-02-23\">Erik Best<\/a><\/p>\n<p><img decoding=\"async\" loading=\"lazy\" class=\"alignnone  wp-image-1179\" src=\"http:\/\/www.infokuryr.cz\/n\/wp-content\/uploads\/2021\/04\/erik-best.jpg\" alt=\"\" width=\"109\" height=\"123\" \/><\/p>\n","protected":false},"excerpt":{"rendered":"<p>Nov\u00e1 hospod\u00e1\u0159sk\u00e1 strategie\u00a0Zem\u011b pro budoucnost 2.0, kterou v\u00a0p\u00e1tek p\u0159edstavila Babi\u0161ova vl\u00e1da, nen\u00ed p\u0159\u00edli\u0161 p\u0159\u00e1telsk\u00e1 k\u00a0lobbist\u016fm&#8230;<\/p>\n","protected":false},"author":2,"featured_media":98521,"comment_status":"closed","ping_status":"closed","sticky":false,"template":"","format":"standard","meta":[],"categories":[6],"tags":[1503,99,7487],"_links":{"self":[{"href":"https:\/\/www.infokuryr.cz\/n\/wp-json\/wp\/v2\/posts\/100327"}],"collection":[{"href":"https:\/\/www.infokuryr.cz\/n\/wp-json\/wp\/v2\/posts"}],"about":[{"href":"https:\/\/www.infokuryr.cz\/n\/wp-json\/wp\/v2\/types\/post"}],"author":[{"embeddable":true,"href":"https:\/\/www.infokuryr.cz\/n\/wp-json\/wp\/v2\/users\/2"}],"replies":[{"embeddable":true,"href":"https:\/\/www.infokuryr.cz\/n\/wp-json\/wp\/v2\/comments?post=100327"}],"version-history":[{"count":0,"href":"https:\/\/www.infokuryr.cz\/n\/wp-json\/wp\/v2\/posts\/100327\/revisions"}],"wp:featuredmedia":[{"embeddable":true,"href":"https:\/\/www.infokuryr.cz\/n\/wp-json\/wp\/v2\/media\/98521"}],"wp:attachment":[{"href":"https:\/\/www.infokuryr.cz\/n\/wp-json\/wp\/v2\/media?parent=100327"}],"wp:term":[{"taxonomy":"category","embeddable":true,"href":"https:\/\/www.infokuryr.cz\/n\/wp-json\/wp\/v2\/categories?post=100327"},{"taxonomy":"post_tag","embeddable":true,"href":"https:\/\/www.infokuryr.cz\/n\/wp-json\/wp\/v2\/tags?post=100327"}],"curies":[{"name":"wp","href":"https:\/\/api.w.org\/{rel}","templated":true}]}}