{"id":100315,"date":"2026-02-24T00:20:22","date_gmt":"2026-02-23T23:20:22","guid":{"rendered":"https:\/\/www.infokuryr.cz\/n\/?p=100315"},"modified":"2026-02-23T12:22:30","modified_gmt":"2026-02-23T11:22:30","slug":"evropa-skonci-jako-iran-dramaticke-varovani-sahova-syna-pahlaviho","status":"publish","type":"post","link":"https:\/\/www.infokuryr.cz\/n\/2026\/02\/24\/evropa-skonci-jako-iran-dramaticke-varovani-sahova-syna-pahlaviho\/","title":{"rendered":"\u201eEvropa skon\u010d\u00ed jako \u00cdr\u00e1n\u201c: Dramatick\u00e9 varov\u00e1n\u00ed \u0161\u00e1hova syna Pahlav\u00edho"},"content":{"rendered":"<div id=\"fb-root\"><\/div>\n<p><strong><span dir=\"auto\">To jsou slova, kter\u00e1 by n\u00e1mi v\u0161emi m\u011bla ot\u0159\u00e1st v hloubi du\u0161e. R\u00e9za Pahlav\u00ed, syn posledn\u00edho \u00edr\u00e1nsk\u00e9ho \u0161\u00e1ha, vyd\u00e1v\u00e1 Z\u00e1padu ostr\u00e9 varov\u00e1n\u00ed. Jeho poselstv\u00ed: Evropa je slep\u00e1 k nebezpe\u010d\u00ed radik\u00e1ln\u00edho isl\u00e1mu \u2013 a v\u011bdom\u011b sm\u011b\u0159uje ke katastrof\u011b. Jako mraziv\u00fd p\u0159\u00edklad uv\u00e1d\u00ed nikoho jin\u00e9ho ne\u017e hlavn\u00ed m\u011bsto EU, Brusel.<\/span><\/strong><\/p>\n<p><span dir=\"auto\">V exkluzivn\u00edm rozhovoru pro Visegr\u00e1d 24 a Middle East 24 korunn\u00ed princ v exilu bije na poplach. Zat\u00edmco politici v jeho vlasti p\u0159iv\u00edraj\u00ed o\u010di, Pahlav\u00ed vyd\u00e1v\u00e1 varov\u00e1n\u00ed: Evropa se nach\u00e1z\u00ed v nebezpe\u010dn\u00e9m bod\u011b zlomu. Pahlav\u00ed vzpom\u00edn\u00e1 na rozhovor s britsk\u00fdm lordem na za\u010d\u00e1tku 80. let. Tehdy varoval Evropu, \u017ee radik\u00e1ln\u00ed isl\u00e1m nez\u016fstane omezen na Bl\u00edzk\u00fd v\u00fdchod. Arogantn\u00ed reakce tehdy: \u201eTo se n\u00e1s net\u00fdk\u00e1.\u201c Dnes Pahlav\u00ed ho\u0159ce \u0159\u00edk\u00e1, \u017ee se jeho p\u0159edpov\u011b\u010f z roku 1982 stala ponurou realitou: \u201eVaroval jsem Evropany p\u0159ed mnoha lety, \u017ee jednoho dne budou m\u00edt islamisty na sv\u00e9m vlastn\u00edm dvorku. A v\u00edte co? Te\u010f jsou na dvorku Evropy.\u201c<\/span><\/p>\n<p><span dir=\"auto\">Pahlav\u00ed ilustruje rozsah t\u00e9to infiltrace na neuv\u011b\u0159iteln\u00e9m p\u0159\u00edkladu.\u00a0<\/span><strong><span dir=\"auto\">\u00cdr\u00e1nsk\u00fd expert mu vypr\u00e1v\u011bl o tom, co se d\u011bje v bl\u00edzkosti kr\u00e1lovsk\u00e9ho pal\u00e1ce v Bruselu \u2013 p\u0159\u00edmo v srdci Evropy. Tam islamist\u00e9 bezosty\u0161n\u011b prosazuj\u00ed politick\u00e9 iniciativy.<\/span><\/strong><span dir=\"auto\">\u00a0U\u017e nejde jen o pl\u00ed\u017eiv\u00e9 zav\u00e1d\u011bn\u00ed pr\u00e1va \u0161ar\u00eda. V srdci Evropy muslimsk\u00e9 skupiny v\u00e1\u017en\u011b po\u017eaduj\u00ed autobusy segregovan\u00e9 podle pohlav\u00ed! Pro Pahlav\u00edho je to absolutn\u00ed varovn\u00fd sign\u00e1l naprost\u00e9ho selh\u00e1n\u00ed integrace: \u201eDos\u00e1hli jsme bodu, kdy lid\u00e9 p\u0159ij\u00ed\u017ed\u011bj\u00ed do zem\u011b jako host\u00e9 \u2013 a m\u00edsto aby se integrovali a respektovali na\u0161e hodnoty, n\u00e1m diktuj\u00ed, \u017ee bychom m\u011bli pr\u00e1vo \u0161ar\u00eda integrovat do evropsk\u00e9ho syst\u00e9mu?\u201c<\/span><\/p>\n<p><span dir=\"auto\">Korunn\u00ed princ je obzvl\u00e1\u0161t\u011b kritick\u00fd v\u016f\u010di politick\u00e9 levici, kter\u00e1 se podle n\u011bj sna\u017e\u00ed potla\u010dit jakoukoli legitimn\u00ed kritiku radik\u00e1ln\u00edho isl\u00e1mu. Ka\u017ed\u00fd, kdo vyd\u00e1 varov\u00e1n\u00ed, je han\u011bn.\u00a0<\/span><strong><span dir=\"auto\">\u201eZejm\u00e9na levice\u201c se okam\u017eit\u011b uchyluje k obvin\u011bn\u00edm z \u201eislamofobie,\u201c kritizuje Pahlav\u00ed. Absurdita na tom podle n\u011bj spo\u010d\u00edv\u00e1 v tom, \u017ee pr\u00e1v\u011b muslimov\u00e9 v zem\u00edch, jako je Sa\u00fadsk\u00e1 Ar\u00e1bie, Emir\u00e1ty nebo samotn\u00fd \u00cdr\u00e1n, nejhlasit\u011bji varuj\u00ed p\u0159ed radik\u00e1ln\u00edm isl\u00e1mem.<\/span><\/strong><span dir=\"auto\"> Pahlav\u00ed nev\u011b\u0159\u00edcn\u011b oslovuje z\u00e1padn\u00ed levici: \u201eTo jsou muslimov\u00e9. Nevid\u00edte ten rozd\u00edl?\u201c<\/span><\/p>\n<p><span dir=\"auto\">Pahlav\u00ed p\u0159esn\u011b v\u00ed, o \u010dem mluv\u00ed. Byl sv\u011bdkem toho, jak se jeho vlast po isl\u00e1msk\u00e9 revoluci v roce 1979 propadla do temnoty. Prvn\u00ed v\u011bc, kterou mull\u00e1hsk\u00fd re\u017eim ajatoll\u00e1ha Chomejn\u00edho zru\u0161il ve jm\u00e9nu \u0161ar\u00edi, byla pr\u00e1va \u017een a modern\u00ed rodinn\u00e9 pr\u00e1vo. \u201eA pak se v\u0161echno zvrtlo,\u201c \u0159ekl korunn\u00ed princ. Dne\u0161n\u00ed \u00cdr\u00e1n je ponurou p\u0159ipom\u00ednkou toho, co se stane, kdy\u017e je n\u00e1bo\u017eensk\u00e9 pr\u00e1vo postaveno nad ob\u010dansk\u00fd, liber\u00e1ln\u00ed \u0159\u00e1d.<\/span><\/p>\n<p><span dir=\"auto\">Zat\u00edmco se lid\u00e9 na Bl\u00edzk\u00e9m v\u00fdchod\u011b zoufale sna\u017e\u00ed osvobodit od extremismu a n\u00e1bo\u017eensk\u00e9ho radikalismu, Evrop\u011b hroz\u00ed, \u017ee se vyd\u00e1 pr\u00e1v\u011b touto osudnou cestou. Pahlav\u00edho v\u00fdzva je zoufal\u00fdm bud\u00ed\u010dkem pro na\u0161i spole\u010dnost: \u201eNechci, aby Evropan\u00e9 skon\u010dili tam, kde jsou dnes \u00cdr\u00e1nci, a pak si uv\u011bdomili, co to doopravdy znamen\u00e1. Sna\u017e\u00edm se v\u00e1m jen u\u0161et\u0159it \u010das.\u201c Jeho posledn\u00ed, jednozna\u010dn\u00e9 varov\u00e1n\u00ed:\u00a0<\/span><strong><span dir=\"auto\">\u201eV\u0161echno je jasn\u00e9.\u201c Pokud se Evropa bude i nad\u00e1le d\u00edvat jinam a ignorovat tato znamen\u00ed, \u201epak si za to m\u016f\u017eete sami.\u201c<\/span><\/strong><\/p>\n<p><img decoding=\"async\" loading=\"lazy\" class=\"alignnone size-full wp-image-1185\" src=\"http:\/\/www.infokuryr.cz\/n\/wp-content\/uploads\/2021\/04\/kuryr-podpis.png\" alt=\"\" width=\"84\" height=\"24\" \/><\/p>\n<p>&nbsp;<\/p>\n","protected":false},"excerpt":{"rendered":"<p>To jsou slova, kter\u00e1 by n\u00e1mi v\u0161emi m\u011bla ot\u0159\u00e1st v hloubi du\u0161e. R\u00e9za Pahlav\u00ed, syn&#8230;<\/p>\n","protected":false},"author":2,"featured_media":100316,"comment_status":"closed","ping_status":"closed","sticky":false,"template":"","format":"standard","meta":[],"categories":[7],"tags":[283,38,1402],"_links":{"self":[{"href":"https:\/\/www.infokuryr.cz\/n\/wp-json\/wp\/v2\/posts\/100315"}],"collection":[{"href":"https:\/\/www.infokuryr.cz\/n\/wp-json\/wp\/v2\/posts"}],"about":[{"href":"https:\/\/www.infokuryr.cz\/n\/wp-json\/wp\/v2\/types\/post"}],"author":[{"embeddable":true,"href":"https:\/\/www.infokuryr.cz\/n\/wp-json\/wp\/v2\/users\/2"}],"replies":[{"embeddable":true,"href":"https:\/\/www.infokuryr.cz\/n\/wp-json\/wp\/v2\/comments?post=100315"}],"version-history":[{"count":0,"href":"https:\/\/www.infokuryr.cz\/n\/wp-json\/wp\/v2\/posts\/100315\/revisions"}],"wp:featuredmedia":[{"embeddable":true,"href":"https:\/\/www.infokuryr.cz\/n\/wp-json\/wp\/v2\/media\/100316"}],"wp:attachment":[{"href":"https:\/\/www.infokuryr.cz\/n\/wp-json\/wp\/v2\/media?parent=100315"}],"wp:term":[{"taxonomy":"category","embeddable":true,"href":"https:\/\/www.infokuryr.cz\/n\/wp-json\/wp\/v2\/categories?post=100315"},{"taxonomy":"post_tag","embeddable":true,"href":"https:\/\/www.infokuryr.cz\/n\/wp-json\/wp\/v2\/tags?post=100315"}],"curies":[{"name":"wp","href":"https:\/\/api.w.org\/{rel}","templated":true}]}}