{"id":100313,"date":"2026-02-24T00:18:32","date_gmt":"2026-02-23T23:18:32","guid":{"rendered":"https:\/\/www.infokuryr.cz\/n\/?p=100313"},"modified":"2026-02-23T16:31:30","modified_gmt":"2026-02-23T15:31:30","slug":"do-oci-bijici-zkresleni-historie-ze-strany-cdu-nebyli-to-migranti-kdo-znovu-vybudoval-nemecko","status":"publish","type":"post","link":"https:\/\/www.infokuryr.cz\/n\/2026\/02\/24\/do-oci-bijici-zkresleni-historie-ze-strany-cdu-nebyli-to-migranti-kdo-znovu-vybudoval-nemecko\/","title":{"rendered":"Do o\u010d\u00ed bij\u00edc\u00ed zkreslen\u00ed historie ze strany CDU: Nebyli to migranti, kdo znovu vybudoval N\u011bmecko"},"content":{"rendered":"<div id=\"fb-root\"><\/div>\n<p><strong><span dir=\"auto\">Carsten Linnemann, gener\u00e1ln\u00ed tajemn\u00edk CDU, se na stranick\u00e9 konferenci zapojil do historick\u00e9ho revizionismu. Podb\u00edzen\u00ed se levicov\u00e9mu duchu doby zachv\u00e1tilo i kdysi konzervativn\u00ed stranu. Tvrdil, \u017ee to nebyly \u017eeny, kdo po v\u00e1lce odkl\u00edzel trosky, ale migranti, kdo znovu vybudoval N\u011bmecko.<\/span><\/strong><\/p>\n<p><span dir=\"auto\">Veden\u00ed CDU se dopou\u0161t\u00ed bezprecedentn\u00edho aktu historick\u00e9ho revizionismu.\u00a0<\/span><a href=\"https:\/\/www.cdu.de\/aktuelles\/cdu-deutschlands\/klarer-kurs-echte-reformen-linnemann-bewegt-die-cdu\/\"><span dir=\"auto\">Na stranick\u00e9 konferenci<\/span><\/a><span dir=\"auto\"> gener\u00e1ln\u00ed tajemn\u00edk Carsten Linnemann vystoupil na p\u00f3dium a v\u0161t\u00edpil slovn\u00ed facku v\u0161em, jejich\u017e rodi\u010de a prarodi\u010de doslova vyt\u00e1hli tuto zemi z trosek po zni\u010duj\u00edc\u00ed druh\u00e9 sv\u011btov\u00e9 v\u00e1lce. V pr\u016fhledn\u00e9 snaze podl\u00edzt se levicov\u00e9mu\/zelen\u00e9mu duchu doby Linnemann chv\u00e1lil miliony lid\u00ed s migra\u010dn\u00edm p\u016fvodem, \u201ekte\u0159\u00ed pomohli tuto zemi znovu vybudovat\u201c. P\u011bkn\u00e1, politicky korektn\u00ed v\u011bta \u2013 kter\u00e1 je bohu\u017eel historicky nep\u0159esn\u00e1.<\/span><\/p>\n<p><span dir=\"auto\">Je to star\u00e1 levicov\u00e1 poh\u00e1dka o ekonomick\u00e9m z\u00e1zraku migrant\u016f, kterou nyn\u00ed papou\u0161kuje nikdo jin\u00fd ne\u017e kdysi konzervativn\u00ed CDU. Kritici jako novin\u00e1\u0159ka Naomi Seibtov\u00e1 spr\u00e1vn\u011b poukazuj\u00ed:\u00a0<\/span><strong><span dir=\"auto\">kdy\u017e do N\u011bmecka dorazili prvn\u00ed gastarbeit\u00e9\u0159i, zem\u011b byla u\u017e d\u00e1vno znovu postavena.<\/span><\/strong><span dir=\"auto\"> Ti, kdo st\u00e1li uprost\u0159ed ruin po roce 1945, byly \u017eeny odkl\u00edzej\u00edc\u00ed sutiny a d\u011bti. Byli to bombardovan\u00ed m\u00edstn\u00ed obyvatel\u00e9, traumatizovan\u00ed a vracej\u00edc\u00ed se v\u00e1le\u010dn\u00ed zajatci a miliony n\u011bmeck\u00fdch vyhnanc\u016f z v\u00fdchodn\u00edch \u00fazem\u00ed, kte\u0159\u00ed sn\u00e1\u0161en\u00edm nep\u0159edstaviteln\u00fdch str\u00e1d\u00e1n\u00ed, hladu a zimy polo\u017eili z\u00e1klady na\u0161\u00ed sou\u010dasn\u00e9 prosperity. Skute\u010dn\u00fd ekonomick\u00fd z\u00e1zrak za\u010dal v roce 1948 m\u011bnovou reformou a zaveden\u00edm soci\u00e1ln\u011b tr\u017en\u00edho hospod\u00e1\u0159stv\u00ed Ludwigem Erhardem, podpo\u0159en\u00e9ho americk\u00fdm Marshallov\u00fdm pl\u00e1nem.<\/span><\/p>\n<p><strong><span dir=\"auto\">Kdy\u017e byla v roce 1955 podeps\u00e1na prvn\u00ed n\u00e1borov\u00e1 dohoda s It\u00e1li\u00ed a v roce 1961 n\u00e1sledovala dohoda s Tureckem, z\u00e1padon\u011bmeck\u00e1 ekonomika ji\u017e tak vzkv\u00e9tala, \u017ee byl prost\u011b nedostatek pracovn\u00edk\u016f.<\/span><\/strong><span dir=\"auto\">\u00a0Hostuj\u00edc\u00ed d\u011bln\u00edci nep\u0159i\u0161li do zdevastovan\u00e9 zem\u011b, aby odkl\u00edzeli trosky a znovu ji budovali \u2013 p\u0159i\u0161li do ji\u017e funguj\u00edc\u00ed a prosperuj\u00edc\u00ed zem\u011b, aby si vyd\u011blali dobr\u00e9 pen\u00edze na mont\u00e1\u017en\u00edch link\u00e1ch v pr\u016fmyslu. Ale udr\u017eovat narativ, \u017ee \u201epomohli znovu vybudovat\u201c N\u011bmecko z ruin, je do o\u010d\u00ed bij\u00edc\u00ed ne\u00factou ke skute\u010dn\u00e9 generaci, kter\u00e1 ho pomohla znovu vybudovat.<\/span><\/p>\n<p><span dir=\"auto\">Pokud CDU pod Linnemannem veden\u00edm nyn\u00ed za\u010dne p\u0159episovat n\u011bmeck\u00e9 pov\u00e1le\u010dn\u00e9 d\u011bjiny, aby sklidila potlesk levicov\u00e9ho mainstreamu, nejen\u017ee se zpronev\u011b\u0159\u00ed sv\u00fdm vlastn\u00edm konzervativn\u00edm ko\u0159en\u016fm, ale tak\u00e9 se vysm\u00edv\u00e1 \u00fasp\u011bch\u016fm t\u011bch, kte\u0159\u00ed N\u011bmecko znovu vybudovali z trosek a popela a ud\u011blali z n\u011bj ekonomicky p\u0159edn\u00ed n\u00e1rod. O kolik v\u011bt\u0161\u00edho opovr\u017een\u00ed lze je\u0161t\u011b projevovat v\u016f\u010di t\u00e9to zml\u00e1cen\u00e9 generaci?<\/span><\/p>\n<p><em><span dir=\"auto\">Koment\u00e1\u0159 <a href=\"https:\/\/report24.news\/dreiste-cdu-geschichtsklitterung-es-waren-nicht-migranten-die-deutschland-wieder-aufbauten\/\">Heinze Steinera<\/a><\/span><\/em><\/p>\n<p>&nbsp;<\/p>\n","protected":false},"excerpt":{"rendered":"<p>Carsten Linnemann, gener\u00e1ln\u00ed tajemn\u00edk CDU, se na stranick\u00e9 konferenci zapojil do historick\u00e9ho revizionismu. Podb\u00edzen\u00ed se&#8230;<\/p>\n","protected":false},"author":2,"featured_media":100314,"comment_status":"closed","ping_status":"closed","sticky":false,"template":"","format":"standard","meta":[],"categories":[7],"tags":[10650,1503,84,742],"_links":{"self":[{"href":"https:\/\/www.infokuryr.cz\/n\/wp-json\/wp\/v2\/posts\/100313"}],"collection":[{"href":"https:\/\/www.infokuryr.cz\/n\/wp-json\/wp\/v2\/posts"}],"about":[{"href":"https:\/\/www.infokuryr.cz\/n\/wp-json\/wp\/v2\/types\/post"}],"author":[{"embeddable":true,"href":"https:\/\/www.infokuryr.cz\/n\/wp-json\/wp\/v2\/users\/2"}],"replies":[{"embeddable":true,"href":"https:\/\/www.infokuryr.cz\/n\/wp-json\/wp\/v2\/comments?post=100313"}],"version-history":[{"count":0,"href":"https:\/\/www.infokuryr.cz\/n\/wp-json\/wp\/v2\/posts\/100313\/revisions"}],"wp:featuredmedia":[{"embeddable":true,"href":"https:\/\/www.infokuryr.cz\/n\/wp-json\/wp\/v2\/media\/100314"}],"wp:attachment":[{"href":"https:\/\/www.infokuryr.cz\/n\/wp-json\/wp\/v2\/media?parent=100313"}],"wp:term":[{"taxonomy":"category","embeddable":true,"href":"https:\/\/www.infokuryr.cz\/n\/wp-json\/wp\/v2\/categories?post=100313"},{"taxonomy":"post_tag","embeddable":true,"href":"https:\/\/www.infokuryr.cz\/n\/wp-json\/wp\/v2\/tags?post=100313"}],"curies":[{"name":"wp","href":"https:\/\/api.w.org\/{rel}","templated":true}]}}