{"id":100275,"date":"2026-02-23T00:30:23","date_gmt":"2026-02-22T23:30:23","guid":{"rendered":"https:\/\/www.infokuryr.cz\/n\/?p=100275"},"modified":"2026-02-22T21:07:32","modified_gmt":"2026-02-22T20:07:32","slug":"spanelsky-nejvyssi-soud-zamitl-otcovu-zadost-o-zablokovani-eutanazie-dcery","status":"publish","type":"post","link":"https:\/\/www.infokuryr.cz\/n\/2026\/02\/23\/spanelsky-nejvyssi-soud-zamitl-otcovu-zadost-o-zablokovani-eutanazie-dcery\/","title":{"rendered":"\u0160pan\u011blsk\u00fd nejvy\u0161\u0161\u00ed soud zam\u00edtl otcovu \u017e\u00e1dost o zablokov\u00e1n\u00ed eutanazie dcery"},"content":{"rendered":"<div id=\"fb-root\"><\/div>\n<h3>\u00dastavn\u00ed soud schv\u00e1lil eutanazii pro 25letou \u017eenu ochrnutou p\u0159i pokusu o sebevra\u017edu<\/h3>\n<p><span dir=\"auto\">\u0160pan\u011blsk\u00fd \u00fastavn\u00ed soud zam\u00edtl odvol\u00e1n\u00ed otce, kter\u00fd se sna\u017eil zabr\u00e1nit eutanazii sv\u00e9 25let\u00e9 dcery, a v podstat\u011b tak potvrdil jej\u00ed pr\u00e1vo na smrt podle z\u00e1kon\u016f zem\u011b.<\/span><\/p>\n<p><span dir=\"auto\">\u0160pan\u011blsko je jednou z n\u011bkolika zem\u00ed EU, kde je aktivn\u00ed eutanazie a asistovan\u00e1 sebevra\u017eda leg\u00e1ln\u00ed. Nizozemsko, Belgie a Lucembursko rovn\u011b\u017e povoluj\u00ed ob\u011b praktiky za p\u0159\u00edsn\u00fdch podm\u00ednek, zat\u00edmco Rakousko a N\u011bmecko povoluj\u00ed asistovanou smrt nebo asistovanou sebevra\u017edu za omezen\u00fdch okolnost\u00ed.\u00a0<\/span><\/p>\n<p><span dir=\"auto\">Nejnov\u011bj\u0161\u00ed p\u0159\u00edpad se t\u00fdk\u00e1 25let\u00e9 \u017eeny z Barcelony jm\u00e9nem Noelia, kter\u00e1 podle soudn\u00edch dokument\u016f citovan\u00fdch \u0161pan\u011blsk\u00fdmi m\u00e9dii po pokusu o sebevra\u017edu v roce 2022, p\u0159i kter\u00e9m se p\u0159ed\u00e1vkovala l\u00e9ky a vysko\u010dila z okna v p\u00e1t\u00e9m pat\u0159e, utrp\u011bla paraplegii s chronick\u00fdmi bolestmi. Jej\u00ed zran\u011bn\u00ed m\u011blo za n\u00e1sledek ochrnut\u00ed obou nohou a to, co je pops\u00e1no jako trval\u00e9 utrpen\u00ed.<\/span><\/p>\n<p><span dir=\"auto\">V roce 2024 schv\u00e1lila specializovan\u00e1 l\u00e9ka\u0159sk\u00e1 komise \u017e\u00e1dost \u017eeny o eutanazii a jej\u00ed zah\u00e1jen\u00ed bylo napl\u00e1nov\u00e1no na 2. srpna. Jej\u00ed otec se v\u0161ak proti rozhodnut\u00ed postavil s odvol\u00e1n\u00edm, kter\u00e9 argumentovalo t\u00edm, \u017ee jej\u00ed du\u0161evn\u00ed onemocn\u011bn\u00ed a posti\u017een\u00ed naru\u0161uj\u00ed schopnost informovan\u00e9ho rozhodnut\u00ed. N\u011bkolik ni\u017e\u0161\u00edch soud\u016f rozhodnut\u00ed \u017eeny podpo\u0159ilo.<\/span><\/p>\n<p><span dir=\"auto\">\u00dastavn\u00ed soud ve sv\u00e9m p\u00e1te\u010dn\u00edm rozhodnut\u00ed uvedl, \u017ee v d\u0159\u00edv\u011bj\u0161\u00edch rozhodnut\u00edch, kter\u00e1 umo\u017enila ochrnut\u00e9 \u017een\u011b asistovanou smrt, neshledal \u017e\u00e1dn\u00e9 poru\u0161en\u00ed z\u00e1kladn\u00edch pr\u00e1v, a fakticky tak ukon\u010dil vnitrost\u00e1tn\u00ed pr\u00e1vn\u00ed spor. Po zam\u00edtnut\u00ed odvol\u00e1n\u00ed pr\u00e1vn\u00edci rodiny ozn\u00e1mili, \u017ee se v t\u00e9to v\u011bci obr\u00e1t\u00ed na Evropsk\u00fd soud pro lidsk\u00e1 pr\u00e1va.\u00a0<\/span><\/p>\n<p><em><span dir=\"auto\">\u201eP\u0159\u00edpad Noelie p\u0159edkl\u00e1d\u00e1me \u0161trasbursk\u00e9mu soudu,\u201c<\/span><\/em><span dir=\"auto\">\u00a0uvedla k rozhodnut\u00ed katolick\u00e1 skupina Christian Lawyers, kter\u00e1 zastupuje Noeliina otce.\u00a0<\/span><em><span dir=\"auto\">\u201eBudeme br\u00e1nit jej\u00ed \u017eivot a\u017e do konce.\u201c<\/span><\/em><\/p>\n<p><span dir=\"auto\">\u0160pan\u011blsko legalizovalo eutanazii a asistovanou sebevra\u017edu v \u010dervnu 2021, co\u017e umo\u017e\u0148uje dosp\u011bl\u00fdm s v\u00e1\u017en\u00fdmi nebo nevyl\u00e9\u010diteln\u00fdmi onemocn\u011bn\u00edmi podstoupit l\u00e9ka\u0159sky zprost\u0159edkovanou smrt. Podle vl\u00e1dn\u00edch \u00fadaj\u016f podstoupilo v roce 2024 eutanazii 426 lid\u00ed, co\u017e je t\u00e9m\u011b\u0159 48% n\u00e1r\u016fst ve srovn\u00e1n\u00ed s prvn\u00edm cel\u00fdm rokem po legalizaci v roce 2022.\u00a0<\/span><\/p>\n<p><span dir=\"auto\">Navzdory \u0161irok\u00e9 ve\u0159ejn\u00e9 podpo\u0159e asistovan\u00e9ho um\u00edr\u00e1n\u00ed ve \u0160pan\u011blsku bylo p\u0159ijet\u00ed z\u00e1kona sporn\u00e9 a vyvolalo debatu mezi liber\u00e1ln\u00edmi reform\u00e1tory a odp\u016frci, v\u010detn\u011b konzervativn\u00edch politick\u00fdch stran a katolick\u00e9 c\u00edrkve, kte\u0159\u00ed tvrd\u00ed, \u017ee znehodnocuje \u017eivot.<\/span><\/p>\n<p><img decoding=\"async\" loading=\"lazy\" class=\"alignnone size-full wp-image-1185\" src=\"http:\/\/www.infokuryr.cz\/n\/wp-content\/uploads\/2021\/04\/kuryr-podpis.png\" alt=\"\" width=\"84\" height=\"24\" \/><\/p>\n<p>&nbsp;<\/p>\n","protected":false},"excerpt":{"rendered":"<p>\u00dastavn\u00ed soud schv\u00e1lil eutanazii pro 25letou \u017eenu ochrnutou p\u0159i pokusu o sebevra\u017edu \u0160pan\u011blsk\u00fd \u00fastavn\u00ed soud&#8230;<\/p>\n","protected":false},"author":2,"featured_media":99895,"comment_status":"closed","ping_status":"closed","sticky":false,"template":"","format":"standard","meta":[],"categories":[7],"tags":[3714,440,335],"_links":{"self":[{"href":"https:\/\/www.infokuryr.cz\/n\/wp-json\/wp\/v2\/posts\/100275"}],"collection":[{"href":"https:\/\/www.infokuryr.cz\/n\/wp-json\/wp\/v2\/posts"}],"about":[{"href":"https:\/\/www.infokuryr.cz\/n\/wp-json\/wp\/v2\/types\/post"}],"author":[{"embeddable":true,"href":"https:\/\/www.infokuryr.cz\/n\/wp-json\/wp\/v2\/users\/2"}],"replies":[{"embeddable":true,"href":"https:\/\/www.infokuryr.cz\/n\/wp-json\/wp\/v2\/comments?post=100275"}],"version-history":[{"count":0,"href":"https:\/\/www.infokuryr.cz\/n\/wp-json\/wp\/v2\/posts\/100275\/revisions"}],"wp:featuredmedia":[{"embeddable":true,"href":"https:\/\/www.infokuryr.cz\/n\/wp-json\/wp\/v2\/media\/99895"}],"wp:attachment":[{"href":"https:\/\/www.infokuryr.cz\/n\/wp-json\/wp\/v2\/media?parent=100275"}],"wp:term":[{"taxonomy":"category","embeddable":true,"href":"https:\/\/www.infokuryr.cz\/n\/wp-json\/wp\/v2\/categories?post=100275"},{"taxonomy":"post_tag","embeddable":true,"href":"https:\/\/www.infokuryr.cz\/n\/wp-json\/wp\/v2\/tags?post=100275"}],"curies":[{"name":"wp","href":"https:\/\/api.w.org\/{rel}","templated":true}]}}