{"id":100271,"date":"2026-02-23T00:28:56","date_gmt":"2026-02-22T23:28:56","guid":{"rendered":"https:\/\/www.infokuryr.cz\/n\/?p=100271"},"modified":"2026-02-22T20:54:17","modified_gmt":"2026-02-22T19:54:17","slug":"v-mexiku-bezpecnostni-slozky-zabily-jednoho-z-nejhledanejsich-drogovych-baronu-sveta-el-mencha","status":"publish","type":"post","link":"https:\/\/www.infokuryr.cz\/n\/2026\/02\/23\/v-mexiku-bezpecnostni-slozky-zabily-jednoho-z-nejhledanejsich-drogovych-baronu-sveta-el-mencha\/","title":{"rendered":"V Mexiku bezpe\u010dnostn\u00ed slo\u017eky zabily jednoho z nejhledan\u011bj\u0161\u00edch drogov\u00fdch baron\u016f sv\u011bta, El Mencha"},"content":{"rendered":"<div id=\"fb-root\"><\/div>\n<p class=\"lead\"><strong><span dir=\"auto\">Jeden z nejhledan\u011bj\u0161\u00edch obchodn\u00edk\u016f s drogami na sv\u011bt\u011b, El Mencho, \u0161\u00e9f kartelu Jalisco New Generation, byl podle britsk\u00e9ho den\u00edku The Guardian zabit v Mexiku.<\/span><\/strong><\/p>\n<p><em><span dir=\"auto\">\u201eDrogov\u00fd bar\u00f3n, jeho\u017e skute\u010dn\u00e9 jm\u00e9no je\u00a0<\/span><strong><span dir=\"auto\">Nemesio Oseguera Cervantes<\/span><\/strong><span dir=\"auto\">\u00a0, byl v ned\u011bli zabit v z\u00e1padn\u00edm st\u00e1t\u011b Jalisco, informovaly mexick\u00e9 noviny s odvol\u00e1n\u00edm na vl\u00e1dn\u00ed zdroje. Dev\u011btapades\u00e1tilet\u00fd gangster byl v\u016fdcem skupiny, kter\u00e1 se v posledn\u00edch letech stala nejmocn\u011bj\u0161\u00ed a nejzn\u00e1m\u011bj\u0161\u00ed zlo\u010dineckou organizac\u00ed v Mexiku \u2013 kartelu Jalisco New Generation.\u201c<\/span><span class=\"after-quote\"><span dir=\"auto\"> \u2014 uv\u00e1d\u00ed publikace.<\/span><\/span><\/em><\/p>\n<p><span dir=\"auto\">Je t\u0159eba poznamenat, \u017ee vzhledem k obrovsk\u00e9mu vlivu El Mencha v cel\u00e9m Mexiku i v dal\u0161\u00edch \u010d\u00e1stech Latinsk\u00e9 Ameriky zp\u016fsobil jeho atent\u00e1t okam\u017eit\u00e9 vypuknut\u00ed nepokoj\u016f v regionu, kter\u00fd ovl\u00e1dal.<\/span><\/p>\n<p><span dir=\"auto\">Guvern\u00e9r st\u00e1tu Jalisco\u00a0<\/span><strong><span dir=\"auto\">Pablo Lemus Navarro<\/span><\/strong><span dir=\"auto\">\u00a0vyzval sv\u00fdch 8 milion\u016f obyvatel, aby z\u016fstali doma, \u201edokud se situace neobnov\u00ed\u201c.<\/span><\/p>\n<p><span dir=\"auto\">Toto je nejv\u011bt\u0161\u00ed r\u00e1na pro obchod s drogami za posledn\u00ed desetilet\u00ed, srovnateln\u00e1 pouze se zajet\u00edm\u00a0<\/span><strong><span dir=\"auto\">El Maya<\/span><\/strong><span dir=\"auto\">\u00a0a\u00a0<\/span><strong><span dir=\"auto\">El Chapa<\/span><\/strong><span dir=\"auto\">\u00a0, kte\u0159\u00ed sed\u00ed v americk\u00fdch v\u011bznic\u00edch.<\/span><\/p>\n<p><span dir=\"auto\">Spojen\u00e9 st\u00e1ty d\u0159\u00edve vypsaly odm\u011bnu 15 milion\u016f dolar\u016f za dopaden\u00ed mu\u017ee obvin\u011bn\u00e9ho z pa\u0161ov\u00e1n\u00ed velk\u00e9ho mno\u017estv\u00ed kokainu, fentanylu a metamfetaminu p\u0159es ji\u017en\u00ed hranici st\u00e1tu El Mencho.<\/span><\/p>\n<p><img decoding=\"async\" loading=\"lazy\" class=\"alignnone size-full wp-image-1185\" src=\"http:\/\/www.infokuryr.cz\/n\/wp-content\/uploads\/2021\/04\/kuryr-podpis.png\" alt=\"\" width=\"84\" height=\"24\" \/><\/p>\n","protected":false},"excerpt":{"rendered":"<p>Jeden z nejhledan\u011bj\u0161\u00edch obchodn\u00edk\u016f s drogami na sv\u011bt\u011b, El Mencho, \u0161\u00e9f kartelu Jalisco New Generation,&#8230;<\/p>\n","protected":false},"author":2,"featured_media":100272,"comment_status":"closed","ping_status":"closed","sticky":false,"template":"","format":"standard","meta":[],"categories":[7],"tags":[10645,289,10644],"_links":{"self":[{"href":"https:\/\/www.infokuryr.cz\/n\/wp-json\/wp\/v2\/posts\/100271"}],"collection":[{"href":"https:\/\/www.infokuryr.cz\/n\/wp-json\/wp\/v2\/posts"}],"about":[{"href":"https:\/\/www.infokuryr.cz\/n\/wp-json\/wp\/v2\/types\/post"}],"author":[{"embeddable":true,"href":"https:\/\/www.infokuryr.cz\/n\/wp-json\/wp\/v2\/users\/2"}],"replies":[{"embeddable":true,"href":"https:\/\/www.infokuryr.cz\/n\/wp-json\/wp\/v2\/comments?post=100271"}],"version-history":[{"count":0,"href":"https:\/\/www.infokuryr.cz\/n\/wp-json\/wp\/v2\/posts\/100271\/revisions"}],"wp:featuredmedia":[{"embeddable":true,"href":"https:\/\/www.infokuryr.cz\/n\/wp-json\/wp\/v2\/media\/100272"}],"wp:attachment":[{"href":"https:\/\/www.infokuryr.cz\/n\/wp-json\/wp\/v2\/media?parent=100271"}],"wp:term":[{"taxonomy":"category","embeddable":true,"href":"https:\/\/www.infokuryr.cz\/n\/wp-json\/wp\/v2\/categories?post=100271"},{"taxonomy":"post_tag","embeddable":true,"href":"https:\/\/www.infokuryr.cz\/n\/wp-json\/wp\/v2\/tags?post=100271"}],"curies":[{"name":"wp","href":"https:\/\/api.w.org\/{rel}","templated":true}]}}