{"id":10025,"date":"2022-04-28T01:31:28","date_gmt":"2022-04-27T23:31:28","guid":{"rendered":"http:\/\/www.infokuryr.cz\/n\/?p=10025"},"modified":"2022-04-27T16:51:58","modified_gmt":"2022-04-27T14:51:58","slug":"ukrajinu-opusti-vice-nez-8-milionu-obyvatel","status":"publish","type":"post","link":"https:\/\/www.infokuryr.cz\/n\/2022\/04\/28\/ukrajinu-opusti-vice-nez-8-milionu-obyvatel\/","title":{"rendered":"Ukrajinu opust\u00ed v\u00edce ne\u017e 8 milion\u016f obyvatel"},"content":{"rendered":"<div id=\"fb-root\"><\/div>\n<div class=\"perex\">\n<p><strong>\u00da\u0159ad vysok\u00e9ho komisa\u0159e OSN pro uprchl\u00edky (UNHCR) odhaduje, \u017ee Ukrajinu v d\u016fsledku v\u00e1le\u010dn\u00fdch operac\u00ed m\u016f\u017ee opustit v\u00edce ne\u017e 8 milion\u016f lid\u00ed. \u00dadaje na toto t\u00e9ma v \u00fater\u00fd v \u017denev\u011b ozn\u00e1mila mluv\u010d\u00ed \u00fa\u0159adu vysok\u00e9ho komisa\u0159e OSN pro uprchl\u00edky Shabia Mantoo, uvedla CNN.<\/strong><\/p>\n<\/div>\n<div class=\"content\">\n<p>Podle hodnocen\u00ed \u00fa\u0159adu OSN k pond\u011bl\u00ed 25. dubna leto\u0161n\u00edho roku Ukrajinu od za\u010d\u00e1tku rusk\u00e9 invaze opustilo p\u0159ibli\u017en\u011b 5,2 milionu uprchl\u00edk\u016f. Nav\u00edc podle posledn\u00ed zpr\u00e1vy Mezin\u00e1rodn\u00ed organizace pro migraci po\u010det vnit\u0159n\u011b vys\u00eddlen\u00fdch osob na Ukrajin\u011b ji\u017e p\u0159esahuje 7,7 milionu lid\u00ed. To znamen\u00e1, \u017ee celkem asi 12,9 milionu lid\u00ed muselo opustit sv\u00e9 domovy.<\/p>\n<p>P\u0159ipome\u0148me, \u017ee za\u010d\u00e1tkem dubna UNHCR informovalo, \u017ee b\u011bhem prvn\u00edch \u0161esti t\u00fddn\u016f v\u00e1lky na Ukrajin\u011b uprchlo ze zem\u011b p\u0159es 4,3 milionu uprchl\u00edk\u016f a dal\u0161\u00edch 7,1 milionu bylo vnit\u0159n\u011b vys\u00eddleno. Pokud bude v\u00e1lka pokra\u010dovat, m\u016f\u017ee letos podle UNHCR Ukrajinu opustit kolem 8,3 milionu uprchl\u00edk\u016f.<\/p>\n<p>Mluv\u010d\u00ed \u00da\u0159adu vysok\u00e9ho komisa\u0159e OSN pro uprchl\u00edky uvedla, \u017ee \u00fa\u0159ad a partnersk\u00e9 organizace cht\u011bj\u00ed z\u00edskat 1,85 miliardy dolar\u016f na podporu ukrajinsk\u00fdch uprchl\u00edk\u016f v sousedn\u00edch zem\u00edch. Pomoc m\u00e1 b\u00fdt poskytov\u00e1na v r\u00e1mci region\u00e1ln\u00edho pl\u00e1nu reakce pro uprchl\u00edky z Ukrajiny. Mantoo sd\u011blila, \u017ee z\u00e1m\u011brem pl\u00e1nu je \u201e poskytnout v\u010dasnou a \u017eivot zachra\u0148uj\u00edc\u00ed humanit\u00e1rn\u00ed pomoc uprchl\u00edk\u016fm prchaj\u00edc\u00edm z Ukrajiny a st\u00e1tn\u00edm p\u0159\u00edslu\u0161n\u00edk\u016fm t\u0159et\u00edch zem\u00ed, z nich\u017e zna\u010dn\u00fd po\u010det bude pot\u0159ebovat mezin\u00e1rodn\u00ed ochranu\u201c.<\/p>\n<p>Demografov\u00e9 v\u00a0lo\u0148sk\u00e9m roce uv\u00e1d\u011bli negativn\u00ed v\u00fdvoj po\u010dtu obyvatel Ukrajiny v\u00a0budoucnosti a vyslovili p\u0159edpoklad, \u017ee v\u00a0roce 2050 bude zem\u011b m\u00edt pouze 20 milion\u016f obyvatel. Zd\u00e1 se, \u017ee takov\u00fd stav nastane mnohem d\u0159\u00edve.<\/p>\n<\/div>\n<p><img decoding=\"async\" loading=\"lazy\" class=\"alignnone size-full wp-image-1185\" src=\"http:\/\/www.infokuryr.cz\/n\/wp-content\/uploads\/2021\/04\/kuryr-podpis.png\" alt=\"\" width=\"84\" height=\"24\" \/><\/p>\n<p>&nbsp;<\/p>\n","protected":false},"excerpt":{"rendered":"<p>\u00da\u0159ad vysok\u00e9ho komisa\u0159e OSN pro uprchl\u00edky (UNHCR) odhaduje, \u017ee Ukrajinu v d\u016fsledku v\u00e1le\u010dn\u00fdch operac\u00ed m\u016f\u017ee&#8230;<\/p>\n","protected":false},"author":2,"featured_media":9199,"comment_status":"closed","ping_status":"closed","sticky":false,"template":"","format":"standard","meta":[],"categories":[7],"tags":[186,26,148],"_links":{"self":[{"href":"https:\/\/www.infokuryr.cz\/n\/wp-json\/wp\/v2\/posts\/10025"}],"collection":[{"href":"https:\/\/www.infokuryr.cz\/n\/wp-json\/wp\/v2\/posts"}],"about":[{"href":"https:\/\/www.infokuryr.cz\/n\/wp-json\/wp\/v2\/types\/post"}],"author":[{"embeddable":true,"href":"https:\/\/www.infokuryr.cz\/n\/wp-json\/wp\/v2\/users\/2"}],"replies":[{"embeddable":true,"href":"https:\/\/www.infokuryr.cz\/n\/wp-json\/wp\/v2\/comments?post=10025"}],"version-history":[{"count":1,"href":"https:\/\/www.infokuryr.cz\/n\/wp-json\/wp\/v2\/posts\/10025\/revisions"}],"predecessor-version":[{"id":10026,"href":"https:\/\/www.infokuryr.cz\/n\/wp-json\/wp\/v2\/posts\/10025\/revisions\/10026"}],"wp:featuredmedia":[{"embeddable":true,"href":"https:\/\/www.infokuryr.cz\/n\/wp-json\/wp\/v2\/media\/9199"}],"wp:attachment":[{"href":"https:\/\/www.infokuryr.cz\/n\/wp-json\/wp\/v2\/media?parent=10025"}],"wp:term":[{"taxonomy":"category","embeddable":true,"href":"https:\/\/www.infokuryr.cz\/n\/wp-json\/wp\/v2\/categories?post=10025"},{"taxonomy":"post_tag","embeddable":true,"href":"https:\/\/www.infokuryr.cz\/n\/wp-json\/wp\/v2\/tags?post=10025"}],"curies":[{"name":"wp","href":"https:\/\/api.w.org\/{rel}","templated":true}]}}