{"id":10023,"date":"2022-04-27T10:50:46","date_gmt":"2022-04-27T08:50:46","guid":{"rendered":"http:\/\/www.infokuryr.cz\/n\/?p=10023"},"modified":"2022-04-27T10:50:46","modified_gmt":"2022-04-27T08:50:46","slug":"ukrajina-chce-od-usa-2-miliardy-dolaru-mesicne","status":"publish","type":"post","link":"https:\/\/www.infokuryr.cz\/n\/2022\/04\/27\/ukrajina-chce-od-usa-2-miliardy-dolaru-mesicne\/","title":{"rendered":"Ukrajina chce od USA 2 miliardy dolar\u016f m\u011bs\u00ed\u010dn\u011b"},"content":{"rendered":"<div id=\"fb-root\"><\/div>\n<div class=\"ArticleView-summary\">\n<div class=\"Text-root Text-type_1 \"><strong>Ukrajinsk\u00fd ministr financ\u00ed Sergej Mar\u010denko po\u017e\u00e1dal americkou vl\u00e1du o minim\u00e1ln\u011b 2 miliardy dolar\u016f m\u011bs\u00ed\u010dn\u011b jako mimo\u0159\u00e1dnou ekonomickou pomoc.\u00a0\u00da\u0159edn\u00edk tak\u00e9 \u0159ekl, \u017ee Kyjev douf\u00e1, \u017ee dostane dal\u0161\u00ed 3 miliardy dolar\u016f m\u011bs\u00ed\u010dn\u011b z jin\u00fdch zdroj\u016f.<\/strong><\/div>\n<\/div>\n<div class=\"Text-root Text-type_5 ArticleView-text ViewText-root \">\n<p><span>Ukrajinsk\u00fd ministr financ\u00ed Sergej Mar\u010denko v rozhovoru pro\u00a0<\/span><em><span>Washington Post<\/span><\/em><span> \u0159ekl, \u017ee Ukrajina mus\u00ed nyn\u00ed vyplnit mezeru, \u201eaby z\u00edskala pot\u0159ebn\u00e9 finan\u010dn\u00ed prost\u0159edky a vyhr\u00e1la tuto v\u00e1lku\u201c.<\/span><\/p>\n<p><span>B\u011bhem sv\u00e9 n\u00e1v\u0161t\u011bvy Washingtonu minul\u00fd t\u00fdden se Mar\u010denko setkal s \u0159adou vysok\u00fdch americk\u00fdch p\u0159edstavitel\u016f a varoval je, \u017ee bez finan\u010dn\u00ed podpory, kterou pot\u0159ebuj\u00ed, by Ukrajina pravd\u011bpodobn\u011b nebyla schopna ukon\u010dit humanit\u00e1rn\u00ed krizi, kterou \u00fadajn\u011b vyvolala rusk\u00e1 vojensk\u00e1 \u00fato\u010dn\u00e1 dohoda.\u00a0K uspokojen\u00ed okam\u017eit\u00fdch pot\u0159eb Ukrajiny v dubnu, kv\u011btnu a \u010dervnu by bylo pot\u0159eba celkem 5 miliard dolar\u016f m\u011bs\u00ed\u010dn\u011b, uvedl ministr.<\/span><\/p>\n<p><span>Krom\u011b toho se o\u010dek\u00e1v\u00e1, \u017ee Kyjev pozd\u011bji po\u017e\u00e1d\u00e1 o dal\u0161\u00ed tran\u0161i, aby Ukrajin\u011b pomohl vypo\u0159\u00e1dat se se zp\u016fsoben\u00fdmi \u0161kodami.<\/span><\/p>\n<p><span>Mar\u010denko se tak\u00e9 \u00fadajn\u011b minul\u00fd \u010dtvrtek z\u00fa\u010dastnil soukrom\u00e9 ve\u010de\u0159e, kterou po\u0159\u00e1dal n\u00e1m\u011bstek ministra financ\u00ed USA Wally Adeyemo a kter\u00e9 se z\u00fa\u010dastnili z\u00e1stupci p\u0159edn\u00edch americk\u00fdch firem v\u010detn\u011b Goldman Sachs a lobby skupiny Business Roundtable.\u00a0Ukrajinsk\u00fd ministr se minulou st\u0159edu b\u011bhem summitu G20 ve Washingtonu setkal tak\u00e9 s americkou ministryn\u00ed financ\u00ed Janet Yellenovou.<\/span><\/p>\n<p><span>Od za\u010d\u00e1tku rusk\u00e9 vojensk\u00e9 ofenzivy na Ukrajin\u011b na konci \u00fanora poskytly Spojen\u00e9 st\u00e1ty Kyjevu ekonomickou pomoc ji\u017e kolem jedn\u00e9 miliardy americk\u00fdch dolar\u016f.\u00a0Krom\u011b \u0161t\u011bdr\u00e9 vojensk\u00e9 pomoci schv\u00e1lila americk\u00e1 vl\u00e1da minul\u00fd t\u00fdden dal\u0161\u00edch 500 milion\u016f dolar\u016f.<\/span><\/p>\n<p><span>Yellen minul\u00fd \u010dtvrtek novin\u00e1\u0159\u016fm \u0159ekla, \u017ee USA mus\u00ed \u201enaj\u00edt zp\u016fsoby, jak uspokojit pot\u0159eby Ukrajiny\u201c.\u00a0Dodala, \u017ee to znamen\u00e1 \u201en\u00e1vrat do Kongresu s dodate\u010dn\u00fdm n\u00e1vrhem\u201c.\u00a0Jej\u00ed koment\u00e1\u0159e p\u0159i\u0161ly kr\u00e1tce pot\u00e9, co americk\u00fd prezident Joe Biden dal jasn\u011b najevo, \u017ee po\u017e\u00e1d\u00e1 Kongres USA, aby dal zelenou v\u011bt\u0161\u00ed finan\u010dn\u00ed podpo\u0159e pro Ukrajinu \u2013 n\u011bco, co anonymn\u00ed americk\u00fd p\u0159edstavitel \u0159ekl listu The\u00a0<\/span><em><span>Washington Post<\/span><\/em><span> jako nejvy\u0161\u0161\u00ed prioritu, kterou americk\u00e1 vl\u00e1da ur\u010dila.<\/span><\/p>\n<p><span>N\u011bkolik americk\u00fdch kongresman\u016f a vysok\u00fdch ukrajinsk\u00fdch p\u0159edstavitel\u016f opakovan\u011b navrhlo p\u0159edat zmrazen\u00e1 aktiva rusk\u00e9 centr\u00e1ln\u00ed banky Ukrajin\u011b.\u00a0Americk\u00e1 vl\u00e1da v\u0161ak zat\u00edm \u017e\u00e1dn\u00e9 z\u00e1vazky nep\u0159ijala.\u00a0Yellenov\u00e1 popsala toto potenci\u00e1ln\u00ed p\u0159ed\u00e1n\u00ed jako n\u011bco, co by \u201enebrala na lehkou v\u00e1hu\u201c a \u0159ekla novin\u00e1\u0159\u016fm, \u017ee \u201eje to n\u011bco, co si mysl\u00edm, \u017ee na\u0161e koalice a na\u0161i partne\u0159i pot\u0159ebuj\u00ed b\u00fdt spokojeni a podporovat je\u201c.<\/span><\/p>\n<p><span>Ukrajinsk\u00fd ministr financ\u00ed \u0159ekl\u00a0<\/span><em><span>Washington Post<\/span><\/em><span>\u00a0, \u017ee jeho zem\u011b pot\u0159ebuje pen\u00edze, aby u\u017eivila miliony vnit\u0159n\u011b vys\u00eddlen\u00fdch lid\u00ed na Ukrajin\u011b, vypl\u00e1cela d\u016fchody d\u016fchodc\u016fm a platy l\u00e9ka\u0159\u016fm a pedagogick\u00fdm pracovn\u00edk\u016fm.<\/span><\/p>\n<p><span>Na z\u00e1v\u011br Mar\u010denko poznamenal, \u017ee Washington se postupem \u010dasu stal \u201ev\u00edce spolupracuj\u00edc\u00edm\u201c a dodal, \u017ee podpora USA \u201eroste\u201c.<\/span><\/p>\n<\/div>\n<p><img decoding=\"async\" loading=\"lazy\" class=\"alignnone size-full wp-image-1185\" src=\"http:\/\/www.infokuryr.cz\/n\/wp-content\/uploads\/2021\/04\/kuryr-podpis.png\" alt=\"\" width=\"84\" height=\"24\" \/><\/p>\n<p>&nbsp;<\/p>\n","protected":false},"excerpt":{"rendered":"<p>Ukrajinsk\u00fd ministr financ\u00ed Sergej Mar\u010denko po\u017e\u00e1dal americkou vl\u00e1du o minim\u00e1ln\u011b 2 miliardy dolar\u016f m\u011bs\u00ed\u010dn\u011b jako&#8230;<\/p>\n","protected":false},"author":2,"featured_media":6977,"comment_status":"closed","ping_status":"closed","sticky":false,"template":"","format":"standard","meta":[],"categories":[7],"tags":[604,26,37],"_links":{"self":[{"href":"https:\/\/www.infokuryr.cz\/n\/wp-json\/wp\/v2\/posts\/10023"}],"collection":[{"href":"https:\/\/www.infokuryr.cz\/n\/wp-json\/wp\/v2\/posts"}],"about":[{"href":"https:\/\/www.infokuryr.cz\/n\/wp-json\/wp\/v2\/types\/post"}],"author":[{"embeddable":true,"href":"https:\/\/www.infokuryr.cz\/n\/wp-json\/wp\/v2\/users\/2"}],"replies":[{"embeddable":true,"href":"https:\/\/www.infokuryr.cz\/n\/wp-json\/wp\/v2\/comments?post=10023"}],"version-history":[{"count":0,"href":"https:\/\/www.infokuryr.cz\/n\/wp-json\/wp\/v2\/posts\/10023\/revisions"}],"wp:featuredmedia":[{"embeddable":true,"href":"https:\/\/www.infokuryr.cz\/n\/wp-json\/wp\/v2\/media\/6977"}],"wp:attachment":[{"href":"https:\/\/www.infokuryr.cz\/n\/wp-json\/wp\/v2\/media?parent=10023"}],"wp:term":[{"taxonomy":"category","embeddable":true,"href":"https:\/\/www.infokuryr.cz\/n\/wp-json\/wp\/v2\/categories?post=10023"},{"taxonomy":"post_tag","embeddable":true,"href":"https:\/\/www.infokuryr.cz\/n\/wp-json\/wp\/v2\/tags?post=10023"}],"curies":[{"name":"wp","href":"https:\/\/api.w.org\/{rel}","templated":true}]}}