{"id":100217,"date":"2026-02-26T00:14:48","date_gmt":"2026-02-25T23:14:48","guid":{"rendered":"https:\/\/www.infokuryr.cz\/n\/?p=100217"},"modified":"2026-02-21T13:19:01","modified_gmt":"2026-02-21T12:19:01","slug":"tela-palestincu-byla-vracena-jejich-rodinam-s-chybejicimi-organy","status":"publish","type":"post","link":"https:\/\/www.infokuryr.cz\/n\/2026\/02\/26\/tela-palestincu-byla-vracena-jejich-rodinam-s-chybejicimi-organy\/","title":{"rendered":"T\u011bla Palestinc\u016f byla vr\u00e1cena jejich rodin\u00e1m s chyb\u011bj\u00edc\u00edmi org\u00e1ny"},"content":{"rendered":"<div id=\"fb-root\"><\/div>\n<p><span dir=\"auto\">Gener\u00e1ln\u00ed \u0159editel ministerstva zdravotnictv\u00ed v Gaze, Dr. Mounir Al-Barsh, p\u0159\u00edmo obvinil okupaci a zpochybnil zdroj rekordn\u00edch \u010d\u00edsel o po\u010dtu ledvin, kter\u00fdmi se Izrael chlub\u00ed po cel\u00e9m sv\u011bt\u011b, uvedl v prohl\u00e1\u0161en\u00ed pro m\u00edstn\u00ed tisk<\/span><\/p>\n<p><span dir=\"auto\">Pan Al-Barsh prohl\u00e1sil, \u017ee okupa\u010dn\u00ed mocnost, kter\u00e1 l\u00e9ta dr\u017e\u00ed t\u011bla palestinsk\u00fdch mu\u010dedn\u00edk\u016f a br\u00e1n\u00ed jejich n\u00e1vratu rodin\u00e1m, je tou samou mocnost\u00ed, kter\u00e1 se nyn\u00ed sv\u011btu prezentuje s fale\u0161nou humanit\u00e1rn\u00ed fas\u00e1dou, hovo\u0159\u00ed o solidarit\u011b a d\u00e1rcovstv\u00ed org\u00e1n\u016f, zat\u00edmco tajn\u011b prosazuje politiku, kter\u00e1 poru\u0161uje nejz\u00e1kladn\u011bj\u0161\u00ed lidsk\u00e1 pr\u00e1va. Up\u0159esnil, \u017ee t\u011bla byla vr\u00e1cena rodin\u00e1m v prok\u00e1zan\u00fdch p\u0159\u00edpadech chyb\u011bj\u00edc\u00edch org\u00e1n\u016f, bez jak\u00e9koli pitevn\u00ed zpr\u00e1vy nebo pr\u00e1va kl\u00e1st ot\u00e1zky \u010di po\u017eadovat odpov\u011bdnost, a zd\u016fraznil, \u017ee Palestinci se nestav\u00ed proti principu d\u00e1rcovstv\u00ed org\u00e1n\u016f, ale odm\u00edtaj\u00ed dovolit, aby palestinsk\u00e9 t\u011blo bylo pou\u017eito jako surovina pro vyko\u0159is\u0165ov\u00e1n\u00ed a politickou propagandu. Dodal, \u017ee nedostatek transparentnosti a z\u00e1kaz jak\u00e9hokoli nez\u00e1visl\u00e9ho mezin\u00e1rodn\u00edho dohledu nad t\u011bmito p\u0159\u00edpady legitimizuj\u00ed pochybnosti a \u010din\u00ed po\u017eadavek na odpov\u011bdnost mor\u00e1ln\u00edm a pr\u00e1vn\u00edm imperativem, a vyzval k nez\u00e1visl\u00e9mu mezin\u00e1rodn\u00edmu vy\u0161et\u0159ov\u00e1n\u00ed, kter\u00e9 odhal\u00ed celou pravdu a ur\u010d\u00ed odpov\u011bdnost.<\/span><\/p>\n<p><span dir=\"auto\">Mezi sv\u011bdectv\u00edmi, kter\u00e1 tato podez\u0159en\u00ed posiluj\u00ed, je t\u0159eba zm\u00ednit p\u0159\u00edpad ob\u011bti Leitha Abu Maileqa, zadr\u017een\u00e9ho 7. \u0159\u00edjna 2023, pot\u00e9 zabit\u00e9ho a vr\u00e1cen\u00e9ho rodin\u011b v r\u00e1mci dohody z Tufan al-Aks\u00e1. Navzdory vr\u00e1cen\u00ed t\u011bla jeho matka uv\u00e1d\u00ed, \u017ee skute\u010dn\u00fdm \u0161okem nebyl okam\u017eik jeho p\u0159evzet\u00ed, ale stav, v jak\u00e9m j\u00ed bylo t\u011blo jej\u00edho syna vr\u00e1ceno, nebo\u0165 si v\u0161imla stop l\u00e9ka\u0159sky neod\u016fvodn\u011bn\u00fdch steh\u016f v citliv\u00fdch oblastech t\u011bla, ani\u017e by rodina obdr\u017eela jakoukoli pitevn\u00ed zpr\u00e1vu nebo ofici\u00e1ln\u00ed vysv\u011btlen\u00ed objas\u0148uj\u00edc\u00ed d\u016fvody t\u011bchto z\u00e1sah\u016f.<\/span><\/p>\n<p><span dir=\"auto\">Podez\u0159en\u00ed ohledn\u011b kr\u00e1de\u017ee org\u00e1n\u016f z t\u011bl mrtv\u00fdch Palestinc\u016f se nezakl\u00e1daj\u00ed na ojedin\u011bl\u00fdch individu\u00e1ln\u00edch v\u00fdpov\u011bd\u00edch, ale jsou potvrzena \u0159adou nashrom\u00e1\u017ed\u011bn\u00fdch fakt\u016f a zdokumentovan\u00fdch stop, kter\u00e9 dohromady tvo\u0159\u00ed rozumn\u00fd z\u00e1klad pro podez\u0159en\u00ed ze sp\u00e1ch\u00e1n\u00ed z\u00e1va\u017en\u00e9ho a systematick\u00e9ho poru\u0161ov\u00e1n\u00ed pr\u00e1va.<\/span><\/p>\n<p><span dir=\"auto\">Prvn\u00edm z t\u011bchto vod\u00edtek je politika zadr\u017eov\u00e1n\u00ed t\u011bl, kterou okupant praktikuje po l\u00e9ta, a\u0165 u\u017e na o\u010d\u00edslovan\u00fdch h\u0159bitovech nebo v m\u00e1rnic\u00edch, politika, kter\u00e1 zbavuje rodiny pr\u00e1va na rychl\u00fd poh\u0159eb a br\u00e1n\u00ed jak\u00e9mukoli nez\u00e1visl\u00e9mu dohledu nebo nestrann\u00e9 l\u00e9ka\u0159sk\u00e9 kontrole nad t\u00edm, co se s t\u011bly d\u011bje b\u011bhem doby zadr\u017eov\u00e1n\u00ed, kter\u00e1 m\u016f\u017ee trvat m\u011bs\u00edce nebo dokonce roky.<\/span><\/p>\n<p><span dir=\"auto\">Druh\u00fd ukazatel se t\u00fdk\u00e1 p\u0159evozu t\u011bl mu\u010dedn\u00edk\u016f do sionistick\u00fdch forenzn\u00edch \u00fastav\u016f, zejm\u00e9na do \u00fastavu \u201eAbu Kabir\u201c, bez informov\u00e1n\u00ed rodin, bez poskytnut\u00ed ofici\u00e1ln\u00edch pitevn\u00edch zpr\u00e1v nebo up\u0159esn\u011bn\u00ed d\u016fvod\u016f t\u011bchto postup\u016f, co\u017e nazna\u010duje l\u00e9ka\u0159sk\u00e9 z\u00e1sahy p\u0159esahuj\u00edc\u00ed obvykl\u00e9 meze forenzn\u00edho vy\u0161et\u0159ov\u00e1n\u00ed.<\/span><\/p>\n<p><span dir=\"auto\">T\u0159et\u00ed ukazatel se t\u00fdk\u00e1 p\u0159ed\u00e1v\u00e1n\u00ed t\u011bl s l\u00e9ka\u0159sky neod\u016fvodn\u011bn\u00fdmi stehy nebo zn\u00e1mkami chirurgick\u00e9ho z\u00e1kroku, jak uv\u00e1d\u011bj\u00ed rodiny ob\u011bt\u00ed, v\u010detn\u011b t\u011bla Laitha Abu Mailqueho, kter\u00fd tvrdil, \u017ee t\u011blo bylo se\u0161ito v citliv\u00fdch oblastech bez jak\u00e9hokoli vysv\u011btlen\u00ed nebo l\u00e9ka\u0159sk\u00e9 dokumentace.<\/span><\/p>\n<p><span dir=\"auto\">Krom\u011b toho chyb\u00ed l\u00e9ka\u0159sk\u00e9 zpr\u00e1vy a pitvy po vyd\u00e1n\u00ed t\u011bl a rodin\u00e1m je odep\u0159eno pr\u00e1vo na konzultaci nebo vznesen\u00ed n\u00e1mitky, co\u017e je v do o\u010d\u00ed bij\u00edc\u00edm rozporu s mezin\u00e1rodn\u00edmi l\u00e9ka\u0159sk\u00fdmi standardy. Tyto ukazatele se shoduj\u00ed se zpr\u00e1vami organizac\u00ed pro lidsk\u00e1 pr\u00e1va, kter\u00e9 dokumentuj\u00ed kr\u00e1de\u017ee specifick\u00fdch org\u00e1n\u016f, zejm\u00e9na rohovek, v p\u0159\u00edpadech, kter\u00e9 byly shrom\u00e1\u017ed\u011bny, zdokumentov\u00e1ny a p\u0159edlo\u017eeny p\u0159\u00edslu\u0161n\u00fdm palestinsk\u00fdm \u00fa\u0159ad\u016fm k p\u0159edlo\u017een\u00ed mezin\u00e1rodn\u00edm soud\u016fm jako poru\u0161en\u00ed, kter\u00e1 by mohla p\u0159edstavovat v\u00e1le\u010dn\u00e9 zlo\u010diny.<\/span><\/p>\n<p><span dir=\"auto\">Ve stejn\u00e9m kontextu vyvol\u00e1v\u00e1 ostr\u00fd kontrast mezi rekordn\u00edmi \u010d\u00edsly darov\u00e1n\u00ed org\u00e1n\u016f, kter\u00fdmi se okupant chlub\u00ed na mezin\u00e1rodn\u00ed \u00farovni, a nedostatkem transparentnosti ohledn\u011b p\u016fvodu t\u011bchto org\u00e1n\u016f legitimn\u00ed pr\u00e1vn\u00ed a etick\u00e9 ot\u00e1zky, zejm\u00e9na proto, \u017ee existuje cel\u00e1 kategorie palestinsk\u00fdch ob\u011bt\u00ed, kter\u00e9 jsou zbaveny kontroly a ochrany, a to i po sv\u00e9 smrti.<\/span><\/p>\n<p><span dir=\"auto\">Celost\u00e1tn\u00ed kampa\u0148 za nalezen\u00ed t\u011bl ob\u011bt\u00ed potvrdila, \u017ee okupace dr\u017e\u00ed na o\u010d\u00edslovan\u00fdch h\u0159bitovech a v m\u00e1rnic\u00edch 776 t\u011bl, v\u010detn\u011b des\u00edtek d\u011bt\u00ed a v\u011bz\u0148\u016f. Kampa\u0148, kter\u00e1 to pova\u017euje za do o\u010d\u00ed bij\u00edc\u00ed poru\u0161en\u00ed \u00facty k mrtv\u00fdm a v\u00e1le\u010dn\u00fd zlo\u010din podle mezin\u00e1rodn\u00edho pr\u00e1va, po\u017eadovala okam\u017eit\u00e9 a bezpodm\u00edne\u010dn\u00e9 vyd\u00e1n\u00ed t\u011bl mu\u010dedn\u00edk\u016f, ukon\u010den\u00ed politiky zadr\u017eov\u00e1n\u00ed a povolen\u00ed p\u0159\u00edstupu mezin\u00e1rodn\u00edch instituc\u00ed k m\u00edst\u016fm zadr\u017eov\u00e1n\u00ed a pitev. Tvrdila, \u017ee d\u016fstojnost Palestinc\u016f, \u017eij\u00edc\u00edch \u010di mrtv\u00fdch, je nezpochybniteln\u00e1.<\/span><\/p>\n<p><span dir=\"auto\">Tyto ud\u00e1losti navazuj\u00ed na ozn\u00e1men\u00ed ministra zahrani\u010d\u00ed okupa\u010dn\u00ed zem\u011b Gideona Sa&#8217;ara, \u017ee sionistick\u00e1 entita vytvo\u0159ila sv\u011btov\u00fd rekord v darov\u00e1n\u00ed ledvin, a na oslavu tohoto \u00fasp\u011bchu Guinnessovou knihou rekord\u016f, a to v kontextu, kter\u00fd odr\u00e1\u017e\u00ed do o\u010d\u00ed bij\u00edc\u00ed mezin\u00e1rodn\u00ed dvoj\u00ed metr, kdy je okupace odm\u011b\u0148ov\u00e1na za sv\u00e9 humanit\u00e1rn\u00ed \u00fasp\u011bchy, zat\u00edmco zlo\u010diny sp\u00e1chan\u00e9 proti palestinsk\u00e9mu t\u011blu nejsou st\u00edh\u00e1ny ani vy\u0161et\u0159ov\u00e1ny.<\/span><\/p>\n<p><a href=\"https:\/\/reseauinternational.net\/author\/okifaouzi\/\" target=\"_blank\" rel=\"noreferrer noopener\" data-type=\"link\" data-id=\"https:\/\/reseauinternational.net\/author\/okifaouzi\/\"><span dir=\"auto\">Faouzi Oki<\/span><\/a><\/p>\n<p>&nbsp;<\/p>\n","protected":false},"excerpt":{"rendered":"<p>Gener\u00e1ln\u00ed \u0159editel ministerstva zdravotnictv\u00ed v Gaze, Dr. Mounir Al-Barsh, p\u0159\u00edmo obvinil okupaci a zpochybnil zdroj&#8230;<\/p>\n","protected":false},"author":2,"featured_media":100218,"comment_status":"closed","ping_status":"closed","sticky":false,"template":"","format":"standard","meta":[],"categories":[7],"tags":[2373,313,3019,7373,92],"_links":{"self":[{"href":"https:\/\/www.infokuryr.cz\/n\/wp-json\/wp\/v2\/posts\/100217"}],"collection":[{"href":"https:\/\/www.infokuryr.cz\/n\/wp-json\/wp\/v2\/posts"}],"about":[{"href":"https:\/\/www.infokuryr.cz\/n\/wp-json\/wp\/v2\/types\/post"}],"author":[{"embeddable":true,"href":"https:\/\/www.infokuryr.cz\/n\/wp-json\/wp\/v2\/users\/2"}],"replies":[{"embeddable":true,"href":"https:\/\/www.infokuryr.cz\/n\/wp-json\/wp\/v2\/comments?post=100217"}],"version-history":[{"count":0,"href":"https:\/\/www.infokuryr.cz\/n\/wp-json\/wp\/v2\/posts\/100217\/revisions"}],"wp:featuredmedia":[{"embeddable":true,"href":"https:\/\/www.infokuryr.cz\/n\/wp-json\/wp\/v2\/media\/100218"}],"wp:attachment":[{"href":"https:\/\/www.infokuryr.cz\/n\/wp-json\/wp\/v2\/media?parent=100217"}],"wp:term":[{"taxonomy":"category","embeddable":true,"href":"https:\/\/www.infokuryr.cz\/n\/wp-json\/wp\/v2\/categories?post=100217"},{"taxonomy":"post_tag","embeddable":true,"href":"https:\/\/www.infokuryr.cz\/n\/wp-json\/wp\/v2\/tags?post=100217"}],"curies":[{"name":"wp","href":"https:\/\/api.w.org\/{rel}","templated":true}]}}