{"id":100215,"date":"2026-02-25T00:15:18","date_gmt":"2026-02-24T23:15:18","guid":{"rendered":"https:\/\/www.infokuryr.cz\/n\/?p=100215"},"modified":"2026-02-21T13:15:21","modified_gmt":"2026-02-21T12:15:21","slug":"libanon-izraelsky-utok-zabil-nejmene-10-lidi-vcetne-vudce-hizballahu","status":"publish","type":"post","link":"https:\/\/www.infokuryr.cz\/n\/2026\/02\/25\/libanon-izraelsky-utok-zabil-nejmene-10-lidi-vcetne-vudce-hizballahu\/","title":{"rendered":"Libanon: Izraelsk\u00fd \u00fatok zabil nejm\u00e9n\u011b 10 lid\u00ed, v\u010detn\u011b v\u016fdce Hizball\u00e1hu"},"content":{"rendered":"<div id=\"fb-root\"><\/div>\n<h3>P\u0159i \u00fatoku, kter\u00fd byl posledn\u00edm izraelsk\u00fdm poru\u0161en\u00edm p\u0159\u00edm\u011b\u0159\u00ed, bylo zran\u011bno nejm\u00e9n\u011b 24 dal\u0161\u00edch lid\u00ed, v\u010detn\u011b t\u0159\u00ed d\u011bt\u00ed.<\/h3>\n<p><a href=\"https:\/\/www.middleeasteye.net\/countries\/israel\" target=\"_blank\" rel=\"noopener\"><span dir=\"auto\">Izraelsk\u00e9<\/span><\/a><span dir=\"auto\">\u00a0\u00fatoky na v\u00fdchodn\u00ed\u00a0\u00a0<\/span><a href=\"https:\/\/www.middleeasteye.net\/countries\/lebanon\" target=\"_blank\" rel=\"noopener\"><span dir=\"auto\">Libanon<\/span><\/a><span dir=\"auto\">\u00a0\u00a0v p\u00e1tek zabily nejm\u00e9n\u011b 10 lid\u00ed, v\u010detn\u011b vojensk\u00e9ho p\u0159edstavitele Hizball\u00e1hu, co\u017e je dal\u0161\u00ed poru\u0161en\u00ed p\u0159\u00edm\u011b\u0159\u00ed podepsan\u00e9ho v listopadu 2024.<\/span><\/p>\n<p><span dir=\"auto\">Libanonsk\u00e9 ministerstvo zdravotnictv\u00ed ve sv\u00e9m nejnov\u011bj\u0161\u00edm sou\u010dtu ob\u011bt\u00ed izraelsk\u00fdch \u00fatok\u016f na v\u00fdchod\u011b a jihu zem\u011b uvedlo, \u017ee bylo zabito 10 lid\u00ed a 24 dal\u0161\u00edch bylo zran\u011bno, v\u010detn\u011b t\u0159\u00ed d\u011bt\u00ed.<\/span><\/p>\n<p><span dir=\"auto\">M\u00edstn\u00ed zpr\u00e1vy odhaduj\u00ed, \u017ee v Libanonu bylo zabito nejm\u00e9n\u011b tucet lid\u00ed a p\u0159es 30 bylo zran\u011bno.<\/span><\/p>\n<p><span dir=\"auto\">P\u00e1trac\u00ed a z\u00e1chrann\u00e9 operace na m\u00edst\u011b st\u00e1le prob\u00edhaj\u00ed, informovala libanonsk\u00e1 ofici\u00e1ln\u00ed n\u00e1rodn\u00ed tiskov\u00e1 agentura (NNA).\u00a0<\/span><\/p>\n<p><span dir=\"auto\">Hizball\u00e1h v sobotu podle Al Jazeery ozn\u00e1mil, \u017ee mezi ob\u011b\u0165mi izraelsk\u00fdch \u00fader\u016f byl i zabit vojensk\u00fd v\u016fdce Muhammad Hassan Yaghi v \u00fadol\u00ed Bek\u00e1a.\u00a0<\/span><\/p>\n<p><span dir=\"auto\">V reakci na vlnu izraelsk\u00fdch \u00fatok\u016f libanonsk\u00fd prezident Joseph Aoun varoval, \u017ee pokra\u010dov\u00e1n\u00ed izraelsk\u00e9ho poru\u0161ov\u00e1n\u00ed pr\u00e1va podkop\u00e1v\u00e1 diplomatick\u00e9 \u00fasil\u00ed o nastolen\u00ed stability.\u00a0<\/span><\/p>\n<p><span dir=\"auto\">Ham\u00e1s mezit\u00edm odsoudil \u00fatoky na uprchlick\u00fd t\u00e1bor Ein el-Hilweh, nejv\u011bt\u0161\u00ed palestinsk\u00fd t\u00e1bor v zemi, kter\u00fd se nach\u00e1z\u00ed v Sidonu.<\/span><\/p>\n<p><span dir=\"auto\">Prvn\u00ed odhady nazna\u010duj\u00ed, \u017ee v oblasti zem\u0159elo v\u00edce ne\u017e dva lid\u00ed.<\/span><\/p>\n<p><span dir=\"auto\">\u201eToto je dal\u0161\u00ed zlo\u010din, kter\u00fd se p\u0159id\u00e1v\u00e1 k s\u00e9rii prob\u00edhaj\u00edc\u00edch \u00fatok\u016f proti na\u0161emu palestinsk\u00e9mu lidu, a poru\u0161en\u00ed suverenity na\u0161\u00ed bratrsk\u00e9 zem\u011b, Libanonu,\u201c uvedlo palestinsk\u00e9 hnut\u00ed v p\u00e1te\u010dn\u00edm prohl\u00e1\u0161en\u00ed.<\/span><\/p>\n<p><span dir=\"auto\">Ham\u00e1s rovn\u011b\u017e ost\u0159e reagoval na izraelsk\u00e1 tvrzen\u00ed, \u017ee c\u00edlil na centrum v t\u00e1bo\u0159e, kde \u201eoperovali terorist\u00e9\u201c, a toto obvin\u011bn\u00ed ozna\u010dil za \u201echabou z\u00e1minku, kter\u00e1 neobstoj\u00ed p\u0159i zkoum\u00e1n\u00ed\u201c.<\/span><\/p>\n<p><span dir=\"auto\">\u201e\u00datok na t\u00e1bor, v n\u011bm\u017e bydl\u00ed tis\u00edce\u00a0<\/span><a href=\"https:\/\/www.middleeasteye.net\/countries\/palestine\" target=\"_blank\" rel=\"noopener\"><span dir=\"auto\">palestinsk\u00fdch<\/span><\/a><span dir=\"auto\">\u00a0uprchl\u00edk\u016f a je hust\u011b os\u00eddlen civilisty, p\u0159edstavuje nebezpe\u010dnou eskalaci a do o\u010d\u00ed bij\u00edc\u00ed ignorov\u00e1n\u00ed v\u0161ech mezin\u00e1rodn\u00edch z\u00e1kon\u016f a norem,\u201c uvedla skupina.<\/span><\/p>\n<p><span dir=\"auto\">\u201eOdr\u00e1\u017e\u00ed to nal\u00e9h\u00e1n\u00ed okupa\u010dn\u00ed vl\u00e1dy na roz\u0161i\u0159ov\u00e1n\u00ed agrese a destabilizaci bezpe\u010dnosti a stability v regionu.\u201c<\/span><\/p>\n<p><span dir=\"auto\">\u00datok je sou\u010d\u00e1st\u00ed roz\u0161i\u0159uj\u00edc\u00ed se izraelsk\u00e9 kampan\u011b \u00fatok\u016f za hranicemi\u00a0<\/span><a href=\"https:\/\/www.middleeasteye.net\/topics\/israel-war-gaza\" target=\"_blank\" rel=\"noopener\"><span dir=\"auto\">Gazy<\/span><\/a><span dir=\"auto\">\u00a0, kde jeho pokra\u010duj\u00edc\u00ed bombardov\u00e1n\u00ed zni\u010dilo civiln\u00ed infrastrukturu a vyvolalo humanit\u00e1rn\u00ed krizi navzdory dohod\u011b o p\u0159\u00edm\u011b\u0159\u00ed uzav\u0159en\u00e9 v \u0159\u00edjnu.<\/span><\/p>\n<p><span dir=\"auto\">Minul\u00fd t\u00fdden izraelsk\u00fd \u00fatok dronu ve v\u00fdchodn\u00edm Libanonu zabil \u010dty\u0159i lidi pot\u00e9, co se zam\u011b\u0159il na vozidlo pobl\u00ed\u017e syrsk\u00fdch hranic.<\/span><\/p>\n<p><span dir=\"auto\">Izrael a Hizball\u00e1h se v listopadu 2024 dohodly na p\u0159\u00edm\u011b\u0159\u00ed, ale izraelsk\u00e9 \u00fatoky v Libanonu od t\u00e9 doby pokra\u010duj\u00ed t\u00e9m\u011b\u0159 denn\u011b a zabily p\u0159i nich p\u0159es 370 lid\u00ed.<\/span><\/p>\n<p><span dir=\"auto\">K pokra\u010duj\u00edc\u00edm \u00fatok\u016fm doch\u00e1z\u00ed navzdory z\u00e1vazk\u016fm, jejich\u017e c\u00edlem je stabilizovat hranici po m\u011bs\u00edc\u00edch eskalace izraelsk\u00fdch \u00fatok\u016f.<\/span><\/p>\n<p><span dir=\"auto\">Libanon\u0161t\u00ed p\u0159edstavitel\u00e9 tvrd\u00ed, \u017ee izraelsk\u00e1 palba v n\u011bkolika oblastech pokra\u010duje, co\u017e p\u0159isp\u00edv\u00e1 k neust\u00e1l\u00e9mu n\u00e1r\u016fstu po\u010dtu ob\u011bt\u00ed i po vstupu dohody v platnost.<\/span><\/p>\n<p><span dir=\"auto\">Libanonsk\u00e1 arm\u00e1da v lednu ozn\u00e1mila, \u017ee dokon\u010dila prvn\u00ed f\u00e1zi vl\u00e1dou veden\u00e9ho pl\u00e1nu na odzbrojen\u00ed bojovn\u00edk\u016f Hizball\u00e1hu v oblastech pobl\u00ed\u017e izraelsk\u00fdch hranic, co\u017e je sou\u010d\u00e1st \u0161ir\u0161\u00edho \u00fasil\u00ed Bejr\u00fatu o prosazen\u00ed st\u00e1tn\u00ed kontroly a omezen\u00ed ozbrojen\u00e9 aktivity pod\u00e9l hranice.<\/span><\/p>\n<p><span dir=\"auto\">\u00da\u0159ady v uplynul\u00e9m roce tak\u00e9 dohl\u00ed\u017eely na p\u0159esun zbran\u00ed z n\u011bkolika palestinsk\u00fdch frakc\u00ed v uprchlick\u00fdch t\u00e1borech do libanonsk\u00fdch bezpe\u010dnostn\u00edch instituc\u00ed v r\u00e1mci stejn\u00e9 iniciativy na omezen\u00ed p\u0159\u00edtomnosti nest\u00e1tn\u00edch ozbrojen\u00fdch skupin.<\/span><\/p>\n<p><img decoding=\"async\" loading=\"lazy\" class=\"alignnone size-full wp-image-1185\" src=\"http:\/\/www.infokuryr.cz\/n\/wp-content\/uploads\/2021\/04\/kuryr-podpis.png\" alt=\"\" width=\"84\" height=\"24\" \/><\/p>\n<p>&nbsp;<\/p>\n","protected":false},"excerpt":{"rendered":"<p>P\u0159i \u00fatoku, kter\u00fd byl posledn\u00edm izraelsk\u00fdm poru\u0161en\u00edm p\u0159\u00edm\u011b\u0159\u00ed, bylo zran\u011bno nejm\u00e9n\u011b 24 dal\u0161\u00edch lid\u00ed, v\u010detn\u011b&#8230;<\/p>\n","protected":false},"author":2,"featured_media":100216,"comment_status":"closed","ping_status":"closed","sticky":false,"template":"","format":"standard","meta":[],"categories":[7],"tags":[107,405,871,1863,934],"_links":{"self":[{"href":"https:\/\/www.infokuryr.cz\/n\/wp-json\/wp\/v2\/posts\/100215"}],"collection":[{"href":"https:\/\/www.infokuryr.cz\/n\/wp-json\/wp\/v2\/posts"}],"about":[{"href":"https:\/\/www.infokuryr.cz\/n\/wp-json\/wp\/v2\/types\/post"}],"author":[{"embeddable":true,"href":"https:\/\/www.infokuryr.cz\/n\/wp-json\/wp\/v2\/users\/2"}],"replies":[{"embeddable":true,"href":"https:\/\/www.infokuryr.cz\/n\/wp-json\/wp\/v2\/comments?post=100215"}],"version-history":[{"count":0,"href":"https:\/\/www.infokuryr.cz\/n\/wp-json\/wp\/v2\/posts\/100215\/revisions"}],"wp:featuredmedia":[{"embeddable":true,"href":"https:\/\/www.infokuryr.cz\/n\/wp-json\/wp\/v2\/media\/100216"}],"wp:attachment":[{"href":"https:\/\/www.infokuryr.cz\/n\/wp-json\/wp\/v2\/media?parent=100215"}],"wp:term":[{"taxonomy":"category","embeddable":true,"href":"https:\/\/www.infokuryr.cz\/n\/wp-json\/wp\/v2\/categories?post=100215"},{"taxonomy":"post_tag","embeddable":true,"href":"https:\/\/www.infokuryr.cz\/n\/wp-json\/wp\/v2\/tags?post=100215"}],"curies":[{"name":"wp","href":"https:\/\/api.w.org\/{rel}","templated":true}]}}