{"id":100213,"date":"2026-02-26T00:12:55","date_gmt":"2026-02-25T23:12:55","guid":{"rendered":"https:\/\/www.infokuryr.cz\/n\/?p=100213"},"modified":"2026-02-25T16:39:56","modified_gmt":"2026-02-25T15:39:56","slug":"izraelsti-osadnici-zabili-na-okupovanem-zapadnim-brehu-jordanu-dalsiho-dospivajiciho-americkeho-obcana","status":"publish","type":"post","link":"https:\/\/www.infokuryr.cz\/n\/2026\/02\/26\/izraelsti-osadnici-zabili-na-okupovanem-zapadnim-brehu-jordanu-dalsiho-dospivajiciho-americkeho-obcana\/","title":{"rendered":"Izrael\u0161t\u00ed osadn\u00edci zabili na okupovan\u00e9m Z\u00e1padn\u00edm b\u0159ehu Jord\u00e1nu dal\u0161\u00edho dosp\u00edvaj\u00edc\u00edho americk\u00e9ho ob\u010dana"},"content":{"rendered":"<div id=\"fb-root\"><\/div>\n<h4>Devaten\u00e1ctilet\u00fd Nasrall\u00e1h Abu Siyam byl zast\u0159elen v Mukhmasu, vesnici v\u00fdchodn\u011b od R\u00e1mall\u00e1hu<\/h4>\n<p><a href=\"https:\/\/www.middleeasteye.net\/countries\/israel\" target=\"_blank\" rel=\"noopener\"><span dir=\"auto\">Izrael\u0161t\u00ed<\/span><\/a><span dir=\"auto\">\u00a0osadn\u00edci ve st\u0159edu zast\u0159elili devaten\u00e1ctilet\u00e9ho\u00a0<\/span><a href=\"https:\/\/www.middleeasteye.net\/countries\/palestine\" target=\"_blank\" rel=\"noopener\"><span dir=\"auto\">Palestince<\/span><\/a><span dir=\"auto\">\u00a0-Ameri\u010dana Nasrall\u00e1ha Abu Siyama p\u0159i \u00fatoku na palestinskou vesnici Mukhmas v\u00fdchodn\u011b od Ramall\u00e1hu na okupovan\u00e9m Z\u00e1padn\u00edm b\u0159ehu Jord\u00e1nu.<\/span><\/p>\n<p><span dir=\"auto\">On a dal\u0161\u00ed obyvatel\u00e9 zas\u00e1hli, aby br\u00e1nili palestinsk\u00e9ho farm\u00e1\u0159e, kter\u00e9ho napadla skupina osadn\u00edk\u016f, \u0159ekl agentu\u0159e Associated Press sv\u011bdek.\u00a0<\/span><\/p>\n<p><span dir=\"auto\">Izraelsk\u00e1 arm\u00e1da se objevila a rozpt\u00fdlila m\u00edsto slzn\u00fdm plynem, zvukov\u00fdmi gran\u00e1ty a ostrou munic\u00ed, \u0159ekl agentu\u0159e AP sv\u011bdek, obyvatel Mukhmasu Raed Abu Ali.\u00a0<\/span><\/p>\n<p><span dir=\"auto\">Video koluj\u00edc\u00ed na soci\u00e1ln\u00edch s\u00edt\u00edch\u00a0<\/span><a href=\"https:\/\/x.com\/NajiSarsour\/status\/2024849628416369082?s=20\" target=\"_blank\" rel=\"noopener\"><span dir=\"auto\">z\u0159ejm\u011b ukazuje<\/span><\/a><span dir=\"auto\">\u00a0okam\u017eik, kdy byl Abu Siyam post\u0159elen a jeho t\u011blo odvle\u010deno.\u00a0<\/span><\/p>\n<p><span dir=\"auto\">Mluv\u010d\u00ed americk\u00e9ho ministerstva zahrani\u010d\u00ed v p\u00edsemn\u00e9m prohl\u00e1\u0161en\u00ed listu Middle East Eye uvedl: \u201eTrumpova administrativa nem\u00e1 vy\u0161\u0161\u00ed prioritu ne\u017e bezpe\u010dnost a ochranu Ameri\u010dan\u016f. Jsme si v\u011bdomi \u00famrt\u00ed americk\u00e9ho ob\u010dana na Z\u00e1padn\u00edm b\u0159ehu Jord\u00e1nu.\u201c<\/span><\/p>\n<p><span dir=\"auto\">\u201eSituaci pe\u010dliv\u011b sledujeme a jsme p\u0159ipraveni poskytnout konzul\u00e1rn\u00ed pomoc. Z \u00facty k soukrom\u00ed rodiny a bl\u00edzk\u00fdch v t\u00e9to t\u011b\u017ek\u00e9 dob\u011b nem\u00e1me v tuto chv\u00edli \u017e\u00e1dn\u00e9 dal\u0161\u00ed koment\u00e1\u0159e.\u201c<\/span><\/p>\n<p><span dir=\"auto\">Od \u00fatok\u016f Ham\u00e1su na ji\u017en\u00ed Izrael 7. \u0159\u00edjna 2023 a n\u00e1sledn\u00e9 izraelsk\u00e9 genocidy v Gaze, kde bylo zabito p\u0159es 72 000 Palestinc\u016f, do\u0161lo k prudk\u00e9 eskalaci \u00fatok\u016f osadn\u00edk\u016f na palestinsk\u00e9 domy a farmy na okupovan\u00e9m Z\u00e1padn\u00edm b\u0159ehu Jord\u00e1nu.<\/span><\/p>\n<p><span dir=\"auto\">Palestinci tvrd\u00ed, \u017ee izraelsk\u00e9 s\u00edly se nesna\u017e\u00ed n\u00e1sil\u00ed zastavit, ale naopak ho zhor\u0161uj\u00ed.\u00a0<\/span><\/p>\n<p><span dir=\"auto\">Jen od roku 2024 bylo izraelsk\u00fdmi osadn\u00edky nebo voj\u00e1ky zabito nejm\u00e9n\u011b \u0161est americk\u00fdch ob\u010dan\u016f: Tawfic Abdel Jabbar; Mohammad Khdour;\u00a0\u00a0<\/span><span dir=\"auto\">Ay\u015fenur Ezgi; Amer Rabee; Sayfollah Musallet; a nyn\u00ed Nasrallah Abu Siyam.\u00a0<\/span><\/p>\n<p><span dir=\"auto\">Odpov\u011bdnost za jejich smrt je st\u00e1le\u00a0<\/span><a href=\"https:\/\/www.aljazeera.com\/news\/2025\/7\/18\/how-us-dealt-with-the-cases-of-nine-americans-killed-by-israel-since-2022\" target=\"_blank\" rel=\"noopener\"><span dir=\"auto\">nejasn\u00e1<\/span><\/a><span dir=\"auto\">\u00a0.\u00a0<\/span><\/p>\n<p><span dir=\"auto\">Agentura OSN pro lidsk\u00e1 pr\u00e1va ve \u010dtvrtek zve\u0159ejn\u011bn\u00e9 zpr\u00e1v\u011b uvedla, \u017ee s\u00e9rie \u00fatok\u016f izraelsk\u00fdch osadn\u00edk\u016f a voj\u00e1k\u016f na okupovan\u00e9m Z\u00e1padn\u00edm b\u0159ehu Jord\u00e1nu by se mohla rovnat\u00a0<\/span><a href=\"https:\/\/www.ohchr.org\/en\/press-releases\/2026\/02\/ethnic-cleansing-concerns-gaza-and-west-bank-amid-intensified-violence-and\" target=\"_blank\" rel=\"noopener\"><span dir=\"auto\">\u201eetnick\u00e9 \u010distce\u201c<\/span><\/a><span dir=\"auto\">\u00a0.<\/span><\/p>\n<p><span dir=\"auto\">Zmi\u0148uje \u201esystematick\u00e9 nez\u00e1konn\u00e9 pou\u017e\u00edv\u00e1n\u00ed s\u00edly izraelsk\u00fdmi bezpe\u010dnostn\u00edmi silami, rozs\u00e1hl\u00e9 sv\u00e9voln\u00e9 zadr\u017eov\u00e1n\u00ed a mu\u010den\u00ed a dal\u0161\u00ed \u0161patn\u00e9 zach\u00e1zen\u00ed s Palestinci ve vazb\u011b a rozs\u00e1hlou nez\u00e1konnou demolici palestinsk\u00fdch dom\u016f\u201c, kter\u00e1 je \u201epou\u017e\u00edv\u00e1na k systematick\u00e9 diskriminaci, utla\u010dov\u00e1n\u00ed, kontrole a dominanci nad palestinsk\u00fdm lidem\u201c.\u00a0<\/span><\/p>\n<p><img decoding=\"async\" loading=\"lazy\" class=\"alignnone size-full wp-image-1185\" src=\"http:\/\/www.infokuryr.cz\/n\/wp-content\/uploads\/2021\/04\/kuryr-podpis.png\" alt=\"\" width=\"84\" height=\"24\" \/><\/p>\n<p>&nbsp;<\/p>\n","protected":false},"excerpt":{"rendered":"<p>Devaten\u00e1ctilet\u00fd Nasrall\u00e1h Abu Siyam byl zast\u0159elen v Mukhmasu, vesnici v\u00fdchodn\u011b od R\u00e1mall\u00e1hu Izrael\u0161t\u00ed\u00a0osadn\u00edci ve st\u0159edu&#8230;<\/p>\n","protected":false},"author":2,"featured_media":100214,"comment_status":"closed","ping_status":"closed","sticky":false,"template":"","format":"standard","meta":[],"categories":[7],"tags":[2753,312,4106,92],"_links":{"self":[{"href":"https:\/\/www.infokuryr.cz\/n\/wp-json\/wp\/v2\/posts\/100213"}],"collection":[{"href":"https:\/\/www.infokuryr.cz\/n\/wp-json\/wp\/v2\/posts"}],"about":[{"href":"https:\/\/www.infokuryr.cz\/n\/wp-json\/wp\/v2\/types\/post"}],"author":[{"embeddable":true,"href":"https:\/\/www.infokuryr.cz\/n\/wp-json\/wp\/v2\/users\/2"}],"replies":[{"embeddable":true,"href":"https:\/\/www.infokuryr.cz\/n\/wp-json\/wp\/v2\/comments?post=100213"}],"version-history":[{"count":0,"href":"https:\/\/www.infokuryr.cz\/n\/wp-json\/wp\/v2\/posts\/100213\/revisions"}],"wp:featuredmedia":[{"embeddable":true,"href":"https:\/\/www.infokuryr.cz\/n\/wp-json\/wp\/v2\/media\/100214"}],"wp:attachment":[{"href":"https:\/\/www.infokuryr.cz\/n\/wp-json\/wp\/v2\/media?parent=100213"}],"wp:term":[{"taxonomy":"category","embeddable":true,"href":"https:\/\/www.infokuryr.cz\/n\/wp-json\/wp\/v2\/categories?post=100213"},{"taxonomy":"post_tag","embeddable":true,"href":"https:\/\/www.infokuryr.cz\/n\/wp-json\/wp\/v2\/tags?post=100213"}],"curies":[{"name":"wp","href":"https:\/\/api.w.org\/{rel}","templated":true}]}}