{"id":100212,"date":"2026-02-26T00:12:07","date_gmt":"2026-02-25T23:12:07","guid":{"rendered":"https:\/\/www.infokuryr.cz\/n\/?p=100212"},"modified":"2026-02-21T13:08:34","modified_gmt":"2026-02-21T12:08:34","slug":"ukrajinsky-protiutok-v-zaporozi-se-vlece-zpusobuje-dalsi-ztraty-a-neprinasi-zadne-vysledky","status":"publish","type":"post","link":"https:\/\/www.infokuryr.cz\/n\/2026\/02\/26\/ukrajinsky-protiutok-v-zaporozi-se-vlece-zpusobuje-dalsi-ztraty-a-neprinasi-zadne-vysledky\/","title":{"rendered":"Ukrajinsk\u00fd proti\u00fatok v Z\u00e1poro\u017e\u00ed se vle\u010de, zp\u016fsobuje dal\u0161\u00ed ztr\u00e1ty a nep\u0159in\u00e1\u0161\u00ed \u017e\u00e1dn\u00e9 v\u00fdsledky"},"content":{"rendered":"<div id=\"fb-root\"><\/div>\n<p><strong><span dir=\"auto\">Kyjevsk\u00e9 s\u00edly se 20. \u00fanora nejm\u00e9n\u011b sedmkr\u00e1t pokusily o postup bl\u00edzko linie \u0159eky Haj\u010dur v Z\u00e1poro\u017e\u00ed, co\u017e byla sou\u010d\u00e1st proti\u00fatoku, kter\u00fd za\u010dal minul\u00fd t\u00fdden. Byly v\u0161ak zatla\u010deny ruskou arm\u00e1dou skupinou vojsk Vostok [V\u00fdchod].<\/span><\/strong><\/p>\n<p><span dir=\"auto\">Pokusy o postup vedly 95. st\u0159eleck\u00e1 divize, 225. samostatn\u00fd \u00fato\u010dn\u00fd pluk, 82. leteck\u00e1 \u00fato\u010dn\u00e1 brig\u00e1da, 425. samostatn\u00fd \u00fato\u010dn\u00fd pluk a 210. samostatn\u00fd \u00fato\u010dn\u00fd pluk.<\/span><\/p>\n<p><span dir=\"auto\">Vojska z t\u011bchto formac\u00ed se pokusila o postup v okol\u00ed Haje, Andrejevky, Sosnovky, Novoolexandrovky, Zalizni\u010dn\u00e9ho a Vozdvi\u017eevky. Ukrajin\u0161t\u00ed voj\u00e1ci se pohybovali v obrn\u011bn\u00fdch transport\u00e9rech a ter\u00e9nn\u00edch vozidlech a vyu\u017e\u00edvali nep\u0159\u00edzniv\u00e9ho po\u010das\u00ed. P\u0159esto byli zatla\u010deni skupinou vojsk Vostok.<\/span><\/p>\n<p><span dir=\"auto\">Pr\u016fzkumn\u00e9 prost\u0159edky skupiny v\u010das odhalily pokus o postup a ukrajinsk\u00e9 jednotky byly rychle napadeny drony a d\u011blost\u0159electvem.<\/span><\/p>\n<p><span dir=\"auto\">Pokusy o postup byly pro kyjevsk\u00e9 s\u00edly n\u00e1kladn\u00e9. Byly eliminov\u00e1ny dv\u011b skupiny voj\u00e1k\u016f a zni\u010deny nejm\u00e9n\u011b dva obrn\u011bn\u00e9 transport\u00e9ry.<\/span><\/p>\n<p><iframe loading=\"lazy\" src=\"https:\/\/s1.cdnstatic.space\/wp-content\/uploads\/2026\/02\/za1-1.mp4\" width=\"600\" height=\"338\" data-mce-fragment=\"1\"><\/iframe><\/p>\n<p><iframe loading=\"lazy\" src=\"https:\/\/s1.cdnstatic.space\/wp-content\/uploads\/2026\/02\/za2-1.mp4\" width=\"600\" height=\"338\" data-mce-fragment=\"1\"><\/iframe><\/p>\n<p><iframe loading=\"lazy\" src=\"https:\/\/s1.cdnstatic.space\/wp-content\/uploads\/2026\/02\/za3-1.mp4\" width=\"600\" height=\"338\" data-mce-fragment=\"1\"><\/iframe><\/p>\n<p><iframe loading=\"lazy\" src=\"https:\/\/s1.cdnstatic.space\/wp-content\/uploads\/2026\/02\/za4-1.mp4\" width=\"600\" height=\"338\" data-mce-fragment=\"1\"><\/iframe><\/p>\n<p><span dir=\"auto\">P\u0159esto\u017ee kyjevsk\u00e9 s\u00edly utrp\u011bly od zah\u00e1jen\u00ed proti\u00fatoku v Z\u00e1poro\u017e\u00ed minul\u00fd t\u00fdden t\u011b\u017ek\u00e9 ztr\u00e1ty, dosud se jim nepoda\u0159ilo znovu z\u00edskat \u017e\u00e1dnou kl\u00ed\u010dovou osadu pobl\u00ed\u017e \u0159eky Haj\u010dur. Skupina vojsk Vostok nad\u00e1le roz\u0161i\u0159uje kontrolu z\u00e1padn\u011b od kl\u00ed\u010dov\u00e9ho m\u011bsta Huljajpole a nad\u00e1le m\u00e1 pod kontrolou oba b\u0159ehy \u0159eky a\u017e k Bratsk\u00e9mu a Andrijivce.<\/span><\/p>\n<p><span dir=\"auto\">Intenzita proti\u00fatoku v posledn\u00edch dnech poklesla, co\u017e nazna\u010duje, \u017ee zapojen\u00e9 ukrajinsk\u00e9 formace ztr\u00e1cej\u00ed sv\u00e9 bojov\u00e9 schopnosti.<\/span><\/p>\n<p><span dir=\"auto\">Kyjev v\u0161ak pravd\u011bpodobn\u011b bude tla\u010dit na sv\u00e9 s\u00edly, aby podnikly dal\u0161\u00ed pokusy o postup. Nasazen\u00ed dal\u0161\u00edch posil k vyrovn\u00e1n\u00ed ned\u00e1vn\u00fdch ztr\u00e1t je vysoce pravd\u011bpodobn\u00e9, i kdy\u017e by to mohlo oslabit ukrajinskou obranu v jin\u00fdch sm\u011brech. Jak\u00e9koli zastaven\u00ed kyjevsk\u00fdch sil v tuto chv\u00edli by umo\u017enilo ruskou reakci a skupina vojsk Vostok by mohla rychle postoupit z\u00e1padn\u011b od \u0159eky Haj\u010dur.<\/span><\/p>\n<p><span dir=\"auto\">Celkov\u011b se zd\u00e1, \u017ee Kyjev postavil sv\u00e9 s\u00edly v Z\u00e1poro\u017e\u00ed do velmi obt\u00ed\u017en\u00e9 situace. N\u00e1kladn\u00fd proti\u00fatok by mohl nakonec v\u00e9st ke kolapsu, a to na ukrajinsk\u00e9 stran\u011b.<\/span><\/p>\n<p><img decoding=\"async\" loading=\"lazy\" class=\"alignnone size-full wp-image-1185\" src=\"http:\/\/www.infokuryr.cz\/n\/wp-content\/uploads\/2021\/04\/kuryr-podpis.png\" alt=\"\" width=\"84\" height=\"24\" \/><\/p>\n<p>&nbsp;<\/p>\n","protected":false},"excerpt":{"rendered":"<p>Kyjevsk\u00e9 s\u00edly se 20. \u00fanora nejm\u00e9n\u011b sedmkr\u00e1t pokusily o postup bl\u00edzko linie \u0159eky Haj\u010dur v&#8230;<\/p>\n","protected":false},"author":2,"featured_media":70964,"comment_status":"closed","ping_status":"closed","sticky":false,"template":"","format":"standard","meta":[],"categories":[7],"tags":[371,2647,1635,5135],"_links":{"self":[{"href":"https:\/\/www.infokuryr.cz\/n\/wp-json\/wp\/v2\/posts\/100212"}],"collection":[{"href":"https:\/\/www.infokuryr.cz\/n\/wp-json\/wp\/v2\/posts"}],"about":[{"href":"https:\/\/www.infokuryr.cz\/n\/wp-json\/wp\/v2\/types\/post"}],"author":[{"embeddable":true,"href":"https:\/\/www.infokuryr.cz\/n\/wp-json\/wp\/v2\/users\/2"}],"replies":[{"embeddable":true,"href":"https:\/\/www.infokuryr.cz\/n\/wp-json\/wp\/v2\/comments?post=100212"}],"version-history":[{"count":0,"href":"https:\/\/www.infokuryr.cz\/n\/wp-json\/wp\/v2\/posts\/100212\/revisions"}],"wp:featuredmedia":[{"embeddable":true,"href":"https:\/\/www.infokuryr.cz\/n\/wp-json\/wp\/v2\/media\/70964"}],"wp:attachment":[{"href":"https:\/\/www.infokuryr.cz\/n\/wp-json\/wp\/v2\/media?parent=100212"}],"wp:term":[{"taxonomy":"category","embeddable":true,"href":"https:\/\/www.infokuryr.cz\/n\/wp-json\/wp\/v2\/categories?post=100212"},{"taxonomy":"post_tag","embeddable":true,"href":"https:\/\/www.infokuryr.cz\/n\/wp-json\/wp\/v2\/tags?post=100212"}],"curies":[{"name":"wp","href":"https:\/\/api.w.org\/{rel}","templated":true}]}}