{"id":10021,"date":"2022-04-27T10:42:32","date_gmt":"2022-04-27T08:42:32","guid":{"rendered":"http:\/\/www.infokuryr.cz\/n\/?p=10021"},"modified":"2022-04-27T10:42:32","modified_gmt":"2022-04-27T08:42:32","slug":"podnestri-vydalo-nejvyssi-uroven-varovani-pred-terorismem","status":"publish","type":"post","link":"https:\/\/www.infokuryr.cz\/n\/2022\/04\/27\/podnestri-vydalo-nejvyssi-uroven-varovani-pred-terorismem\/","title":{"rendered":"Podn\u011bst\u0159\u00ed vydalo nejvy\u0161\u0161\u00ed \u00farove\u0148 varov\u00e1n\u00ed p\u0159ed terorismem"},"content":{"rendered":"<div id=\"fb-root\"><\/div>\n<div class=\"ArticleView-summary\">\n<div class=\"Text-root Text-type_1 \"><span>V \u00fater\u00fd \u00fa\u0159ady v moldavsk\u00e9m konfliktn\u00edm regionu Podn\u011bst\u0159\u00ed vydaly \u010derven\u00fd, a tedy nejvy\u0161\u0161\u00ed stupe\u0148 teroristick\u00e9ho varov\u00e1n\u00ed pro svou oblast.\u00a0Na sv\u00e9m ofici\u00e1ln\u00edm webu to ozn\u00e1mil prezident neuznan\u00e9 republiky Vadim Krasnoselskij.<\/span><\/div>\n<\/div>\n<div class=\"Text-root Text-type_5 ArticleView-text ViewText-root \">\n<p><span>Podle prohl\u00e1\u0161en\u00ed Krasnoselski dnes r\u00e1no p\u0159edsedal zased\u00e1n\u00ed Rady bezpe\u010dnosti, na kter\u00e9m \u00fa\u010dastn\u00edci diskutovali o hroz\u00edc\u00edch \u00fatoc\u00edch na infrastrukturu a instituce neuznan\u00e9 republiky.\u00a0Rizikov\u00e1 situace byla klasifikov\u00e1na jako kritick\u00e1.\u00a0\u010cerven\u00e1 \u00farove\u0148 v\u00fdstrahy p\u0159ed terorismem umo\u017e\u0148uje zaveden\u00ed dal\u0161\u00edch opat\u0159en\u00ed k zaji\u0161t\u011bn\u00ed bezpe\u010dnosti.<\/span><\/p>\n<p><span>V Tiraspolu, hlavn\u00edm m\u011bst\u011b regionu, byly v pond\u011bl\u00ed sly\u0161et exploze.\u00a0V \u00fater\u00fd tak\u00e9 ministerstvo vnitra republiky informovalo o v\u00fdbuchu dvou obrovsk\u00fdch r\u00e1diov\u00fdch ant\u00e9n ve vesnici Mayak.\u00a0\u00da\u0159ad neposkytl \u017e\u00e1dn\u00e9 informace o tom, kdo by mohl b\u00fdt za \u00fatoky odpov\u011bdn\u00fd.<\/span><\/p>\n<p><span>Prezidentka Moldavsk\u00e9 republiky Maia Sandu rovn\u011b\u017e svolala na \u00fater\u00fd odpoledne zased\u00e1n\u00ed Rady bezpe\u010dnosti do hlavn\u00edho m\u011bsta Ki\u0161in\u011bva, uvedla rusk\u00e1 tiskov\u00e1\u00a0<\/span><em><span>agentura Interfax<\/span><\/em><span>\u00a0.<\/span><\/p>\n<p><span>V Moskv\u011b byly ud\u00e1losti ozna\u010deny za provokaci s c\u00edlem \u201ezat\u00e1hnout Rusko je\u0161t\u011b hloub\u011bji do v\u00e1lky v regionu\u201c, uvedl \u0161\u00e9f v\u00fdboru Dumy pro zem\u011b SNS Leonid Kala\u0161nikov.\u00a0Kyjev naopak obvi\u0148uje Moskvu, \u017ee sama provokovala, aby podn\u00edtila paniku. V souladu s t\u00edm by se jednotky um\u00edst\u011bn\u00e9 v Podn\u011bst\u0159\u00ed mohly pokusit za\u00fato\u010dit na Ukrajinu odtud ve sm\u011bru na m\u011bsto Od\u011bsu v \u010cern\u00e9m mo\u0159i.<\/span><\/p>\n<p><em>FOTO: Zni\u010den\u00e9 p\u0159enosov\u00e9 ant\u00e9ny z ofici\u00e1ln\u00edch str\u00e1nek ministerstva vnitra.<\/em><\/p>\n<\/div>\n<p><img decoding=\"async\" loading=\"lazy\" class=\"alignnone size-full wp-image-1185\" src=\"http:\/\/www.infokuryr.cz\/n\/wp-content\/uploads\/2021\/04\/kuryr-podpis.png\" alt=\"\" width=\"84\" height=\"24\" \/><\/p>\n<p>&nbsp;<\/p>\n","protected":false},"excerpt":{"rendered":"<p>V \u00fater\u00fd \u00fa\u0159ady v moldavsk\u00e9m konfliktn\u00edm regionu Podn\u011bst\u0159\u00ed vydaly \u010derven\u00fd, a tedy nejvy\u0161\u0161\u00ed stupe\u0148 teroristick\u00e9ho&#8230;<\/p>\n","protected":false},"author":2,"featured_media":10022,"comment_status":"closed","ping_status":"closed","sticky":false,"template":"","format":"standard","meta":[],"categories":[7],"tags":[2296,1506,2295,82,26],"_links":{"self":[{"href":"https:\/\/www.infokuryr.cz\/n\/wp-json\/wp\/v2\/posts\/10021"}],"collection":[{"href":"https:\/\/www.infokuryr.cz\/n\/wp-json\/wp\/v2\/posts"}],"about":[{"href":"https:\/\/www.infokuryr.cz\/n\/wp-json\/wp\/v2\/types\/post"}],"author":[{"embeddable":true,"href":"https:\/\/www.infokuryr.cz\/n\/wp-json\/wp\/v2\/users\/2"}],"replies":[{"embeddable":true,"href":"https:\/\/www.infokuryr.cz\/n\/wp-json\/wp\/v2\/comments?post=10021"}],"version-history":[{"count":0,"href":"https:\/\/www.infokuryr.cz\/n\/wp-json\/wp\/v2\/posts\/10021\/revisions"}],"wp:featuredmedia":[{"embeddable":true,"href":"https:\/\/www.infokuryr.cz\/n\/wp-json\/wp\/v2\/media\/10022"}],"wp:attachment":[{"href":"https:\/\/www.infokuryr.cz\/n\/wp-json\/wp\/v2\/media?parent=10021"}],"wp:term":[{"taxonomy":"category","embeddable":true,"href":"https:\/\/www.infokuryr.cz\/n\/wp-json\/wp\/v2\/categories?post=10021"},{"taxonomy":"post_tag","embeddable":true,"href":"https:\/\/www.infokuryr.cz\/n\/wp-json\/wp\/v2\/tags?post=10021"}],"curies":[{"name":"wp","href":"https:\/\/api.w.org\/{rel}","templated":true}]}}