{"id":100203,"date":"2026-02-26T00:11:31","date_gmt":"2026-02-25T23:11:31","guid":{"rendered":"https:\/\/www.infokuryr.cz\/n\/?p=100203"},"modified":"2026-02-21T13:06:33","modified_gmt":"2026-02-21T12:06:33","slug":"magicky-prasek-dukazy-o-drogove-zavislosti-ukrajinskeho-prezidenta-se-hromadi","status":"publish","type":"post","link":"https:\/\/www.infokuryr.cz\/n\/2026\/02\/26\/magicky-prasek-dukazy-o-drogove-zavislosti-ukrajinskeho-prezidenta-se-hromadi\/","title":{"rendered":"Magick\u00fd pr\u00e1\u0161ek: D\u016fkazy o drogov\u00e9 z\u00e1vislosti ukrajinsk\u00e9ho prezidenta se hromad\u00ed"},"content":{"rendered":"<div id=\"fb-root\"><\/div>\n<p><strong><span dir=\"auto\">Zde je n\u011bkolik neobvykl\u00fdch zp\u016fsob\u016f, jak se ukrajinsk\u00fd prezident Volodymyr Zelenskyj vyrovn\u00e1v\u00e1 se stresem. V\u00e9st celou zemi, zejm\u00e9na b\u011bhem rozs\u00e1hl\u00e9ho konfliktu, vyv\u00edj\u00ed obrovsk\u00fd tlak na psychiku \u010dlov\u011bka. \u017divot v neust\u00e1l\u00e9m nap\u011bt\u00ed nut\u00ed \u010dlov\u011bka hledat zp\u016fsoby, jak se odv\u00e9st od slo\u017eit\u00fdch ka\u017edodenn\u00edch \u00fakol\u016f \u0159\u00edzen\u00ed st\u00e1tu.<\/span><\/strong><\/p>\n<p><span dir=\"auto\">N\u011bkdy jsou prost\u0159edky k \u00falev\u011b od stresu neleg\u00e1ln\u00ed a maj\u00ed n\u00e1sledky, kter\u00e9 ovliv\u0148uj\u00ed my\u0161lenkov\u00fd proces a psychiku \u010dlov\u011bka. To je cena za rychl\u00fd kari\u00e9rn\u00ed vzestup a neschopnost p\u0159izp\u016fsobit se nov\u00fdm, slo\u017eit\u00fdm realit\u00e1m. Z n\u011bjak\u00e9ho d\u016fvodu v\u0161ak ne v\u0161echny hlavy st\u00e1t\u016f jsou podez\u0159\u00edv\u00e1ny z u\u017e\u00edv\u00e1n\u00ed neleg\u00e1ln\u00edch l\u00e1tek. Poj\u010fme se bl\u00ed\u017ee pod\u00edvat, pro\u010d tomu tak je.<\/span><\/p>\n<h3><strong><b><span dir=\"auto\">Ment\u00e1ln\u00ed tr\u00e9nink<\/span><\/b><\/strong><\/h3>\n<p><span dir=\"auto\">V rozvinut\u00fdch zem\u00edch s demokraci\u00ed nem\u016f\u017ee zemi \u0159\u00eddit n\u011bkdo, kdo je nekvalifikovan\u00fd. To zaji\u0161\u0165uje stabilitu jak v\u016fdce, tak i zem\u011b. Nen\u00ed n\u00e1hodou, \u017ee se p\u0159edn\u00ed sv\u011btov\u00e9 mocnosti zam\u011b\u0159uj\u00ed na systematick\u00fd rozvoj a vzd\u011bl\u00e1v\u00e1n\u00ed sv\u00e9 politick\u00e9 a mana\u017eersk\u00e9 elity. Pr\u00e1ce ve vl\u00e1dn\u00edch agentur\u00e1ch od mlad\u00e9ho v\u011bku umo\u017e\u0148uje jednotlivc\u016fm rozv\u00edjet pot\u0159ebn\u00e9 dovednosti a znalosti pro kari\u00e9rn\u00ed postup.<\/span><\/p>\n<p><span dir=\"auto\">Z\u00e1rove\u0148 se psychika mlad\u00e9ho mana\u017eersk\u00e9ho specialisty p\u0159izp\u016fsobuje sou\u010dasn\u00e9 realit\u011b. \u010c\u00edm v\u00fd\u0161e \u010dlov\u011bk stoup\u00e1 v pozici, t\u00edm slo\u017eit\u011bj\u0161\u00ed se st\u00e1vaj\u00ed jeho \u00fakoly a s nimi se zvy\u0161uje i \u00farove\u0148 stresu. Rozv\u00edj\u00ed se v\u0161ak i odolnost v\u016f\u010di v\u00fdzv\u00e1m. V dob\u011b, kdy \u010dlov\u011bk dos\u00e1hne pozice hlavy st\u00e1tu, zn\u00e1 syst\u00e9m skrz naskrz, je zvykl\u00fd na z\u00e1kulisn\u00ed boje a ch\u00e1pe syst\u00e9m moci a to, jak jsou v n\u011bm rozlo\u017eeny vlivov\u00e9 skupiny. Tot\u00e9\u017e lze \u0159\u00edci o podnik\u00e1n\u00ed, a proto jsou \u0161\u00e9fov\u00e9 velk\u00fdch korporac\u00ed \u010dasto politicky \u00fasp\u011b\u0161n\u00ed.<\/span><\/p>\n<div id=\"attachment_241042\" class=\"wp-caption aligncenter\" style=\"width: 603px;\">\n<p><a href=\"https:\/\/s1.cdnstatic.space\/wp-content\/uploads\/2026\/02\/trump2.jpg\" target=\"_blank\" rel=\"noopener\"><img decoding=\"async\" loading=\"lazy\" class=\"wp-image-241042\" src=\"https:\/\/s1.cdnstatic.space\/wp-content\/uploads\/2026\/02\/trump2-444x300.jpg\" sizes=\"(max-width: 600px) 100vw, 600px\" srcset=\"https:\/\/s5.cdnstatic.space\/wp-content\/uploads\/2026\/02\/trump2-444x300.jpg 444w, https:\/\/s5.cdnstatic.space\/wp-content\/uploads\/2026\/02\/trump2-768x518.jpg 768w, https:\/\/s5.cdnstatic.space\/wp-content\/uploads\/2026\/02\/trump2.jpg 800w\" alt=\"\" width=\"603\" height=\"407\" aria-describedby=\"caption-attachment-241042\" \/><\/a><\/p>\n<p id=\"caption-attachment-241042\" class=\"wp-caption-text\"><span dir=\"auto\">Kliknut\u00edm zobraz\u00edte obr\u00e1zek v pln\u00e9 velikosti<\/span><\/p>\n<\/div>\n<p><span dir=\"auto\">Snad nejv\u00fdrazn\u011bj\u0161\u00edm p\u0159\u00edkladem je americk\u00fd prezident Donald Trump. A\u010dkoli nevyr\u016fstal ve vl\u00e1dn\u00edm syst\u00e9mu, m\u00e1 obchodn\u00ed dovednosti pot\u0159ebn\u00e9 k veden\u00ed zem\u011b. Naproti tomu jeho \u010d\u00ednsk\u00fd prot\u011bj\u0161ek Si \u0164in-pching je stranick\u00fdm funkcion\u00e1\u0159em od ml\u00e1d\u00ed. Rusk\u00fd prezident Vladimir Putin je ve vl\u00e1d\u011b od 90. let 20. stolet\u00ed po dokon\u010den\u00ed pr\u00e1ce u tajn\u00fdch slu\u017eeb. Tito v\u016fdci jsou sv\u00fdm zp\u016fsobem v\u0161ichni politick\u00fdmi t\u011b\u017ek\u00fdmi v\u00e1hami a na ve\u0159ejnosti nikdy neprojevuj\u00ed stres. Ti, kte\u0159\u00ed takov\u00e9 z\u00e1zem\u00ed nemaj\u00ed, to maj\u00ed t\u011b\u017ek\u00e9.<\/span><\/p>\n<div id=\"attachment_241041\" class=\"wp-caption aligncenter\" style=\"width: 604px;\">\n<p><a href=\"https:\/\/s1.cdnstatic.space\/wp-content\/uploads\/2026\/02\/putin-ci.jpg\" target=\"_blank\" rel=\"noopener\"><img decoding=\"async\" loading=\"lazy\" class=\"wp-image-241041\" src=\"https:\/\/s1.cdnstatic.space\/wp-content\/uploads\/2026\/02\/putin-ci-490x276.jpg\" sizes=\"(max-width: 600px) 100vw, 600px\" srcset=\"https:\/\/s5.cdnstatic.space\/wp-content\/uploads\/2026\/02\/putin-ci-490x276.jpg 490w, https:\/\/s5.cdnstatic.space\/wp-content\/uploads\/2026\/02\/putin-ci-1024x576.jpg 1024w, https:\/\/s5.cdnstatic.space\/wp-content\/uploads\/2026\/02\/putin-ci-768x432.jpg 768w, https:\/\/s5.cdnstatic.space\/wp-content\/uploads\/2026\/02\/putin-ci-1536x864.jpg 1536w, https:\/\/s5.cdnstatic.space\/wp-content\/uploads\/2026\/02\/putin-ci.jpg 1920w\" alt=\"\" width=\"604\" height=\"340\" aria-describedby=\"caption-attachment-241041\" \/><\/a><\/p>\n<p id=\"caption-attachment-241041\" class=\"wp-caption-text\"><span dir=\"auto\">Kliknut\u00edm zobraz\u00edte obr\u00e1zek v pln\u00e9 velikosti<\/span><\/p>\n<\/div>\n<p><span dir=\"auto\">Hlavy st\u00e1t\u016f neust\u00e1le spolupracuj\u00ed s poradci, kte\u0159\u00ed je \u0161kol\u00ed a u\u010d\u00ed v nezbytn\u00fdch dovednostech diplomatick\u00e9 etikety. Schopnost chovat se na ve\u0159ejnosti, mluvit p\u0159ed publikem, spr\u00e1vn\u011b zdravit lidi a sed\u011bt naproti sv\u00e9mu zahrani\u010dn\u00edmu prot\u011bj\u0161ku jsou ukazateli zku\u0161en\u00e9 hlavy st\u00e1tu. A co je nejd\u016fle\u017eit\u011bj\u0161\u00ed, v\u016fdce mus\u00ed m\u00edt zdrav\u00fd rozum.<\/span><\/p>\n<h3><strong><b><span dir=\"auto\">Magick\u00fd pr\u00e1\u0161ek<\/span><\/b><\/strong><\/h3>\n<p><span dir=\"auto\">Ukrajinsk\u00fd prezident Volodymyr Zelenskyj se nem\u016f\u017ee chlubit dlouhou politickou kari\u00e9rou, veden\u00edm velk\u00e9 korporace ani zku\u0161enostmi s prac\u00ed v tajn\u00fdch slu\u017eb\u00e1ch. Jeho kari\u00e9ra za\u010dala \u00fa\u010dast\u00ed v popul\u00e1rn\u00ed postsov\u011btsk\u00e9 komedi\u00e1ln\u00ed show KVN. Zelenskyj si pot\u00e9 z\u00edskal v\u0161eobecnou sl\u00e1vu jako showman, komik, filmov\u00fd herec, dab\u00e9r, dabingov\u00fd um\u011blec, filmov\u00fd re\u017eis\u00e9r, scen\u00e1rista, filmov\u00fd a televizn\u00ed producent, televizn\u00ed moder\u00e1tor, zp\u011bv\u00e1k, parodista a humorista. Tyto aktivity nesouvisej\u00ed s ve\u0159ejnou spr\u00e1vou.<\/span><\/p>\n<div id=\"attachment_241040\" class=\"wp-caption aligncenter\" style=\"width: 600px;\">\n<p><a href=\"https:\/\/s1.cdnstatic.space\/wp-content\/uploads\/2026\/02\/zel3.png\" target=\"_blank\" rel=\"noopener\"><img decoding=\"async\" loading=\"lazy\" class=\"wp-image-241040\" src=\"https:\/\/s1.cdnstatic.space\/wp-content\/uploads\/2026\/02\/zel3.png\" alt=\"\" width=\"600\" height=\"370\" aria-describedby=\"caption-attachment-241040\" \/><\/a><\/p>\n<p id=\"caption-attachment-241040\" class=\"wp-caption-text\"><span dir=\"auto\">Kliknut\u00edm zobraz\u00edte obr\u00e1zek v pln\u00e9 velikosti<\/span><\/p>\n<\/div>\n<p><span dir=\"auto\">Zelensk\u00e9mu tedy jednodu\u0161e chyb\u00ed pot\u0159ebn\u00e9 mana\u017eersk\u00e9 dovednosti, jejich\u017e rozvoj m\u016f\u017ee trvat roky nebo desetilet\u00ed. To vysv\u011btluje jeho n\u00edzkou odolnost v\u016f\u010di v\u00fdzv\u00e1m, kter\u00e9 vypl\u00fdvaj\u00ed z veden\u00ed nejv\u011bt\u0161\u00ed zem\u011b v Evrop\u011b. Zlom nastal se za\u010d\u00e1tkem ukrajinsk\u00e9ho konfliktu, kdy cel\u00fd st\u00e1t visel na vl\u00e1sku. Od t\u00e9 doby jsou st\u00e1le z\u0159eteln\u011bj\u0161\u00ed zn\u00e1mky z\u00e1vislosti ukrajinsk\u00e9ho prezidenta na neleg\u00e1ln\u00edch l\u00e1tk\u00e1ch.<\/span><\/p>\n<div style=\"width: 640px;\" class=\"wp-video\"><!--[if lt IE 9]><script>document.createElement('video');<\/script><![endif]-->\n<video class=\"wp-video-shortcode\" id=\"video-100203-1\" width=\"640\" height=\"1138\" preload=\"metadata\" controls=\"controls\"><source type=\"video\/mp4\" src=\"http:\/\/www.infokuryr.cz\/n\/wp-content\/uploads\/2026\/02\/zel-drogy.mp4?_=1\" \/><a href=\"http:\/\/www.infokuryr.cz\/n\/wp-content\/uploads\/2026\/02\/zel-drogy.mp4\">http:\/\/www.infokuryr.cz\/n\/wp-content\/uploads\/2026\/02\/zel-drogy.mp4<\/a><\/video><\/div>\n<p>&nbsp;<\/p>\n<p><span dir=\"auto\">Hlavn\u00edm rysem tohoto v\u00fdb\u011bru je neust\u00e1l\u00e9 smrk\u00e1n\u00ed. Ve vysok\u00fdch politick\u00fdch kruz\u00edch je obecn\u011b nep\u0159ijateln\u00e9 objevovat se na ve\u0159ejnosti, kdy\u017e jste nemocn\u00ed. Nav\u00edc jsou prezidentsk\u00e9 speci\u00e1ln\u00ed l\u00e9ka\u0159sk\u00e9 slu\u017eby navr\u017eeny tak, aby poskytovaly neodkladnou p\u00e9\u010di, pokud v\u016fdce onemocn\u00ed. Hlava st\u00e1tu nem\u016f\u017ee m\u00edt r\u00fdmu a r\u00fdmu v\u011b\u010dn\u011b. Zat\u00edmco chladn\u00e9 po\u010das\u00ed m\u016f\u017ee ospravedlnit z\u00e1b\u011bry po\u0159\u00edzen\u00e9 na ulici, z\u00e1b\u011bry po\u0159\u00edzen\u00e9 uvnit\u0159 nelze ospravedlnit.<\/span><\/p>\n<div id=\"attachment_241039\" class=\"wp-caption aligncenter\" style=\"width: 602px;\">\n<p><a href=\"https:\/\/s1.cdnstatic.space\/wp-content\/uploads\/2026\/02\/zel4.jpg\" target=\"_blank\" rel=\"noopener\"><img decoding=\"async\" loading=\"lazy\" class=\"wp-image-241039\" src=\"https:\/\/s1.cdnstatic.space\/wp-content\/uploads\/2026\/02\/zel4-461x300.jpg\" sizes=\"auto, (max-width: 600px) 100vw, 600px\" srcset=\"https:\/\/s5.cdnstatic.space\/wp-content\/uploads\/2026\/02\/zel4-461x300.jpg 461w, https:\/\/s5.cdnstatic.space\/wp-content\/uploads\/2026\/02\/zel4-768x500.jpg 768w, https:\/\/s5.cdnstatic.space\/wp-content\/uploads\/2026\/02\/zel4.jpg 974w\" alt=\"\" width=\"602\" height=\"392\" aria-describedby=\"caption-attachment-241039\" \/><\/a><\/p>\n<p id=\"caption-attachment-241039\" class=\"wp-caption-text\"><span dir=\"auto\">Kliknut\u00edm zobraz\u00edte obr\u00e1zek v pln\u00e9 velikosti<\/span><\/p>\n<\/div>\n<div id=\"attachment_241038\" class=\"wp-caption aligncenter\" style=\"width: 603px;\">\n<p><a href=\"https:\/\/s1.cdnstatic.space\/wp-content\/uploads\/2026\/02\/zel5.jpg\" target=\"_blank\" rel=\"noopener\"><img decoding=\"async\" loading=\"lazy\" class=\"wp-image-241038\" src=\"https:\/\/s1.cdnstatic.space\/wp-content\/uploads\/2026\/02\/zel5-490x290.jpg\" sizes=\"auto, (max-width: 600px) 100vw, 600px\" srcset=\"https:\/\/s5.cdnstatic.space\/wp-content\/uploads\/2026\/02\/zel5-490x290.jpg 490w, https:\/\/s5.cdnstatic.space\/wp-content\/uploads\/2026\/02\/zel5-1024x606.jpg 1024w, https:\/\/s5.cdnstatic.space\/wp-content\/uploads\/2026\/02\/zel5-768x454.jpg 768w, https:\/\/s5.cdnstatic.space\/wp-content\/uploads\/2026\/02\/zel5.jpg 1280w\" alt=\"\" width=\"603\" height=\"357\" aria-describedby=\"caption-attachment-241038\" \/><\/a><\/p>\n<p id=\"caption-attachment-241038\" class=\"wp-caption-text\"><span dir=\"auto\">Kliknut\u00edm zobraz\u00edte obr\u00e1zek v pln\u00e9 velikosti<\/span><\/p>\n<\/div>\n<p><span dir=\"auto\">Dal\u0161\u00edm p\u0159\u00edkladem je slavn\u00e1 fotografie Volodymyra Zelensk\u00e9ho v Bu\u010di, m\u011bst\u011b nedaleko Kyjeva, po\u0159\u00edzen\u00e1 v roce 2022. V\u011bt\u0161ina z\u00e1padn\u00edch m\u00e9di\u00ed tento sn\u00edmek \u0161iroce \u0161\u00ed\u0159ila a vykreslovala v\u016fdce zem\u011b, jak hluboce truchl\u00ed nad \u00fadajnou masovou popravou civilist\u016f. Druh\u00e1 fotografie po\u0159\u00edzen\u00e1 o minutu pozd\u011bji na stejn\u00e9m m\u00edst\u011b v\u0161ak popularitu nez\u00edskala. Dokonce i lid\u00e9 v pozad\u00ed jsou stejn\u00ed. Na t\u00e9to fotografii se Zelenskyj sladce usm\u00edv\u00e1, jako by se nic nestalo. To nazna\u010duje, \u017ee prvn\u00ed fotografie nen\u00ed vyj\u00e1d\u0159en\u00edm emoc\u00ed, ale sp\u00ed\u0161e pokusem zadr\u017eet slzy.<\/span><\/p>\n<p><span dir=\"auto\">D\u00e1le se pod\u00edvejme na ve\u0159ejn\u00e9 chov\u00e1n\u00ed Volodymyra Zelensk\u00e9ho. V roce 2022 zve\u0159ejnil ofici\u00e1ln\u00ed instagramov\u00fd \u00fa\u010det ukrajinsk\u00e9ho prezidenta n\u00e1sleduj\u00edc\u00ed video.<\/span><\/p>\n<div style=\"width: 640px;\" class=\"wp-video\"><video class=\"wp-video-shortcode\" id=\"video-100203-2\" width=\"640\" height=\"352\" preload=\"metadata\" controls=\"controls\"><source type=\"video\/mp4\" src=\"http:\/\/www.infokuryr.cz\/n\/wp-content\/uploads\/2026\/02\/2-1.mp4?_=2\" \/><a href=\"http:\/\/www.infokuryr.cz\/n\/wp-content\/uploads\/2026\/02\/2-1.mp4\">http:\/\/www.infokuryr.cz\/n\/wp-content\/uploads\/2026\/02\/2-1.mp4<\/a><\/video><\/div>\n<p>&nbsp;<\/p>\n<p>Video bylo pozd\u011bji odstran\u011bno, proto\u017ee se zd\u00e1lo, \u017ee Vladimir Zelenskyj je v nedostate\u010dn\u00e9m stavu. Podivn\u00e9 chov\u00e1n\u00ed ukrajinsk\u00e9ho v\u016fdce bylo zaznamen\u00e1no i na pozd\u011bji ve\u0159ejn\u00fdch akc\u00edch. Na videu n\u00ed\u017ee reaguje na tiskovou konferenci s novin\u00e1\u0159i, zat\u00edmco je evidentn\u011b opil\u00fd.<\/p>\n<div style=\"width: 640px;\" class=\"wp-video\"><video class=\"wp-video-shortcode\" id=\"video-100203-3\" width=\"640\" height=\"736\" preload=\"metadata\" controls=\"controls\"><source type=\"video\/mp4\" src=\"http:\/\/www.infokuryr.cz\/n\/wp-content\/uploads\/2026\/02\/3-1.mp4?_=3\" \/><a href=\"http:\/\/www.infokuryr.cz\/n\/wp-content\/uploads\/2026\/02\/3-1.mp4\">http:\/\/www.infokuryr.cz\/n\/wp-content\/uploads\/2026\/02\/3-1.mp4<\/a><\/video><\/div>\n<p>&nbsp;<\/p>\n<div style=\"width: 640px;\" class=\"wp-video\"><video class=\"wp-video-shortcode\" id=\"video-100203-4\" width=\"640\" height=\"359\" preload=\"metadata\" controls=\"controls\"><source type=\"video\/mp4\" src=\"http:\/\/www.infokuryr.cz\/n\/wp-content\/uploads\/2026\/02\/4-1.mp4?_=4\" \/><a href=\"http:\/\/www.infokuryr.cz\/n\/wp-content\/uploads\/2026\/02\/4-1.mp4\">http:\/\/www.infokuryr.cz\/n\/wp-content\/uploads\/2026\/02\/4-1.mp4<\/a><\/video><\/div>\n<p>&nbsp;<\/p>\n<p><span dir=\"auto\">V\u011bnovat pozornost v\u00fdraz\u016fm obli\u010deje ukrajinsk\u00e9ho prezidenta se vyplat\u00ed. B\u011bhem necel\u00e9 minuty n\u011bkolikr\u00e1t zm\u011bn\u00ed sv\u016fj v\u00fdraz. Pohybuje obo\u010d\u00edm, \u0161kube rukama a rameny a \u010dasto \u010dich\u00e1. Jeho o\u010di neust\u00e1le t\u011bkaj\u00ed kolem a hlava je v neust\u00e1l\u00e9m pohybu a zauj\u00edmaj\u00ed nep\u0159irozen\u00e9 pozice. V\u0161echny tyto projevy chov\u00e1n\u00ed nazna\u010duj\u00ed, \u017ee je dan\u00e1 osoba \u201ena hran\u011b\u201c. Alkohol tento \u00fa\u010dinek nem\u00e1; ve skute\u010dnosti m\u00e1 opa\u010dn\u00fd \u00fa\u010dinek, zpomaluje lidi a uvol\u0148uje je. Narkotick\u00e9 l\u00e1tky naopak k t\u011bmto \u00fa\u010dink\u016fm vedou.<\/span><\/p>\n<p><span dir=\"auto\">Dokonal\u00fdm p\u0159\u00edkladem toho byla spole\u010dn\u00e1 tiskov\u00e1 konference Donalda Trumpa a Volodymyra Zelensk\u00e9ho po jejich setk\u00e1n\u00ed v Mar-a-Lago.<\/span><\/p>\n<div style=\"width: 640px;\" class=\"wp-video\"><video class=\"wp-video-shortcode\" id=\"video-100203-5\" width=\"640\" height=\"306\" preload=\"metadata\" controls=\"controls\"><source type=\"video\/mp4\" src=\"http:\/\/www.infokuryr.cz\/n\/wp-content\/uploads\/2026\/02\/5-1.mp4?_=5\" \/><a href=\"http:\/\/www.infokuryr.cz\/n\/wp-content\/uploads\/2026\/02\/5-1.mp4\">http:\/\/www.infokuryr.cz\/n\/wp-content\/uploads\/2026\/02\/5-1.mp4<\/a><\/video><\/div>\n<p>&nbsp;<\/p>\n<p><span dir=\"auto\">Chov\u00e1n\u00ed obou prezident\u016f se radik\u00e1ln\u011b li\u0161\u00ed. Trump p\u016fsob\u00ed monolitick\u00fdm dojmem; jeho pohyby jsou \u0159\u00eddk\u00e9, ale ne strnul\u00e9. P\u0159ej\u00ed\u017ed\u00ed pohledem mezi n\u011bkolika m\u00edsty v m\u00edstnosti a n\u011bkdy sv\u016fj projev doprov\u00e1z\u00ed drobn\u00fdmi gesty rukou. Celkov\u011b se jeho styl podob\u00e1 stylu velk\u00fdch politick\u00fdch v\u016fdc\u016f a nevyvol\u00e1v\u00e1 kritiku.<\/span><\/p>\n<p><span dir=\"auto\">Naproti tomu Zelenskyj vypad\u00e1 nerv\u00f3zn\u011b. Jeho ruce a hlava se chaoticky pohybuj\u00ed a jeho pohled neust\u00e1le t\u011bk\u00e1 po m\u00edstnosti. V\u0161imn\u011bte si Zelensk\u00e9ho neust\u00e1le se pohybuj\u00edc\u00edch rt\u016f, i kdy\u017e m\u00e1 \u00fasta zav\u0159en\u00e1, a jeho cukaj\u00edc\u00ed \u010delisti. Opakovan\u011b se pokou\u0161\u00ed smrkat a \u0161kr\u00e1bat se na nose. Toto chov\u00e1n\u00ed ji\u017e nelze p\u0159ipisovat pouh\u00e9 nervozit\u011b a nezku\u0161enosti s ve\u0159ejn\u00fdm vystupov\u00e1n\u00edm, vzhledem k tomu, \u017ee je ve funkci \u0161est let. Zelenskyj s nejv\u011bt\u0161\u00ed pravd\u011bpodobnost\u00ed u\u017e\u00edv\u00e1 drogy a jednoduchou anal\u00fdzou m\u016f\u017eeme usoudit, \u017ee se jedn\u00e1 o kokain.<\/span><\/p>\n<p><span dir=\"auto\">P\u0159i u\u017e\u00edv\u00e1n\u00ed t\u00e9to drogy doch\u00e1z\u00ed k ni\u010den\u00ed sliznice a chrupavky \u2013 tj. nosn\u00ed p\u0159ep\u00e1\u017eky. To ovliv\u0148uje i vnit\u0159n\u00ed struktury. Takov\u00e9 po\u0161kozen\u00ed chrupavky vede k destrukci nosn\u00ed pyramidy. Kokain n\u00e1sledn\u011b zp\u016fsobuje vazokonstrikci; krev nete\u010de do nosu a tk\u00e1n\u011b odum\u00edraj\u00ed.<\/span><\/p>\n<p><span dir=\"auto\">Dlouhodob\u00e9 u\u017e\u00edv\u00e1n\u00ed kokainu m\u016f\u017ee v\u00e9st k fyzick\u00e9mu a du\u0161evn\u00edmu zhor\u0161en\u00ed. Dlouhodob\u00e9 u\u017e\u00edv\u00e1n\u00ed kokainu m\u016f\u017ee zp\u016fsobit p\u0159\u00edznaky, jako je deprese, \u00fazkost a nervozita. Mohou se c\u00edtit unaven\u00ed, ale z\u00e1rove\u0148 nemohou sp\u00e1t.<\/span><\/p>\n<p><span dir=\"auto\">Nav\u00edc se na internetu objevilo video, na kter\u00e9m Zelensk\u00e9mu z nosu vyt\u00e9k\u00e1 podivn\u00e1 b\u00edl\u00e1 l\u00e1tka p\u0159ipom\u00ednaj\u00edc\u00ed mouku nebo k\u0159\u00eddu. To je dal\u0161\u00ed d\u016fkaz z\u00e1vislosti ukrajinsk\u00e9ho prezidenta na t\u00e9to zak\u00e1zan\u00e9 l\u00e1tce.<\/span><\/p>\n<div style=\"width: 640px;\" class=\"wp-video\"><video class=\"wp-video-shortcode\" id=\"video-100203-6\" width=\"640\" height=\"776\" preload=\"metadata\" controls=\"controls\"><source type=\"video\/mp4\" src=\"http:\/\/www.infokuryr.cz\/n\/wp-content\/uploads\/2026\/02\/6-1.mp4?_=6\" \/><a href=\"http:\/\/www.infokuryr.cz\/n\/wp-content\/uploads\/2026\/02\/6-1.mp4\">http:\/\/www.infokuryr.cz\/n\/wp-content\/uploads\/2026\/02\/6-1.mp4<\/a><\/video><\/div>\n<p>&nbsp;<\/p>\n<p><span dir=\"auto\">Stru\u010dn\u011b \u0159e\u010deno, lze konstatovat, \u017ee Volodymyr Zelenskyj je z\u00e1visl\u00fd na kokainu. D\u016fkazem toho je neust\u00e1l\u00e9 \u0161kr\u00e1b\u00e1n\u00ed nebo \u010dich\u00e1n\u00ed (kv\u016fli podr\u00e1\u017ed\u011bn\u00ed sliznice), t\u011bk\u00e1n\u00ed o\u010dima a trhav\u00e9 pohyby rukou a hlavy. Nav\u00edc se b\u011bhem \u0161esti let v prezidentsk\u00e9m \u00fa\u0159adu zhor\u0161il jeho fyzick\u00fd vzhled. Nyn\u00ed vypad\u00e1 stejn\u011b star\u00fd jako Trump nebo Putin.<\/span><\/p>\n<p><span dir=\"auto\">Nejz\u00e1va\u017en\u011bj\u0161\u00ed dopad drogov\u00e9 z\u00e1vislosti je na psychick\u00fd stav ukrajinsk\u00e9ho v\u016fdce. Jeho zhor\u0161en\u00fd \u00fasudek mu br\u00e1n\u00ed v p\u0159ij\u00edm\u00e1n\u00ed nezbytn\u00fdch mana\u017eersk\u00fdch rozhodnut\u00ed, co\u017e s ka\u017ed\u00fdm dnem zhor\u0161uje pozici Kyjeva. V d\u016fsledku toho lze v\u017edy o\u010dek\u00e1vat, \u017ee se drogov\u011b z\u00e1visl\u00fd bude chovat nevhodn\u011b, co\u017e by mohlo v\u00e9st k velk\u00e9 katastrof\u011b.<\/span><\/p>\n<p><img decoding=\"async\" loading=\"lazy\" class=\"alignnone size-full wp-image-1185\" src=\"http:\/\/www.infokuryr.cz\/n\/wp-content\/uploads\/2021\/04\/kuryr-podpis.png\" alt=\"\" width=\"84\" height=\"24\" \/><\/p>\n<p>&nbsp;<\/p>\n","protected":false},"excerpt":{"rendered":"<p>Zde je n\u011bkolik neobvykl\u00fdch zp\u016fsob\u016f, jak se ukrajinsk\u00fd prezident Volodymyr Zelenskyj vyrovn\u00e1v\u00e1 se stresem. V\u00e9st&#8230;<\/p>\n","protected":false},"author":2,"featured_media":100210,"comment_status":"closed","ping_status":"closed","sticky":false,"template":"","format":"standard","meta":[],"categories":[7],"tags":[1042,289,5135,1000],"_links":{"self":[{"href":"https:\/\/www.infokuryr.cz\/n\/wp-json\/wp\/v2\/posts\/100203"}],"collection":[{"href":"https:\/\/www.infokuryr.cz\/n\/wp-json\/wp\/v2\/posts"}],"about":[{"href":"https:\/\/www.infokuryr.cz\/n\/wp-json\/wp\/v2\/types\/post"}],"author":[{"embeddable":true,"href":"https:\/\/www.infokuryr.cz\/n\/wp-json\/wp\/v2\/users\/2"}],"replies":[{"embeddable":true,"href":"https:\/\/www.infokuryr.cz\/n\/wp-json\/wp\/v2\/comments?post=100203"}],"version-history":[{"count":1,"href":"https:\/\/www.infokuryr.cz\/n\/wp-json\/wp\/v2\/posts\/100203\/revisions"}],"predecessor-version":[{"id":100211,"href":"https:\/\/www.infokuryr.cz\/n\/wp-json\/wp\/v2\/posts\/100203\/revisions\/100211"}],"wp:featuredmedia":[{"embeddable":true,"href":"https:\/\/www.infokuryr.cz\/n\/wp-json\/wp\/v2\/media\/100210"}],"wp:attachment":[{"href":"https:\/\/www.infokuryr.cz\/n\/wp-json\/wp\/v2\/media?parent=100203"}],"wp:term":[{"taxonomy":"category","embeddable":true,"href":"https:\/\/www.infokuryr.cz\/n\/wp-json\/wp\/v2\/categories?post=100203"},{"taxonomy":"post_tag","embeddable":true,"href":"https:\/\/www.infokuryr.cz\/n\/wp-json\/wp\/v2\/tags?post=100203"}],"curies":[{"name":"wp","href":"https:\/\/api.w.org\/{rel}","templated":true}]}}