{"id":100201,"date":"2026-02-25T00:14:30","date_gmt":"2026-02-24T23:14:30","guid":{"rendered":"https:\/\/www.infokuryr.cz\/n\/?p=100201"},"modified":"2026-02-21T12:58:05","modified_gmt":"2026-02-21T11:58:05","slug":"ozbrojena-skupina-v-iraku-napojena-na-iran-se-chlubi-tunelem-s-drony-ktery-usa-ohrozuje","status":"publish","type":"post","link":"https:\/\/www.infokuryr.cz\/n\/2026\/02\/25\/ozbrojena-skupina-v-iraku-napojena-na-iran-se-chlubi-tunelem-s-drony-ktery-usa-ohrozuje\/","title":{"rendered":"Ozbrojen\u00e1 skupina v Ir\u00e1ku napojen\u00e1 na \u00cdr\u00e1n se chlub\u00ed tunelem s drony, kter\u00fd USA ohro\u017euje"},"content":{"rendered":"<div id=\"fb-root\"><\/div>\n<p><strong><span dir=\"auto\">Saraya Awliya al-Dam (SAD), jedna z ozbrojen\u00fdch frakc\u00ed v Ir\u00e1ku spojen\u00fdch s \u00cdr\u00e1nem, 19. \u00fanora zve\u0159ejnila video ukazuj\u00edc\u00ed tunelovou z\u00e1kladnu se sebevra\u017eedn\u00fdmi drony, co\u017e se jev\u00ed jako nep\u0159\u00edm\u00e1 hrozba pro Spojen\u00e9 st\u00e1ty v reakci na ned\u00e1vnou eskalaci proti Isl\u00e1msk\u00e9 republice Ir\u00e1ku.<\/span><\/strong><\/p>\n<p><span dir=\"auto\">Na z\u00e1b\u011brech uvnit\u0159 z\u00e1kladny s n\u00e1zvem \u201eZa\u0159\u00edzen\u00ed Awliya\u201c je vid\u011bt asi dva tucty dron\u016f Shahed-101 a Ababil-2, oboj\u00ed \u00edr\u00e1nsk\u00e9 modely.<\/span><\/p>\n<p><span dir=\"auto\">Dolet Shahed-101 m\u00e1 \u00fadajn\u011b b\u00fdt 900 kilometr\u016f s hlavic\u00ed o hmotnosti osmi kilogram\u016f, zat\u00edmco dolet Ababil-2 je \u00fadajn\u011b kolem 200 kilometr\u016f s hlavic\u00ed o hmotnosti a\u017e 30 kilogram\u016f. Oba drony vyu\u017e\u00edvaj\u00ed satelitn\u00ed inerci\u00e1ln\u00ed naviga\u010dn\u00ed syst\u00e9my (INS).<\/span><\/p>\n<p><iframe loading=\"lazy\" src=\"https:\/\/s1.cdnstatic.space\/wp-content\/uploads\/2026\/02\/video_2026-02-20_18-55-11.mp4\" width=\"600\" height=\"338\" data-mce-fragment=\"1\"><\/iframe><\/p>\n<p><span dir=\"auto\">Za\u0159\u00edzen\u00ed Awliya, kter\u00e9 je pom\u011brn\u011b rozs\u00e1hl\u00e9, bylo minul\u00fd m\u011bs\u00edc zve\u0159ejn\u011bno \u00edr\u00e1nskou arm\u00e1dn\u00ed australskou arm\u00e1dou (SAD). Frakce tehdy p\u0159edvedla dvojit\u00e9 odpalovac\u00ed za\u0159\u00edzen\u00ed raket pohybuj\u00edc\u00ed se uvnit\u0159 tunelu. Odpalovac\u00ed za\u0159\u00edzen\u00ed z\u0159ejm\u011b byla vyzbrojena mal\u00fdmi taktick\u00fdmi balistick\u00fdmi raketami, podobn\u00fdmi designu \u00edr\u00e1nsk\u00e9ho Ababilu. Na raket\u00e1ch bylo naps\u00e1no kryc\u00ed jm\u00e9no \u201eAl-Qarie\u201c.<\/span><\/p>\n<p><span dir=\"auto\">Raketa Ababil, kter\u00e1 je obvykle nav\u00e1d\u011bna pomoc\u00ed satelitn\u00edho IND, m\u00e1 dolet a\u017e 85 kilometr\u016f a m\u016f\u017ee n\u00e9st hlavici o hmotnosti 45 kilogram\u016f.<\/span><\/p>\n<p><span dir=\"auto\">Za\u0159\u00edzen\u00ed Awliya se z\u0159ejm\u011b pou\u017e\u00edv\u00e1 ke skladov\u00e1n\u00ed pokro\u010dil\u00fdch zbran\u00ed a je velmi pravd\u011bpodobn\u00e9, \u017ee slou\u017e\u00ed jako velitelsk\u00e9 a \u0159\u00eddic\u00ed centrum.<\/span><\/p>\n<p><iframe loading=\"lazy\" src=\"https:\/\/s1.cdnstatic.space\/wp-content\/uploads\/2026\/01\/awala.mp4\" width=\"600\" height=\"338\" data-mce-fragment=\"1\"><\/iframe><\/p>\n<p><span dir=\"auto\">SAD byla jednou z n\u011bkolika mal\u00fdch ozbrojen\u00fdch frakc\u00ed spojen\u00fdch s \u00cdr\u00e1nem, kter\u00e9 se v Ir\u00e1ku objevily asi p\u0159ed \u0161esti lety, p\u0159ibli\u017en\u011b v dob\u011b, kdy USA zavra\u017edily velitele \u00edr\u00e1nsk\u00fdch sil Quds K\u00e1s\u00edma Solim\u00e1n\u00edho. Byla napojena na Asaiba Ahl al-Haqa, sou\u010d\u00e1st vl\u00e1dou uznan\u00fdch Lidov\u00fdch mobiliza\u010dn\u00edch sil.<\/span><\/p>\n<p><span dir=\"auto\">V prvn\u00edm roce sv\u00e9 existence tato frakce \u00fato\u010dila na konvoje se z\u00e1sobami americk\u00e9 arm\u00e1dy po cel\u00e9 zemi pomoc\u00ed bomb um\u00edst\u011bn\u00fdch u silnic. Pozd\u011bji, po vypuknut\u00ed izraelsk\u00e9 v\u00e1lky v p\u00e1smu Gazy, provedla pod z\u00e1\u0161titou Isl\u00e1msk\u00e9ho odporu v Ir\u00e1ku s\u00e9rii \u00fatok\u016f dron\u016f a raket proti izraelsk\u00fdm i americk\u00fdm z\u00e1kladn\u00e1m v Ir\u00e1ku a S\u00fdrii.<\/span><\/p>\n<p><span dir=\"auto\">Vzhledem k tomu, \u017ee USA minul\u00fd m\u011bs\u00edc zv\u00fd\u0161ily tlak na \u00cdr\u00e1n, vydala SAD prohl\u00e1\u0161en\u00ed, v n\u011bm\u017e sl\u00edbila bojovat s \u00cdr\u00e1nskou isl\u00e1mskou republikou a \u201e\u00faderit\u201c na americk\u00e9 z\u00e1jmy na Bl\u00edzk\u00e9m v\u00fdchod\u011b.<\/span><\/p>\n<p><span dir=\"auto\">Americk\u00e9 vojensk\u00e9 posilov\u00e1n\u00ed na Bl\u00edzk\u00e9m v\u00fdchod\u011b v posledn\u00edch n\u011bkolika dnech nabralo na obr\u00e1tk\u00e1ch a ned\u00e1vn\u00e9 zpr\u00e1vy nazna\u010duj\u00ed, \u017ee \u00fatok na \u00cdr\u00e1n je za rohem. Nejnov\u011bj\u0161\u00ed video SAD je jasn\u011b m\u00edn\u011bno jako hrozba pro USA. To v\u0161ak neznamen\u00e1, \u017ee se skupina skute\u010dn\u011b zapoj\u00ed do jak\u00e9koli v\u00e1lky na stran\u011b Isl\u00e1msk\u00e9 republiky.<\/span><\/p>\n<p><span dir=\"auto\">Ir\u00e1ck\u00e9 frakce se zdr\u017eely intervence na podporu \u00cdr\u00e1nu b\u011bhem dvan\u00e1ctidenn\u00ed izraelsk\u00e9 v\u00e1lky v \u010dervnu lo\u0148sk\u00e9ho roku, a to i p\u0159es podobn\u00e9 hrozby, kter\u00e9 ji\u017e d\u0159\u00edve vydaly.<\/span><\/p>\n<p><img decoding=\"async\" loading=\"lazy\" class=\"alignnone size-full wp-image-1185\" src=\"http:\/\/www.infokuryr.cz\/n\/wp-content\/uploads\/2021\/04\/kuryr-podpis.png\" alt=\"\" width=\"84\" height=\"24\" \/><\/p>\n<p>&nbsp;<\/p>\n","protected":false},"excerpt":{"rendered":"<p>Saraya Awliya al-Dam (SAD), jedna z ozbrojen\u00fdch frakc\u00ed v Ir\u00e1ku spojen\u00fdch s \u00cdr\u00e1nem, 19. \u00fanora&#8230;<\/p>\n","protected":false},"author":2,"featured_media":100202,"comment_status":"closed","ping_status":"closed","sticky":false,"template":"","format":"standard","meta":[],"categories":[7],"tags":[2856,267,38,37,5135],"_links":{"self":[{"href":"https:\/\/www.infokuryr.cz\/n\/wp-json\/wp\/v2\/posts\/100201"}],"collection":[{"href":"https:\/\/www.infokuryr.cz\/n\/wp-json\/wp\/v2\/posts"}],"about":[{"href":"https:\/\/www.infokuryr.cz\/n\/wp-json\/wp\/v2\/types\/post"}],"author":[{"embeddable":true,"href":"https:\/\/www.infokuryr.cz\/n\/wp-json\/wp\/v2\/users\/2"}],"replies":[{"embeddable":true,"href":"https:\/\/www.infokuryr.cz\/n\/wp-json\/wp\/v2\/comments?post=100201"}],"version-history":[{"count":0,"href":"https:\/\/www.infokuryr.cz\/n\/wp-json\/wp\/v2\/posts\/100201\/revisions"}],"wp:featuredmedia":[{"embeddable":true,"href":"https:\/\/www.infokuryr.cz\/n\/wp-json\/wp\/v2\/media\/100202"}],"wp:attachment":[{"href":"https:\/\/www.infokuryr.cz\/n\/wp-json\/wp\/v2\/media?parent=100201"}],"wp:term":[{"taxonomy":"category","embeddable":true,"href":"https:\/\/www.infokuryr.cz\/n\/wp-json\/wp\/v2\/categories?post=100201"},{"taxonomy":"post_tag","embeddable":true,"href":"https:\/\/www.infokuryr.cz\/n\/wp-json\/wp\/v2\/tags?post=100201"}],"curies":[{"name":"wp","href":"https:\/\/api.w.org\/{rel}","templated":true}]}}