{"id":100175,"date":"2026-02-23T00:24:06","date_gmt":"2026-02-22T23:24:06","guid":{"rendered":"https:\/\/www.infokuryr.cz\/n\/?p=100175"},"modified":"2026-02-21T11:45:07","modified_gmt":"2026-02-21T10:45:07","slug":"rakousky-par-byl-odsouzen-k-dozivoti-za-muceni-a-vyhladoveni-sveho-trileteho-syna-eliase","status":"publish","type":"post","link":"https:\/\/www.infokuryr.cz\/n\/2026\/02\/23\/rakousky-par-byl-odsouzen-k-dozivoti-za-muceni-a-vyhladoveni-sveho-trileteho-syna-eliase\/","title":{"rendered":"Rakousk\u00fd p\u00e1r byl odsouzen k do\u017eivot\u00ed za mu\u010den\u00ed a vyhladov\u011bn\u00ed sv\u00e9ho t\u0159\u00edlet\u00e9ho syna Eliase"},"content":{"rendered":"<div id=\"fb-root\"><\/div>\n<h3 class=\"s-tagline fw-tagline\"><span dir=\"auto\">\u201eV tomto okrese se d\u011bje n\u011bco tak krut\u00e9ho, co je\u0161t\u011b nikdo nevid\u011bl&#8230; Umu\u010dili sv\u00e9ho t\u0159\u00edlet\u00e9ho syna k smrti a posm\u00edvali se mu\u201c<\/span><\/h3>\n<p><span dir=\"auto\">V p\u0159elomov\u00e9m rozsudku, kter\u00fd zas\u00e1hl rakouskou ve\u0159ejnost, ulo\u017eil Krajsk\u00fd soud v Innsbrucku do\u017eivotn\u00ed tresty Raku\u0161an\u016fm Kevinovi a Nathalie M., ob\u011bma 27let\u00fdm, za systematick\u00e9 hladov\u011bn\u00ed a mu\u010den\u00ed jejich t\u0159\u00edlet\u00e9ho syna Eliase.<\/span><\/p>\n<p><span dir=\"auto\">Rozsudek, vynesen\u00fd po mu\u010div\u00e9m procesu, zahrnoval tak\u00e9 p\u0159\u00edkaz k um\u00edst\u011bn\u00ed matky do psychiatrick\u00e9 l\u00e9\u010debny. P\u00e1r se d\u0159\u00edve p\u0159iznal k hr\u016fzn\u00e9mu t\u00fdr\u00e1n\u00ed, kter\u00e9 v kv\u011btnu 2024 ukon\u010dilo \u017eivot jejich syna.<\/span><\/p>\n<p><a href=\"https:\/\/www.krone.at\/90014038793\"><span dir=\"auto\">Ve sv\u00fdch z\u00e1v\u011bre\u010dn\u00fdch slovech, jak dokumentoval rakousk\u00fd den\u00edk Kronen-Zeitun\u00a0<\/span><em><span dir=\"auto\">,<\/span><\/em><\/a><span dir=\"auto\">\u00a0ozna\u010dila st\u00e1tn\u00ed z\u00e1stupkyn\u011b Verena Pezzei za zka\u017eenost p\u0159\u00edpadu bezprecedentn\u00ed\u00a0\u00a0<a href=\"https:\/\/www.krone.at\/90014038793\">.<\/a>\u00a0Poznamenala: \u201eV tomto okrese se setk\u00e1v\u00e1me s n\u011b\u010d\u00edm tak krut\u00fdm, co tento okres je\u0161t\u011b nikdy nevid\u011bl \u2013 ani v cel\u00e9m Rakousku. Umu\u010dili k smrti sv\u00e9ho t\u0159\u00edlet\u00e9ho syna a posm\u00edvali se mu.\u201c<\/span><\/p>\n<figure class=\"wp-block-image size-large\"><img decoding=\"async\" loading=\"lazy\" class=\"wp-image-158149 aligncenter\" src=\"https:\/\/rmx.news\/wp-content\/uploads\/2026\/02\/Screenshot-2026-02-20-at-1.20.39-PM-1024x578.png\" sizes=\"auto, (max-width: 1024px) 100vw, 1024px\" srcset=\"https:\/\/rmx.news\/wp-content\/uploads\/2026\/02\/Screenshot-2026-02-20-at-1.20.39-PM-1024x578.png 1024w, https:\/\/rmx.news\/wp-content\/uploads\/2026\/02\/Screenshot-2026-02-20-at-1.20.39-PM-500x282.png 500w, https:\/\/rmx.news\/wp-content\/uploads\/2026\/02\/Screenshot-2026-02-20-at-1.20.39-PM-534x300.png 534w, https:\/\/rmx.news\/wp-content\/uploads\/2026\/02\/Screenshot-2026-02-20-at-1.20.39-PM-768x434.png 768w, https:\/\/rmx.news\/wp-content\/uploads\/2026\/02\/Screenshot-2026-02-20-at-1.20.39-PM-1536x867.png 1536w, https:\/\/rmx.news\/wp-content\/uploads\/2026\/02\/Screenshot-2026-02-20-at-1.20.39-PM-860x486.png 860w, https:\/\/rmx.news\/wp-content\/uploads\/2026\/02\/Screenshot-2026-02-20-at-1.20.39-PM.png 1778w\" alt=\"\" width=\"834\" height=\"471\" \/><figcaption class=\"wp-element-caption\"><em><span dir=\"auto\">Elias, vyfocen\u00fd rok p\u0159edt\u00edm, ne\u017e zem\u0159el hlady.<\/span><\/em><\/figcaption><\/figure>\n<p><span dir=\"auto\">Ob\u017ealoba podrobn\u011b popsala p\u011btim\u011bs\u00ed\u010dn\u00ed obdob\u00ed stup\u0148uj\u00edc\u00edho se n\u00e1sil\u00ed, b\u011bhem kter\u00e9ho bylo batole pravideln\u011b napad\u00e1no a omezov\u00e1no. \u017divot d\u00edt\u011bte skon\u010dil v t\u011bsn\u00e9 pades\u00e1ticentimetrov\u00e9 z\u00e1suvce, kde podlehlo kombinovan\u00fdm \u00fa\u010dink\u016fm hladu a \u017e\u00edzn\u011b.<\/span><\/p>\n<p><span dir=\"auto\">B\u011bhem sv\u00e9 soukrom\u00e9 komunikace p\u00e1r chlapce dehumanizoval a v\u011b\u0159il, \u017ee je posedl\u00fd zlou starou \u017eenou jm\u00e9nem \u201eDorothea\u201c, kter\u00e9 \u0159\u00edkali \u201esta\u0159ena\u201c. Sna\u017eili se zneu\u017e\u00edv\u00e1n\u00ed vykreslit jako duchovn\u00ed boj proti \u201ed\u00e9monovi\u201c, kter\u00fd podle nich okupoval jeho t\u011blo. Toto vypr\u00e1v\u011bn\u00ed odm\u00edtla forenzn\u00ed psychiatri\u010dka Adelheid Kastnerov\u00e1, kter\u00e1 vypov\u011bd\u011bla, \u017ee se nejednalo o \u201e\u017e\u00e1dn\u00fd klam ani o nemoc\u201c.<\/span><\/p>\n<p><span dir=\"auto\">Kastner nazna\u010dil, \u017ee rodi\u010de pou\u017eili d\u00edt\u011b jako ob\u011btn\u00edho ber\u00e1nka za tlaky chudoby a n\u00e1roky spojen\u00e9 s p\u00e9\u010d\u00ed o jejich dal\u0161\u00ed t\u0159i dcery.<\/span><\/p>\n<p><span dir=\"auto\">J\u00e1drem soudn\u00edch d\u016fkaz\u016f bylo 125 000 chatov\u00fdch zpr\u00e1v, kter\u00e9 si rodi\u010de vym\u011bnili. Tyto z\u00e1znamy prokazovaly spole\u010dn\u00e9 \u00fasil\u00ed o uspo\u0159\u00e1d\u00e1n\u00ed a zdokumentov\u00e1n\u00ed utrpen\u00ed d\u00edt\u011bte. St\u00e1tn\u00ed z\u00e1stupce zd\u016fraznil jednu obzvl\u00e1\u0161t\u011b temnou v\u00fdm\u011bnu: \u201eZabit\u00ed nesta\u010d\u00ed \u2013 mus\u00ed zem\u0159\u00edt v ag\u00f3nii.\u201c<\/span><\/p>\n<p><span dir=\"auto\">Soud sly\u0161el, \u017ee Elias byl dlouhodob\u011b zav\u0159en\u00fd v zatemn\u011bn\u00e9 m\u00edstnosti a koupeln\u011b bez oken. Podle ob\u017ealoby \u201ebyla \u00fasta d\u00edt\u011bte \u010dasto zalepena p\u00e1skou, ruce a nohy sv\u00e1zan\u00e9 stahovac\u00edmi p\u00e1skami\u201c.<\/span><\/p>\n<p><span dir=\"auto\">K traumatu p\u0159isp\u011blo i to, \u017ee jeho star\u0161\u00ed \u0161estilet\u00e1 sestra vzpom\u00ednala \u00fa\u0159ad\u016fm, \u017ee sly\u0161ela stra\u0161ideln\u00fd zvuk batolete, kter\u00e9 zoufale bu\u0161ilo na dve\u0159e ve snaze uniknout ze sv\u00e9ho v\u011bzen\u00ed.<\/span><\/p>\n<p><span dir=\"auto\">Zat\u00edmco Nathalie M. z\u016fstala do zna\u010dn\u00e9 m\u00edry stoick\u00e1, Kevin M. se b\u011bhem \u0159\u00edzen\u00ed ve\u0159ejn\u011b omluvil.<\/span><\/p>\n<p><span dir=\"auto\">\u201eNeexistuje \u017e\u00e1dn\u00e9 vysv\u011btlen\u00ed pro to, co se stalo, nic by to ani zdaleka nevysv\u011btlilo.\u201c<\/span><\/p>\n<p><span dir=\"auto\">D\u00e1le uvedl: \u201eUzn\u00e1v\u00e1m svou chybu; je neomluviteln\u00e1. Lituji toho ka\u017ed\u00fd den, hluboce lituji, \u017ee m\u00e9 t\u0159i dal\u0161\u00ed d\u011bti byly sv\u011bdky Eliasova utrpen\u00ed.\u201c<\/span><\/p>\n<p><span dir=\"auto\">Atmosf\u00e9ra v soudn\u00ed s\u00edni se zchmu\u0159ila, kdy\u017e porot\u011b bylo p\u0159ehr\u00e1no video ob\u011bti. Div\u00e1ci sice sly\u0161eli pouze chlapc\u016fv pl\u00e1\u010d, ale z\u00e1b\u011bry byly tak znepokojiv\u00e9, \u017ee jeden z pozorovatel\u016f ode\u0161el se slovy: \u201eNerozum\u00edm tomu.\u201c<\/span><\/p>\n<p><span dir=\"auto\">Soudci rozhodli, \u017ee p\u00e1r Eliase \u00famysln\u011b zanedb\u00e1val a tr\u00e1pil, \u010d\u00edm\u017e zneu\u017e\u00edval jeho absolutn\u00ed zranitelnosti. P\u0159\u00edpad z\u016fst\u00e1v\u00e1 jednou z nejv\u00fdznamn\u011bj\u0161\u00edch a nejznepokojiv\u011bj\u0161\u00edch kapitol v rakousk\u00e9 pr\u00e1vn\u00ed historii. Zat\u00edmco rodi\u010de z\u016fst\u00e1vaj\u00ed ve vazb\u011b, zat\u00edm nen\u00ed jasn\u00e9, zda hodlaj\u00ed napadnout do\u017eivotn\u00ed tresty.<\/span><\/p>\n<p><img decoding=\"async\" loading=\"lazy\" class=\"alignnone size-full wp-image-1185\" src=\"http:\/\/www.infokuryr.cz\/n\/wp-content\/uploads\/2021\/04\/kuryr-podpis.png\" alt=\"\" width=\"84\" height=\"24\" \/><\/p>\n<p>&nbsp;<\/p>\n","protected":false},"excerpt":{"rendered":"<p>\u201eV tomto okrese se d\u011bje n\u011bco tak krut\u00e9ho, co je\u0161t\u011b nikdo nevid\u011bl&#8230; Umu\u010dili sv\u00e9ho t\u0159\u00edlet\u00e9ho&#8230;<\/p>\n","protected":false},"author":2,"featured_media":100176,"comment_status":"closed","ping_status":"closed","sticky":false,"template":"","format":"standard","meta":[],"categories":[7],"tags":[929,3826,7304,120,520,6477],"_links":{"self":[{"href":"https:\/\/www.infokuryr.cz\/n\/wp-json\/wp\/v2\/posts\/100175"}],"collection":[{"href":"https:\/\/www.infokuryr.cz\/n\/wp-json\/wp\/v2\/posts"}],"about":[{"href":"https:\/\/www.infokuryr.cz\/n\/wp-json\/wp\/v2\/types\/post"}],"author":[{"embeddable":true,"href":"https:\/\/www.infokuryr.cz\/n\/wp-json\/wp\/v2\/users\/2"}],"replies":[{"embeddable":true,"href":"https:\/\/www.infokuryr.cz\/n\/wp-json\/wp\/v2\/comments?post=100175"}],"version-history":[{"count":0,"href":"https:\/\/www.infokuryr.cz\/n\/wp-json\/wp\/v2\/posts\/100175\/revisions"}],"wp:featuredmedia":[{"embeddable":true,"href":"https:\/\/www.infokuryr.cz\/n\/wp-json\/wp\/v2\/media\/100176"}],"wp:attachment":[{"href":"https:\/\/www.infokuryr.cz\/n\/wp-json\/wp\/v2\/media?parent=100175"}],"wp:term":[{"taxonomy":"category","embeddable":true,"href":"https:\/\/www.infokuryr.cz\/n\/wp-json\/wp\/v2\/categories?post=100175"},{"taxonomy":"post_tag","embeddable":true,"href":"https:\/\/www.infokuryr.cz\/n\/wp-json\/wp\/v2\/tags?post=100175"}],"curies":[{"name":"wp","href":"https:\/\/api.w.org\/{rel}","templated":true}]}}