{"id":100172,"date":"2026-02-23T00:24:52","date_gmt":"2026-02-22T23:24:52","guid":{"rendered":"https:\/\/www.infokuryr.cz\/n\/?p=100172"},"modified":"2026-02-21T11:42:20","modified_gmt":"2026-02-21T10:42:20","slug":"budeme-tento-pripad-sledovat-ministerstvo-zahranici-usa-odsuzuje-zabiti-quentina-deranquea","status":"publish","type":"post","link":"https:\/\/www.infokuryr.cz\/n\/2026\/02\/23\/budeme-tento-pripad-sledovat-ministerstvo-zahranici-usa-odsuzuje-zabiti-quentina-deranquea\/","title":{"rendered":"\u201eBudeme tento p\u0159\u00edpad sledovat,\u201c \u2013 Ministerstvo zahrani\u010d\u00ed USA odsuzuje zabit\u00ed Quentina Deranquea"},"content":{"rendered":"<div id=\"fb-root\"><\/div>\n<h3 class=\"s-tagline fw-tagline\"><span dir=\"auto\">\u201eO\u010dek\u00e1v\u00e1me, \u017ee pachatel\u00e9 n\u00e1sil\u00ed budou pohn\u00e1ni p\u0159ed soud,\u201c uv\u00e1d\u00ed se v prohl\u00e1\u0161en\u00ed \u00da\u0159adu pro boj s terorismem americk\u00e9ho ministerstva zahrani\u010d\u00ed<\/span><\/h3>\n<p><span dir=\"auto\">Americk\u00e1 vl\u00e1da se vyj\u00e1d\u0159ila k zabit\u00ed francouzsk\u00e9ho konzervativn\u00edho studenta Quentina Deranqua krajn\u011b levicov\u00fdmi militantn\u00edmi aktivisty a varovala, \u017ee \u201en\u00e1siln\u00e1 radik\u00e1ln\u00ed levice je na vzestupu\u201c, a po\u017eadovala, aby vin\u00edci byli postaveni p\u0159ed soud.<\/span><\/p>\n<p><span dir=\"auto\">Ve sv\u00e9m prohl\u00e1\u0161en\u00ed zve\u0159ejn\u011bn\u00e9m na serveru X americk\u00fd \u00da\u0159ad pro boj proti terorismu uvedl: \u201eZpr\u00e1vy potvrzen\u00e9 francouzsk\u00fdm ministrem vnitra, \u017ee Quentina Deranquea zabili levicov\u00ed militanti, by n\u00e1s v\u0161echny m\u011bly znepokojit. N\u00e1siln\u00e1 radik\u00e1ln\u00ed levice je na vzestupu a jej\u00ed role v \u00famrt\u00ed Quentina Deranquea ukazuje na hrozbu, kterou p\u0159edstavuje pro ve\u0159ejnou bezpe\u010dnost. Budeme situaci i nad\u00e1le sledovat a o\u010dek\u00e1v\u00e1me, \u017ee pachatel\u00e9 n\u00e1sil\u00ed budou postaveni p\u0159ed soud.\u201c<\/span><\/p>\n<p><span dir=\"auto\">K p\u0159\u00edpadu se vyj\u00e1d\u0159ila i n\u00e1m\u011bstkyn\u011b ministryn\u011b zahrani\u010d\u00ed Sarah B. Rogersov\u00e1, kter\u00e1 varovala p\u0159ed d\u016fsledky podb\u00edzen\u00ed se politick\u00e9mu extremismu.<\/span><\/p>\n<div class=\"twitter-tweet twitter-tweet-rendered\"><iframe id=\"twitter-widget-0\" class=\"\" title=\"X Post\" src=\"https:\/\/platform.twitter.com\/embed\/Tweet.html?creatorScreenName=RMXnews&amp;dnt=false&amp;embedId=twitter-widget-0&amp;features=eyJ0ZndfdGltZWxpbmVfbGlzdCI6eyJidWNrZXQiOltdLCJ2ZXJzaW9uIjpudWxsfSwidGZ3X2ZvbGxvd2VyX2NvdW50X3N1bnNldCI6eyJidWNrZXQiOnRydWUsInZlcnNpb24iOm51bGx9LCJ0ZndfdHdlZXRfZWRpdF9iYWNrZW5kIjp7ImJ1Y2tldCI6Im9uIiwidmVyc2lvbiI6bnVsbH0sInRmd19yZWZzcmNfc2Vzc2lvbiI6eyJidWNrZXQiOiJvbiIsInZlcnNpb24iOm51bGx9LCJ0ZndfZm9zbnJfc29mdF9pbnRlcnZlbnRpb25zX2VuYWJsZWQiOnsiYnVja2V0Ijoib24iLCJ2ZXJzaW9uIjpudWxsfSwidGZ3X21peGVkX21lZGlhXzE1ODk3Ijp7ImJ1Y2tldCI6InRyZWF0bWVudCIsInZlcnNpb24iOm51bGx9LCJ0ZndfZXhwZXJpbWVudHNfY29va2llX2V4cGlyYXRpb24iOnsiYnVja2V0IjoxMjA5NjAwLCJ2ZXJzaW9uIjpudWxsfSwidGZ3X3Nob3dfYmlyZHdhdGNoX3Bpdm90c19lbmFibGVkIjp7ImJ1Y2tldCI6Im9uIiwidmVyc2lvbiI6bnVsbH0sInRmd19kdXBsaWNhdGVfc2NyaWJlc190b19zZXR0aW5ncyI6eyJidWNrZXQiOiJvbiIsInZlcnNpb24iOm51bGx9LCJ0ZndfdXNlX3Byb2ZpbGVfaW1hZ2Vfc2hhcGVfZW5hYmxlZCI6eyJidWNrZXQiOiJvbiIsInZlcnNpb24iOm51bGx9LCJ0ZndfdmlkZW9faGxzX2R5bmFtaWNfbWFuaWZlc3RzXzE1MDgyIjp7ImJ1Y2tldCI6InRydWVfYml0cmF0ZSIsInZlcnNpb24iOm51bGx9LCJ0ZndfbGVnYWN5X3RpbWVsaW5lX3N1bnNldCI6eyJidWNrZXQiOnRydWUsInZlcnNpb24iOm51bGx9LCJ0ZndfdHdlZXRfZWRpdF9mcm9udGVuZCI6eyJidWNrZXQiOiJvbiIsInZlcnNpb24iOm51bGx9fQ%3D%3D&amp;frame=false&amp;hideCard=false&amp;hideThread=false&amp;id=2024775883207123378&amp;lang=cs&amp;origin=https%3A%2F%2Frmx.news%2Farticle%2Fwell-be-monitoring-this-case-us-state-department-condemns-killing-of-quentin-deranque%2F&amp;sessionId=6d3e41361c796e3822bf9ed95dbb3f51b0647a79&amp;theme=light&amp;widgetsVersion=2615f7e52b7e0%3A1702314776716&amp;width=550px\" frameborder=\"0\" scrolling=\"no\" allowfullscreen=\"allowfullscreen\" data-tweet-id=\"2024775883207123378\" data-mce-fragment=\"1\"><\/iframe><\/div>\n<p><span dir=\"auto\">\u201eDemokracie spo\u010d\u00edv\u00e1 na z\u00e1kladn\u00ed dohod\u011b: m\u016f\u017eete p\u0159in\u00e9st na ve\u0159ejn\u00e9 prostranstv\u00ed jak\u00fdkoli n\u00e1zor a nikdo v\u00e1s za to nesm\u00ed zab\u00edt,\u201c napsala.<\/span><\/p>\n<p><span dir=\"auto\">\u201eProto se k politick\u00e9mu n\u00e1sil\u00ed \u2013 terorismu \u2013 stav\u00edme tak tvrd\u011b. Jakmile se rozhodnete zab\u00edjet lidi za jejich n\u00e1zory, m\u00edsto abyste je p\u0159esv\u011bd\u010dovali, odch\u00fdlili jste se od civilizace. Budeme tento p\u0159\u00edpad nad\u00e1le sledovat,\u201c dodala.<\/span><\/p>\n<p><span dir=\"auto\">T\u0159iadvacetilet\u00fd Deranque byl v Lyonu smrteln\u011b zbit po st\u0159etech spojen\u00fdch s demonstrac\u00ed krajn\u011b levice. Francouz\u0161t\u00ed st\u00e1tn\u00ed z\u00e1stupci potvrdili, \u017ee v souvislosti s \u00fatokem bylo zat\u010deno 11 osob.<\/span><\/p>\n<p><span dir=\"auto\">Mezi zadr\u017een\u00fdmi jsou dva parlamentn\u00ed zam\u011bstnanci napojen\u00ed na krajn\u011b levicovou stranu La France Insoumise (LFI) vedenou Jeanem-Lucem M\u00e9lenchonem a b\u00fdval\u00fd st\u00e1\u017eista poslance LFI Rapha\u00ebla Arnaulta. Jeden z parlamentn\u00edch asistent\u016f, Jacques-\u00c9lie Favrot, byl nyn\u00ed ob\u017ealov\u00e1n z \u00famysln\u00e9 vra\u017edy, z\u00e1va\u017en\u00e9ho n\u00e1sil\u00ed a zlo\u010dinn\u00e9ho spol\u010dov\u00e1n\u00ed a jeho role a role dal\u0161\u00edch osob v krajn\u011b levicov\u00e9 stran\u011b La France Insoumise vedou k v\u00fdzv\u00e1m k zaveden\u00ed politick\u00e9ho \u201efirewallu\u201c, obvykle vyhrazen\u00e9ho pravici, na levici ve Francii.<\/span><\/p>\n<p><span dir=\"auto\">Zpr\u00e1va o vra\u017ed\u011b rezonovala po cel\u00e9 Evrop\u011b a vyvolala protesty a tak\u00e9 diplomatick\u00fd spor mezi Pa\u0159\u00ed\u017e\u00ed a \u0158\u00edmem.<\/span><\/p>\n<p><span dir=\"auto\">Italsk\u00e1 premi\u00e9rka Giorgia Meloniov\u00e1 ve\u0159ejn\u011b vyj\u00e1d\u0159ila solidaritu po Deranqueov\u011b smrti a varovala, \u017ee \u201epolarizuj\u00edc\u00ed ideologie\u201c a atmosf\u00e9ra nen\u00e1visti p\u0159isp\u00edvaj\u00ed k rostouc\u00ed militantnosti na cel\u00e9m kontinentu. Jej\u00ed v\u00fdroky vyvolaly ostrou reakci francouzsk\u00e9ho prezidenta Emmanuela Macrona, kter\u00fd pok\u00e1ral zahrani\u010dn\u00ed v\u016fdce za koment\u00e1\u0159e k francouzsk\u00fdm vnit\u0159n\u00edm z\u00e1le\u017eitostem.<\/span><\/p>\n<p><span dir=\"auto\">Macron uvedl, \u017ee ho \u201ev\u017edycky zar\u00e1\u017e\u00ed, \u017ee nacionalist\u00e9, kte\u0159\u00ed necht\u011bj\u00ed b\u00fdt ru\u0161eni ve sv\u00e9 vlastn\u00ed zemi, jsou prvn\u00ed, kdo komentuje, co se d\u011bje jinde,\u201c a jeho koment\u00e1\u0159e byly \u0161iroce interpretov\u00e1ny jako nam\u00ed\u0159en\u00e9 proti Meloniov\u00e9.<\/span><\/p>\n<p><span dir=\"auto\">Meloniov\u00e1 ve \u010dtvrtek ve\u010der v rozhovoru pro Sky TG24 oponovala a na\u0159\u00edkala nad t\u00edm, \u017ee Macron \u201enepochopil\u201c rozd\u00edl mezi vm\u011b\u0161ov\u00e1n\u00edm a vyj\u00e1d\u0159en\u00edm solidarity a obav.<\/span><\/p>\n<p><img decoding=\"async\" loading=\"lazy\" class=\"alignnone size-full wp-image-1185\" src=\"http:\/\/www.infokuryr.cz\/n\/wp-content\/uploads\/2021\/04\/kuryr-podpis.png\" alt=\"\" width=\"84\" height=\"24\" \/><\/p>\n<p>&nbsp;<\/p>\n","protected":false},"excerpt":{"rendered":"<p>\u201eO\u010dek\u00e1v\u00e1me, \u017ee pachatel\u00e9 n\u00e1sil\u00ed budou pohn\u00e1ni p\u0159ed soud,\u201c uv\u00e1d\u00ed se v prohl\u00e1\u0161en\u00ed \u00da\u0159adu pro boj&#8230;<\/p>\n","protected":false},"author":2,"featured_media":100173,"comment_status":"closed","ping_status":"closed","sticky":false,"template":"","format":"standard","meta":[],"categories":[7],"tags":[130,7537,1430,37,184],"_links":{"self":[{"href":"https:\/\/www.infokuryr.cz\/n\/wp-json\/wp\/v2\/posts\/100172"}],"collection":[{"href":"https:\/\/www.infokuryr.cz\/n\/wp-json\/wp\/v2\/posts"}],"about":[{"href":"https:\/\/www.infokuryr.cz\/n\/wp-json\/wp\/v2\/types\/post"}],"author":[{"embeddable":true,"href":"https:\/\/www.infokuryr.cz\/n\/wp-json\/wp\/v2\/users\/2"}],"replies":[{"embeddable":true,"href":"https:\/\/www.infokuryr.cz\/n\/wp-json\/wp\/v2\/comments?post=100172"}],"version-history":[{"count":1,"href":"https:\/\/www.infokuryr.cz\/n\/wp-json\/wp\/v2\/posts\/100172\/revisions"}],"predecessor-version":[{"id":100174,"href":"https:\/\/www.infokuryr.cz\/n\/wp-json\/wp\/v2\/posts\/100172\/revisions\/100174"}],"wp:featuredmedia":[{"embeddable":true,"href":"https:\/\/www.infokuryr.cz\/n\/wp-json\/wp\/v2\/media\/100173"}],"wp:attachment":[{"href":"https:\/\/www.infokuryr.cz\/n\/wp-json\/wp\/v2\/media?parent=100172"}],"wp:term":[{"taxonomy":"category","embeddable":true,"href":"https:\/\/www.infokuryr.cz\/n\/wp-json\/wp\/v2\/categories?post=100172"},{"taxonomy":"post_tag","embeddable":true,"href":"https:\/\/www.infokuryr.cz\/n\/wp-json\/wp\/v2\/tags?post=100172"}],"curies":[{"name":"wp","href":"https:\/\/api.w.org\/{rel}","templated":true}]}}