{"id":100170,"date":"2026-02-23T00:23:46","date_gmt":"2026-02-22T23:23:46","guid":{"rendered":"https:\/\/www.infokuryr.cz\/n\/?p=100170"},"modified":"2026-02-21T11:39:17","modified_gmt":"2026-02-21T10:39:17","slug":"italie-pobliz-florencie-nalezena-stata-nemecka-zena-zatcen-podezrely-ze-severoafricke-valky","status":"publish","type":"post","link":"https:\/\/www.infokuryr.cz\/n\/2026\/02\/23\/italie-pobliz-florencie-nalezena-stata-nemecka-zena-zatcen-podezrely-ze-severoafricke-valky\/","title":{"rendered":"It\u00e1lie: Pobl\u00ed\u017e Florencie nalezena s\u0165ata n\u011bmeck\u00e1 \u017eena, zat\u010den podez\u0159el\u00fd ze severoafrick\u00e9 v\u00e1lky"},"content":{"rendered":"<div id=\"fb-root\"><\/div>\n<h3 class=\"s-tagline fw-tagline\"><span dir=\"auto\">Podez\u0159el\u00fd ze Severn\u00ed Afriky m\u011bl \u00fadajn\u011b trestn\u00ed rejst\u0159\u00edk za drogov\u00e9 delikty, ale z\u016fstal v It\u00e1lii<\/span><\/h3>\n<p><span dir=\"auto\">V parku ve Scandicci nedaleko Florencie byla nalezena s\u0165ata \u017eena, o n\u00ed\u017e se p\u0159edpokl\u00e1d\u00e1, \u017ee je 44let\u00e1 n\u011bmeck\u00e1 st\u00e1tn\u00ed p\u0159\u00edslu\u0161nice, a italsk\u00e9 \u00fa\u0159ady v souvislosti s touto hr\u016fznou vra\u017edou zatkly migranta ze severn\u00ed Afriky.<\/span><\/p>\n<p><span dir=\"auto\">T\u011blo ob\u011bti bylo objeveno ve st\u0159edu pozd\u011b r\u00e1no v m\u00edst\u011b b\u00fdval\u00e9 N\u00e1rodn\u00ed v\u00fdzkumn\u00e9 rady. Poz\u016fstatky se nach\u00e1zely pobl\u00ed\u017e opu\u0161t\u011bn\u00e9 budovy, pouh\u00fdch 100 metr\u016f od m\u00edstn\u00ed st\u0159edn\u00ed \u0161koly, kter\u00e1 byla zazd\u011bna, aby se zabr\u00e1nilo neopr\u00e1vn\u011bn\u00e9mu p\u0159\u00edstupu, ale kterou \u00fadajn\u011b vyu\u017e\u00edvali squatte\u0159i.<\/span><\/p>\n<p><span dir=\"auto\">Prvn\u00ed zpr\u00e1vy nazna\u010dovaly, \u017ee \u017eena byla pobod\u00e1na, a vy\u0161et\u0159ovatel\u00e9 pozd\u011bji potvrdili, \u017ee na m\u00edst\u011b \u010dinu byla jako d\u016fkaz zabavena krv\u00ed pot\u0159\u00edsn\u011bn\u00e1 ma\u010deta. \u00da\u0159ady se domn\u00edvaj\u00ed, \u017ee ob\u011bti byla useknuta hlava a jej\u00ed t\u011blo bylo roz\u0159ez\u00e1no ve zjevn\u00e9 snaze utajit zlo\u010din.<\/span><\/p>\n<p><span dir=\"auto\">Podle italsk\u00e9 tiskov\u00e9 agentury Ansa, kterou citoval\u00a0<\/span><a href=\"https:\/\/www.bild.de\/news\/ausland\/an-alter-forschungs-anlage-deutsche-44-enthauptet-in-italien-gefunden-69973d1a20e745047f84b7c6\"><span dir=\"auto\">den\u00edk Bild<\/span><\/a><span dir=\"auto\">\u00a0, mu\u017e, kter\u00fd z\u0159ejm\u011b znal ob\u011b\u0165, tajn\u011b \u017eil uvnit\u0159 opu\u0161t\u011bn\u00e9 budovy, ze kter\u00e9 bylo uskute\u010dn\u011bno t\u00eds\u0148ov\u00e9 vol\u00e1n\u00ed. Od t\u00e9 doby byl zat\u010den. Podez\u0159el\u00e9ho den\u00edk\u00a0<\/span><a href=\"https:\/\/firenze.repubblica.it\/cronaca\/2026\/02\/19\/news\/donna_decapitata_scandicci_fermo_uomo-425170077\/?ref=RHLM-BG-P16-S2-T1-fdg17\"><span dir=\"auto\">La Repubblica<\/span><\/a><span dir=\"auto\">\u00a0popsal jako severoafrick\u00e9ho mu\u017ee s p\u0159edchoz\u00edmi odsouzen\u00edmi za drogov\u00e9 trestn\u00e9 \u010diny. Navzdory sv\u00e9mu trestn\u00edmu rejst\u0159\u00edku z\u016fstal v It\u00e1lii.<\/span><\/p>\n<p><span dir=\"auto\">Mu\u017e vlastnil pitbula, kter\u00fd \u00fadajn\u011b hl\u00eddal t\u011blo, kdy\u017e dorazila policie. Policist\u00e9 se zpo\u010d\u00e1tku asi hodinu nemohli k ostatk\u016fm p\u0159ibl\u00ed\u017eit, proto\u017ee pes nikoho nepustil k sob\u011b. Jakmile bylo zv\u00ed\u0159e zaji\u0161t\u011bno, vy\u0161et\u0159ovatel\u00e9 mohli zadr\u017eet \u00fadajnou vra\u017eednou zbra\u0148 a zah\u00e1jit podrobnou forenzn\u00ed pr\u00e1ci.<\/span><\/p>\n<p><span dir=\"auto\">U ob\u011bti nebyly nalezeny \u017e\u00e1dn\u00e9 doklady toto\u017enosti. A\u010dkoli se p\u0159edpokl\u00e1d\u00e1, \u017ee se jedn\u00e1 o 44letou N\u011bmku, bude proveden test DNA k potvrzen\u00ed jej\u00ed toto\u017enosti. Byla tak\u00e9 na\u0159\u00edzena pitva, kter\u00e1 by ur\u010dila p\u0159esnou p\u0159\u00ed\u010dinu a \u010das smrti.<\/span><\/p>\n<p><span dir=\"auto\">St\u00e1tn\u00ed z\u00e1stupci st\u00e1le pracuj\u00ed na zji\u0161t\u011bn\u00ed, zda byla \u017eena zabita na m\u00edst\u011b ve Scandicci, nebo zda bylo jej\u00ed t\u011blo p\u0159evezeno ve snaze ho ukr\u00fdt. Vy\u0161et\u0159ovatel\u00e9 v sou\u010dasn\u00e9 dob\u011b podez\u0159\u00edvaj\u00ed, \u017ee se pachatel po zabit\u00ed pokusil oblast vy\u010distit, aby zni\u010dil d\u016fkazy.<\/span><\/p>\n<p><span dir=\"auto\">\u201eZ tiskov\u00fdch zdroj\u016f jsme se dozv\u011bd\u011bli, \u017ee dnes ve Scandicci do\u0161lo k hrozn\u00e9 trag\u00e9dii, kter\u00e1 n\u00e1s hluboce znepokojuje,\u201c uvedla starostka Scandicci Claudia Sereniov\u00e1, jak citovala\u00a0<\/span><a href=\"https:\/\/tg24.sky.it\/cronaca\/2026\/02\/18\/cadavere-scandicci-donna-decapitata-omicidio\"><span dir=\"auto\">Sky TG24<\/span><\/a><span dir=\"auto\">\u00a0. \u201eVyjad\u0159ujeme na\u0161i maxim\u00e1ln\u00ed d\u016fv\u011bru v pr\u00e1ci org\u00e1n\u016f \u010dinn\u00fdch v trestn\u00edm \u0159\u00edzen\u00ed a vy\u0161et\u0159ov\u00e1n\u00ed koordinovan\u00e9 st\u00e1tn\u00edm zastupitelstv\u00edm ve Florencii a v\u011b\u0159\u00edme, \u017ee bude pln\u011b objasn\u011bno, co se stalo.\u201c<\/span><\/p>\n<p><span dir=\"auto\">\u201eV\u00edme, \u017ee spolu se spoluprac\u00ed s org\u00e1ny \u010dinn\u00fdmi v trestn\u00edm \u0159\u00edzen\u00ed a st\u00e1le \u0161ir\u0161\u00ed p\u0159\u00edtomnost\u00ed v cel\u00e9 oblasti mus\u00edme zna\u010dn\u011b investovat do soci\u00e1ln\u00edch kapacit, abychom zabr\u00e1nili podobn\u00fdm trag\u00e9di\u00edm, v\u010detn\u011b \u0159e\u0161en\u00ed marginalizace a komplexn\u00edch d\u016fsledk\u016f soci\u00e1ln\u00ed degradace, kter\u00e9 obce nemohou \u0159e\u0161it izolovan\u011b a nemaj\u00ed dostatek zdroj\u016f,\u201c dodala.<\/span><\/p>\n<p><img decoding=\"async\" loading=\"lazy\" class=\"alignnone size-full wp-image-1185\" src=\"http:\/\/www.infokuryr.cz\/n\/wp-content\/uploads\/2021\/04\/kuryr-podpis.png\" alt=\"\" width=\"84\" height=\"24\" \/><\/p>\n<p>&nbsp;<\/p>\n","protected":false},"excerpt":{"rendered":"<p>Podez\u0159el\u00fd ze Severn\u00ed Afriky m\u011bl \u00fadajn\u011b trestn\u00ed rejst\u0159\u00edk za drogov\u00e9 delikty, ale z\u016fstal v It\u00e1lii&#8230;<\/p>\n","protected":false},"author":2,"featured_media":100171,"comment_status":"closed","ping_status":"closed","sticky":false,"template":"","format":"standard","meta":[],"categories":[7],"tags":[551,191,656],"_links":{"self":[{"href":"https:\/\/www.infokuryr.cz\/n\/wp-json\/wp\/v2\/posts\/100170"}],"collection":[{"href":"https:\/\/www.infokuryr.cz\/n\/wp-json\/wp\/v2\/posts"}],"about":[{"href":"https:\/\/www.infokuryr.cz\/n\/wp-json\/wp\/v2\/types\/post"}],"author":[{"embeddable":true,"href":"https:\/\/www.infokuryr.cz\/n\/wp-json\/wp\/v2\/users\/2"}],"replies":[{"embeddable":true,"href":"https:\/\/www.infokuryr.cz\/n\/wp-json\/wp\/v2\/comments?post=100170"}],"version-history":[{"count":0,"href":"https:\/\/www.infokuryr.cz\/n\/wp-json\/wp\/v2\/posts\/100170\/revisions"}],"wp:featuredmedia":[{"embeddable":true,"href":"https:\/\/www.infokuryr.cz\/n\/wp-json\/wp\/v2\/media\/100171"}],"wp:attachment":[{"href":"https:\/\/www.infokuryr.cz\/n\/wp-json\/wp\/v2\/media?parent=100170"}],"wp:term":[{"taxonomy":"category","embeddable":true,"href":"https:\/\/www.infokuryr.cz\/n\/wp-json\/wp\/v2\/categories?post=100170"},{"taxonomy":"post_tag","embeddable":true,"href":"https:\/\/www.infokuryr.cz\/n\/wp-json\/wp\/v2\/tags?post=100170"}],"curies":[{"name":"wp","href":"https:\/\/api.w.org\/{rel}","templated":true}]}}