{"id":100168,"date":"2026-02-23T00:22:29","date_gmt":"2026-02-22T23:22:29","guid":{"rendered":"https:\/\/www.infokuryr.cz\/n\/?p=100168"},"modified":"2026-02-21T11:37:08","modified_gmt":"2026-02-21T10:37:08","slug":"zabiti-quentina-deranqua-ve-francii-se-formuje-politicky-firewall-proti-levici-pote-co-je-z-vrazdy-obzalovana-rada-krajne-levicovych-extremistu","status":"publish","type":"post","link":"https:\/\/www.infokuryr.cz\/n\/2026\/02\/23\/zabiti-quentina-deranqua-ve-francii-se-formuje-politicky-firewall-proti-levici-pote-co-je-z-vrazdy-obzalovana-rada-krajne-levicovych-extremistu\/","title":{"rendered":"Zabit\u00ed Quentina Deranqua: Ve Francii se formuje politick\u00fd firewall proti levici pot\u00e9, co je z vra\u017edy ob\u017ealov\u00e1na \u0159ada krajn\u011b levicov\u00fdch extremist\u016f"},"content":{"rendered":"<div id=\"fb-root\"><\/div>\n<h3 class=\"s-tagline fw-tagline\"><span dir=\"auto\">\u201eKrajn\u00ed levice zab\u00edjela,\u201c \u0159ekl Jordan Bardella, v\u016fdce N\u00e1rodn\u00edho shrom\u00e1\u017ed\u011bn\u00ed, v reakci na roli \u010dlen\u016f LFI p\u0159i bit\u00ed a smrti Deranquea<\/span><\/h3>\n<div class=\"e-ct-outer\">\n<div class=\"entry-content rbct clearfix is-highlight-shares\">\n<p><span dir=\"auto\">Pot\u00e9, co krajn\u011b levicov\u00ed militanti v Lyonu ubili k smrti konzervativn\u00edho katol\u00edka Quentina Deranqua, byl jeden z jejich \u010dlen\u016f, Jacques-\u00c9lie Favrot, ob\u017ealov\u00e1n z \u00famysln\u00e9 vra\u017edy, z\u00e1va\u017en\u00e9ho n\u00e1sil\u00ed a zlo\u010dinn\u00e9ho spol\u010den\u00ed. Jeho role a role dal\u0161\u00edch v krajn\u011b levicov\u00e9 stran\u011b La France Insoumise vede k vol\u00e1n\u00ed po zaveden\u00ed politick\u00e9ho \u201efirewallu\u201c, obvykle vyhrazen\u00e9ho pravici, na levici ve Francii.<\/span><\/p>\n<p><span dir=\"auto\">Favrot je nyn\u00ed ve vazb\u011b za barbarskou vra\u017edu 23let\u00e9 ob\u011bti, kter\u00e1 b\u011bhem demonstrace chr\u00e1nila feministickou aktivistickou skupinu Collectif N\u00e9m\u00e9sis.<\/span><\/p>\n<p><span dir=\"auto\">Favrot je parlamentn\u00ed asistentkou poslance krajn\u011b levicov\u00e9 strany La France Insoumise (LFI) Rapha\u00ebla Arnaulta, kter\u00fd byl zakladatelem a v\u016fdcem extremistick\u00e9 levicov\u00e9 milice Mlad\u00e1 garda, kterou francouzsk\u00fd st\u00e1t rozpustil.<\/span><\/p>\n<p><span dir=\"auto\">Favrot\u016fv pr\u00e1vn\u00edk potvrdil, \u017ee jeho klient p\u0159iznal, \u017ee byl na m\u00edst\u011b \u010dinu p\u0159\u00edtomen a \u00fa\u010dastnil se n\u00e1sil\u00ed p\u00e1chan\u00e9ho na Deranqueovi a dal\u0161\u00edch osob\u00e1ch.<\/span><\/p>\n<p><span dir=\"auto\">Favrot v\u0161ak pop\u00edr\u00e1, \u017ee by zp\u016fsobil smrteln\u00e9 \u00fadery, kter\u00e9 zabily Deranqua. Lyonsk\u00fd st\u00e1tn\u00ed z\u00e1stupce uvedl, \u017ee Favrot sehr\u00e1l v n\u00e1siln\u00e9m sledu \u201ev\u016fd\u010d\u00ed roli\u201c.<\/span><\/p>\n<p><span dir=\"auto\">Doposud bylo obvin\u011bno sedm lid\u00ed, v\u010detn\u011b dal\u0161\u00edho zam\u011bstnance krajn\u011b levicov\u00e9 LFI, jm\u00e9nem Adrien B. Mnoho z t\u011bchto podez\u0159el\u00fdch bylo ob\u017ealov\u00e1no z \u00famysln\u00e9ho zabit\u00ed.<\/span><\/p>\n<p><span dir=\"auto\">T\u0159i z podez\u0159el\u00fdch maj\u00ed vazby na ultralevicov\u00e9 hnut\u00ed a dva maj\u00ed z\u00e1znamy v trestn\u00edm rejst\u0159\u00edku, uv\u00e1d\u00ed\u00a0<\/span><a href=\"https:\/\/www.franceinfo.fr\/faits-divers\/mort-de-quentin-militant-identitaire-agresse-a-lyon\/mort-de-quentin-deranque-un-assistant-parlementaire-lfi-mis-en-examen_7816874.html\"><span dir=\"auto\">France Info<\/span><\/a><span dir=\"auto\"> .<\/span><\/p>\n<p><span dir=\"auto\">\u201eDva z nich odm\u00edtli vysv\u011btlit konkr\u00e9tn\u00ed fakta. Ostatn\u00ed p\u0159iznali svou p\u0159\u00edtomnost na m\u00edst\u011b \u010dinu a n\u011bkte\u0159\u00ed p\u0159iznali, \u017ee Quentinu Deranqueovi nebo jin\u00fdm ob\u011btem u\u0161t\u011bd\u0159ili r\u00e1ny. Na druhou stranu v\u0161ichni pop\u0159eli vra\u017eedn\u00fd \u00famysl,\u201c uvedl Thierry Dran, st\u00e1tn\u00ed z\u00e1stupce v Lyonu. \u201eZejm\u00e9na d\u00edky hloubkov\u00e9mu prostudov\u00e1n\u00ed \u010detn\u00fdch vide\u00ed byli vy\u0161et\u0159ovatel\u00e9 schopni ur\u010dit jm\u00e9na sedmi podez\u0159el\u00fdch. Identifikace osob p\u0159\u00edtomn\u00fdch na m\u00edst\u011b \u010dinu byla obt\u00ed\u017en\u00e1. A dodnes je st\u00e1le t\u0159eba identifikovat n\u011bkolik lid\u00ed.\u201c<\/span><\/p>\n<h2 class=\"wp-block-heading\"><span dir=\"auto\">Politick\u00e9 zem\u011bt\u0159esen\u00ed a potenci\u00e1ln\u00ed firewall<\/span><\/h2>\n<p><span dir=\"auto\">Role krajn\u011b levicov\u00e9 LFI ve vra\u017ed\u011b je ve Francii popisov\u00e1na jako \u201epolitick\u00e9 zem\u011bt\u0159esen\u00ed\u201c.<\/span><\/p>\n<p><span dir=\"auto\">\u201eKrajn\u00ed levice zab\u00edjela,\u201c \u0159ekl Jordan Bardella, v\u016fdce N\u00e1rodn\u00edho shrom\u00e1\u017ed\u011bn\u00ed.<\/span><\/p>\n<p><span dir=\"auto\">Obvinil zakladatele LFI Jeana-Luca M\u00e9lenchona a jeho hnut\u00ed, \u017ee slou\u017e\u00ed jako \u201eideologick\u00e1 l\u00edhe\u0148 n\u00e1siln\u00fdch hnut\u00ed\u201c, kter\u00e1 \u201ev ulic\u00edch, stejn\u011b jako v N\u00e1rodn\u00edm shrom\u00e1\u017ed\u011bn\u00ed, vytv\u00e1\u0159ej\u00ed atmosf\u00e9ru nap\u011bt\u00ed a nepo\u0159\u00e1dku\u201c.<\/span><\/p>\n<p><span dir=\"auto\">V\u016fdce N\u00e1rodn\u00edho shrom\u00e1\u017ed\u011bn\u00ed nyn\u00ed vyz\u00fdv\u00e1 politiky, aby ukon\u010dili bari\u00e9ru obvykle vyhrazenou pravici a uplatnili ji na levici.<\/span><\/p>\n<p><span dir=\"auto\">\u201eVyz\u00fdv\u00e1m proto k vytvo\u0159en\u00ed skute\u010dn\u00e9ho sanit\u00e1rn\u00edho kordonu, kter\u00fd by izoloval Nesm\u00edrnou Francii a udr\u017eel ji d\u00e1l od instituc\u00ed, a\u0165 u\u017e v N\u00e1rodn\u00edm shrom\u00e1\u017ed\u011bn\u00ed, kde tito poslanci zasedaj\u00ed v mnoha org\u00e1nech, nebo s ohledem na p\u0159\u00ed\u0161t\u00ed m\u00edstn\u00ed volby,\u201c uvedl Bardella.<\/span><\/p>\n<p><span dir=\"auto\">M\u00e9lenchon v\u0161ak reagoval pouze pobou\u0159en\u00edm, vinu za vra\u017edu odklonil od viny a svalil ji na pokojn\u00e9 aktivisty organizace Collectif N\u00e9m\u00e9sis.<\/span><\/p>\n<p><span dir=\"auto\">\u201eSkupina Collectif N\u00e9m\u00e9sis mus\u00ed b\u00fdt zak\u00e1z\u00e1na, proto\u017ee je nebezpe\u010dn\u00e1, \u00fato\u010d\u00ed na na\u0161e sch\u016fze, \u00fato\u010d\u00ed na na\u0161e v\u016fdce, vyhro\u017euje n\u00e1m smrt\u00ed.\u201c Podle M\u00e9lenchona je skute\u010dnou \u201ehrozbou\u201c tato skupina, nikoli Antifa, p\u0159esto\u017ee \u010dlenov\u00e9 Collectif N\u00e9m\u00e9sis a jej\u00ed bezpe\u010dnostn\u00ed t\u00fdm byli ter\u010dem doslovn\u00e9 smrti v ulic\u00edch Francie.<\/span><\/p>\n<p><span dir=\"auto\">Jeho tvrzen\u00ed p\u0159ich\u00e1zej\u00ed v dob\u011b, kdy roste tlak na vy\u0161et\u0159ov\u00e1n\u00ed jeho strany za podporu kryt\u00ed levicov\u00fdch terorist\u016f, v\u010detn\u011b \u010dlen\u016f pr\u00e1v\u011b zat\u010den\u00fdch v souvislosti s vra\u017edou Deranqua.<\/span><\/p>\n<p><span dir=\"auto\">Bardella nen\u00ed jedin\u00fd, kdo vol\u00e1 po vytvo\u0159en\u00ed ochrann\u00e9 bari\u00e9ry proti LFI. Zd\u00e1 se, \u017ee i dal\u0161\u00ed levicov\u00ed politici jsou LFI stejn\u011b tak znechuceni.<\/span><\/p>\n<p><span dir=\"auto\">Rapha\u00ebl Glucksmann, poslanec Evropsk\u00e9ho parlamentu za ekologickou stranu Place publique, prohl\u00e1sil, \u017ee spojenectv\u00ed s LFI je nemo\u017en\u00e9. \u201eJe nemysliteln\u00e9, \u0159\u00edk\u00e1m v\u00e1m, nemysliteln\u00e9, abychom my na levici nad\u00e1le m\u011bli sebemen\u0161\u00ed pochybnosti o mo\u017en\u00e9 volebn\u00ed alianci s Nesm\u00ed\u0159enou Franci\u00ed,\u201c \u0159ekl.<\/span><\/p>\n<p><span dir=\"auto\">K tomuto politick\u00e9mu v\u00fdvoji doch\u00e1z\u00ed t\u011bsn\u011b p\u0159ed m\u00edstn\u00edmi volbami a celost\u00e1tn\u00edmi volbami p\u0159\u00ed\u0161t\u00ed rok.<\/span><\/p>\n<p><span dir=\"auto\">P\u0159\u00edpad vyvolal tak\u00e9 mezin\u00e1rodn\u00ed pobou\u0159en\u00ed, italsk\u00e1 premi\u00e9rka Giorgia Meloni odsoudila vra\u017edu Deranquea. K vra\u017ed\u011b se vyj\u00e1d\u0159ily i Spojen\u00e9 st\u00e1ty.<\/span><\/p>\n<p><span dir=\"auto\">\u201eDemokracie spo\u010d\u00edv\u00e1 na z\u00e1kladn\u00ed dohod\u011b: m\u016f\u017eete na ve\u0159ejnosti vystoupit s jak\u00fdmkoli n\u00e1zorem a nikdo v\u00e1s za to nesm\u00ed zab\u00edt. Proto se k politick\u00e9mu n\u00e1sil\u00ed \u2013 terorismu \u2013 stav\u00edme tak tvrd\u011b. Jakmile se rozhodnete zab\u00edjet lidi za jejich n\u00e1zory, m\u00edsto abyste je p\u0159esv\u011bd\u010dovali, vylou\u010dili jste se z civilizace,\u201c napsala n\u00e1m\u011bstkyn\u011b ministra zahrani\u010d\u00ed Sarah B. Rogersov\u00e1.<\/span><\/p>\n<div class=\"twitter-tweet twitter-tweet-rendered\"><iframe id=\"twitter-widget-2\" class=\"\" title=\"X P\u0159\u00edsp\u011bvek\" src=\"https:\/\/platform.twitter.com\/embed\/Tweet.html?creatorScreenName=RMXnews&amp;dnt=false&amp;embedId=twitter-widget-2&amp;features=eyJ0ZndfdGltZWxpbmVfbGlzdCI6eyJidWNrZXQiOltdLCJ2ZXJzaW9uIjpudWxsfSwidGZ3X2ZvbGxvd2VyX2NvdW50X3N1bnNldCI6eyJidWNrZXQiOnRydWUsInZlcnNpb24iOm51bGx9LCJ0ZndfdHdlZXRfZWRpdF9iYWNrZW5kIjp7ImJ1Y2tldCI6Im9uIiwidmVyc2lvbiI6bnVsbH0sInRmd19yZWZzcmNfc2Vzc2lvbiI6eyJidWNrZXQiOiJvbiIsInZlcnNpb24iOm51bGx9LCJ0ZndfZm9zbnJfc29mdF9pbnRlcnZlbnRpb25zX2VuYWJsZWQiOnsiYnVja2V0Ijoib24iLCJ2ZXJzaW9uIjpudWxsfSwidGZ3X21peGVkX21lZGlhXzE1ODk3Ijp7ImJ1Y2tldCI6InRyZWF0bWVudCIsInZlcnNpb24iOm51bGx9LCJ0ZndfZXhwZXJpbWVudHNfY29va2llX2V4cGlyYXRpb24iOnsiYnVja2V0IjoxMjA5NjAwLCJ2ZXJzaW9uIjpudWxsfSwidGZ3X3Nob3dfYmlyZHdhdGNoX3Bpdm90c19lbmFibGVkIjp7ImJ1Y2tldCI6Im9uIiwidmVyc2lvbiI6bnVsbH0sInRmd19kdXBsaWNhdGVfc2NyaWJlc190b19zZXR0aW5ncyI6eyJidWNrZXQiOiJvbiIsInZlcnNpb24iOm51bGx9LCJ0ZndfdXNlX3Byb2ZpbGVfaW1hZ2Vfc2hhcGVfZW5hYmxlZCI6eyJidWNrZXQiOiJvbiIsInZlcnNpb24iOm51bGx9LCJ0ZndfdmlkZW9faGxzX2R5bmFtaWNfbWFuaWZlc3RzXzE1MDgyIjp7ImJ1Y2tldCI6InRydWVfYml0cmF0ZSIsInZlcnNpb24iOm51bGx9LCJ0ZndfbGVnYWN5X3RpbWVsaW5lX3N1bnNldCI6eyJidWNrZXQiOnRydWUsInZlcnNpb24iOm51bGx9LCJ0ZndfdHdlZXRfZWRpdF9mcm9udGVuZCI6eyJidWNrZXQiOiJvbiIsInZlcnNpb24iOm51bGx9fQ%3D%3D&amp;frame=false&amp;hideCard=false&amp;hideThread=false&amp;id=2024775883207123378&amp;lang=cs&amp;origin=https%3A%2F%2Frmx.news%2Farticle%2Fkilling-of-quentin-deranque-political-firewall-against-the-left-forming-in-france-after-numerous-far-left-extremists-are-indicted-for-murder%2F&amp;sessionId=17af1b8cf987943a9ae24f1a23b916a96f69ed2d&amp;theme=light&amp;widgetsVersion=2615f7e52b7e0%3A1702314776716&amp;width=550px\" frameborder=\"0\" scrolling=\"no\" allowfullscreen=\"allowfullscreen\" data-tweet-id=\"2024775883207123378\" data-mce-fragment=\"1\"><\/iframe><\/div>\n<div>\n<em><strong>\u00davodn\u00ed fotografie:<\/strong> Jacques-\u00c9lie Favrot, parlamentn\u00ed asistent poslance krajn\u011b levicov\u00e9 La France Insoumise (LFI) Rapha\u00ebla Arnaulta, je ve vy\u0161et\u0159ovac\u00ed vazb\u011b.<\/em><\/p>\n<p><img decoding=\"async\" loading=\"lazy\" class=\"alignnone size-full wp-image-1185\" src=\"http:\/\/www.infokuryr.cz\/n\/wp-content\/uploads\/2021\/04\/kuryr-podpis.png\" alt=\"\" width=\"84\" height=\"24\" \/><\/p>\n<\/div>\n<\/div>\n<\/div>\n","protected":false},"excerpt":{"rendered":"<p>\u201eKrajn\u00ed levice zab\u00edjela,\u201c \u0159ekl Jordan Bardella, v\u016fdce N\u00e1rodn\u00edho shrom\u00e1\u017ed\u011bn\u00ed, v reakci na roli \u010dlen\u016f LFI&#8230;<\/p>\n","protected":false},"author":2,"featured_media":100169,"comment_status":"closed","ping_status":"closed","sticky":false,"template":"","format":"standard","meta":[],"categories":[7],"tags":[70,130,1312,239],"_links":{"self":[{"href":"https:\/\/www.infokuryr.cz\/n\/wp-json\/wp\/v2\/posts\/100168"}],"collection":[{"href":"https:\/\/www.infokuryr.cz\/n\/wp-json\/wp\/v2\/posts"}],"about":[{"href":"https:\/\/www.infokuryr.cz\/n\/wp-json\/wp\/v2\/types\/post"}],"author":[{"embeddable":true,"href":"https:\/\/www.infokuryr.cz\/n\/wp-json\/wp\/v2\/users\/2"}],"replies":[{"embeddable":true,"href":"https:\/\/www.infokuryr.cz\/n\/wp-json\/wp\/v2\/comments?post=100168"}],"version-history":[{"count":0,"href":"https:\/\/www.infokuryr.cz\/n\/wp-json\/wp\/v2\/posts\/100168\/revisions"}],"wp:featuredmedia":[{"embeddable":true,"href":"https:\/\/www.infokuryr.cz\/n\/wp-json\/wp\/v2\/media\/100169"}],"wp:attachment":[{"href":"https:\/\/www.infokuryr.cz\/n\/wp-json\/wp\/v2\/media?parent=100168"}],"wp:term":[{"taxonomy":"category","embeddable":true,"href":"https:\/\/www.infokuryr.cz\/n\/wp-json\/wp\/v2\/categories?post=100168"},{"taxonomy":"post_tag","embeddable":true,"href":"https:\/\/www.infokuryr.cz\/n\/wp-json\/wp\/v2\/tags?post=100168"}],"curies":[{"name":"wp","href":"https:\/\/api.w.org\/{rel}","templated":true}]}}