{"id":100130,"date":"2026-02-22T00:22:23","date_gmt":"2026-02-21T23:22:23","guid":{"rendered":"https:\/\/www.infokuryr.cz\/n\/?p=100130"},"modified":"2026-02-21T09:00:18","modified_gmt":"2026-02-21T08:00:18","slug":"trump-narizuje-uplne-zverejneni-vsech-souboru-o-mimozemstanech-vyjde-nyni-najevo-cela-pravda","status":"publish","type":"post","link":"https:\/\/www.infokuryr.cz\/n\/2026\/02\/22\/trump-narizuje-uplne-zverejneni-vsech-souboru-o-mimozemstanech-vyjde-nyni-najevo-cela-pravda\/","title":{"rendered":"Trump na\u0159izuje \u00fapln\u00e9 zve\u0159ejn\u011bn\u00ed v\u0161ech soubor\u016f o mimozem\u0161\u0165anech \u2013 Vyjde nyn\u00ed najevo cel\u00e1 pravda?"},"content":{"rendered":"<div id=\"fb-root\"><\/div>\n<p><strong><span dir=\"auto\">Na tuto zpr\u00e1vu \u010dekal cel\u00fd sv\u011bt. Americk\u00fd prezident Donald Trump to zjevn\u011b mysl\u00ed v\u00e1\u017en\u011b. Historicky \u0161okuj\u00edc\u00edm ozn\u00e1men\u00edm na\u0159\u00eddil zve\u0159ejn\u011bn\u00ed v\u0161ech vl\u00e1dn\u00edch dokument\u016f t\u00fdkaj\u00edc\u00edch se UFO a mimozemsk\u00e9ho \u017eivota. Konec utajov\u00e1n\u00ed!<\/span><\/strong><\/p>\n<p><span dir=\"auto\">Zat\u00edmco mainstreamov\u00e1 m\u00e9dia a politick\u00e9 elity toto t\u00e9ma l\u00e9ta odm\u00edtaly jako nesmysl, Trump nyn\u00ed podnik\u00e1 kroky.\u00a0<\/span><a href=\"https:\/\/truthsocial.com\/@realDonaldTrump\/116100300268316472\"><span dir=\"auto\">Na sv\u00e9 platform\u011b soci\u00e1ln\u00edch m\u00e9di\u00ed Truth Social<\/span><\/a><span dir=\"auto\"> zve\u0159ejnil \u0161okuj\u00edc\u00ed zpr\u00e1vu: \u201eVzhledem k obrovsk\u00e9mu z\u00e1jmu na\u0159\u00edd\u00edm ministrovi obrany a dal\u0161\u00edm p\u0159\u00edslu\u0161n\u00fdm ministerstv\u016fm a agentur\u00e1m, aby zah\u00e1jily proces identifikace a zve\u0159ej\u0148ov\u00e1n\u00ed vl\u00e1dn\u00edch z\u00e1znam\u016f t\u00fdkaj\u00edc\u00edch se mimozemsk\u00e9ho \u017eivota, neidentifikovan\u00fdch leteck\u00fdch jev\u016f (UAP) a neidentifikovan\u00fdch l\u00e9taj\u00edc\u00edch objekt\u016f (UFO)!\u201c Trump sv\u00e9 prohl\u00e1\u0161en\u00ed zakon\u010dil slovy: \u201eB\u016eH \u017dEHNEJ AMERICE!\u201c<\/span><\/p>\n<figure class=\"wp-block-embed is-type-rich is-provider-twitter wp-block-embed-twitter\">\n<div class=\"wp-block-embed__wrapper\">\n<div class=\"twitter-tweet twitter-tweet-rendered\"><iframe id=\"twitter-widget-0\" class=\"\" title=\"X P\u0159\u00edsp\u011bvek\" src=\"https:\/\/platform.twitter.com\/embed\/Tweet.html?dnt=true&amp;embedId=twitter-widget-0&amp;features=eyJ0ZndfdGltZWxpbmVfbGlzdCI6eyJidWNrZXQiOltdLCJ2ZXJzaW9uIjpudWxsfSwidGZ3X2ZvbGxvd2VyX2NvdW50X3N1bnNldCI6eyJidWNrZXQiOnRydWUsInZlcnNpb24iOm51bGx9LCJ0ZndfdHdlZXRfZWRpdF9iYWNrZW5kIjp7ImJ1Y2tldCI6Im9uIiwidmVyc2lvbiI6bnVsbH0sInRmd19yZWZzcmNfc2Vzc2lvbiI6eyJidWNrZXQiOiJvbiIsInZlcnNpb24iOm51bGx9LCJ0ZndfZm9zbnJfc29mdF9pbnRlcnZlbnRpb25zX2VuYWJsZWQiOnsiYnVja2V0Ijoib24iLCJ2ZXJzaW9uIjpudWxsfSwidGZ3X21peGVkX21lZGlhXzE1ODk3Ijp7ImJ1Y2tldCI6InRyZWF0bWVudCIsInZlcnNpb24iOm51bGx9LCJ0ZndfZXhwZXJpbWVudHNfY29va2llX2V4cGlyYXRpb24iOnsiYnVja2V0IjoxMjA5NjAwLCJ2ZXJzaW9uIjpudWxsfSwidGZ3X3Nob3dfYmlyZHdhdGNoX3Bpdm90c19lbmFibGVkIjp7ImJ1Y2tldCI6Im9uIiwidmVyc2lvbiI6bnVsbH0sInRmd19kdXBsaWNhdGVfc2NyaWJlc190b19zZXR0aW5ncyI6eyJidWNrZXQiOiJvbiIsInZlcnNpb24iOm51bGx9LCJ0ZndfdXNlX3Byb2ZpbGVfaW1hZ2Vfc2hhcGVfZW5hYmxlZCI6eyJidWNrZXQiOiJvbiIsInZlcnNpb24iOm51bGx9LCJ0ZndfdmlkZW9faGxzX2R5bmFtaWNfbWFuaWZlc3RzXzE1MDgyIjp7ImJ1Y2tldCI6InRydWVfYml0cmF0ZSIsInZlcnNpb24iOm51bGx9LCJ0ZndfbGVnYWN5X3RpbWVsaW5lX3N1bnNldCI6eyJidWNrZXQiOnRydWUsInZlcnNpb24iOm51bGx9LCJ0ZndfdHdlZXRfZWRpdF9mcm9udGVuZCI6eyJidWNrZXQiOiJvbiIsInZlcnNpb24iOm51bGx9fQ%3D%3D&amp;frame=false&amp;hideCard=false&amp;hideThread=false&amp;id=2024120974224855148&amp;lang=cs&amp;origin=https%3A%2F%2Freport24.news%2Ftrump-befiehlt-totale-offenlegung-aller-alien-akten-kommt-jetzt-die-ganze-wahrheit-ans-licht%2F&amp;sessionId=af0e00be463c983eabbaba4454f26b38e9c95125&amp;theme=light&amp;widgetsVersion=2615f7e52b7e0%3A1702314776716&amp;width=550px\" frameborder=\"0\" scrolling=\"no\" allowfullscreen=\"allowfullscreen\" data-tweet-id=\"2024120974224855148\" data-mce-fragment=\"1\"><\/iframe><\/div>\n<\/div>\n<\/figure>\n<p><span dir=\"auto\">To, \u017ee Trump v\u00ed v\u00edc, ne\u017e ve\u0159ejn\u011b p\u0159iznal, u\u017e uniklo z jeho rodiny. Lara Trumpov\u00e1, snacha prezidenta, ned\u00e1vno v podcastu prozradila, co se d\u011bje. Na ot\u00e1zku, zda se Trump chyst\u00e1 u\u010dinit n\u011bjak\u00e9 z\u00e1sadn\u00ed odhalen\u00ed, p\u0159iznala: \u201eMysl\u00edm, \u017ee m\u016fj tch\u00e1n vlastn\u011b \u0159ekl, \u017ee pronese projev \u2013 asi ve spr\u00e1vn\u00fd \u010das.\u201c Projev, kter\u00fd \u201em\u00e1 co do \u010din\u011bn\u00ed s n\u011bjak\u00fdm druhem mimozemsk\u00e9ho \u017eivota.\u201c<\/span><\/p>\n<p><span dir=\"auto\">B\u00edl\u00fd d\u016fm reagoval na dotazy se svou\u00a0<\/span><a href=\"https:\/\/thehill.com\/homenews\/administration\/5744218-trump-holds-alien-speech\/\"><span dir=\"auto\">obvyklou vyh\u00fdbavost\u00ed<\/span><\/a><span dir=\"auto\"> . Tiskov\u00e1 mluv\u010d\u00ed Karoline Leavittov\u00e1 z\u00e1le\u017eitost zleh\u010dila slovy: \u201eMus\u00edm se koordinovat s na\u0161\u00edm t\u00fdmem pro psan\u00ed projev\u016f.\u201c Vyj\u00e1d\u0159en\u00ed v\u0161ak nebylo vyd\u00e1no. Nicm\u00e9n\u011b se informace t\u00fdkaj\u00edc\u00ed se zve\u0159ejn\u011bn\u00ed \u00fadaj\u016f o\u010dek\u00e1vaj\u00ed brzy.<\/span><\/p>\n<p><span dir=\"auto\">Zat\u00edmco Trump podnik\u00e1 kroky, demokrat\u00e9 v\u00e1haj\u00ed. B\u00fdval\u00fd prezident Barack Obama byl ned\u00e1vno v podcastu dot\u00e1z\u00e1n, zda existuj\u00ed mimozem\u0161\u0165an\u00e9. Jeho odpov\u011b\u010f: jasn\u00e9 ne tajn\u00fdm laborato\u0159\u00edm a Oblasti 51. Jakmile se ale klip stal vir\u00e1ln\u00edm, Obama zpanika\u0159il a\u00a0<\/span><a href=\"https:\/\/www.instagram.com\/reel\/DUy9E_UD9RR\/?utm_source=ig_embed&amp;ig_rid=070fb23c-890b-423f-8530-49f4dbf48678\"><span dir=\"auto\">na Instagramu<\/span><\/a><span dir=\"auto\">\u00a0se od n\u011bj odvolal ! Najednou prohl\u00e1sil: \u201eStatisticky vzato je velk\u00e1 \u0161ance, \u017ee tam venku existuje \u017eivot.\u201c<\/span><\/p>\n<p><span dir=\"auto\">V z\u00e1kulis\u00ed u\u017e dlouho zu\u0159\u00ed v\u00e1lka o pravdu. Vzpome\u0148me si na Davida Grusche: B\u00fdval\u00fd d\u016fstojn\u00edk tajn\u00fdch slu\u017eeb v roce 2023 p\u0159ed Kongresem pod p\u0159\u00edsahou vypov\u00eddal, \u017ee USA vlastnily \u201enelidsk\u00e9 biologick\u00e9 l\u00e1tky\u201c a havarovaly kosmick\u00e9 lod\u011b. Co ud\u011blal Pentagon? V\u0161echno pop\u0159el. Zpr\u00e1va z b\u0159ezna 2024 tvrdila: Nem\u00e1me \u017e\u00e1dn\u00e9 mimozem\u0161\u0165any ani \u017e\u00e1dnou skrytou mimozemskou technologii.<\/span><\/p>\n<p><iframe loading=\"lazy\" title=\"Joe Rogan Experience #2416 - Dan Farah\" width=\"640\" height=\"360\" src=\"https:\/\/www.youtube.com\/embed\/NSFaaq3vhfY?start=1&#038;feature=oembed\" frameborder=\"0\" allow=\"accelerometer; autoplay; clipboard-write; encrypted-media; gyroscope; picture-in-picture; web-share\" referrerpolicy=\"strict-origin-when-cross-origin\" allowfullscreen><\/iframe><\/p>\n<p>Filma\u0159 Dan Farah (\u201eV\u011bk odhalov\u00e1n\u00ed\u201c) to u\u017e o Joe Roganovi p\u0159edpov\u011bd\u011bl: \u201e\u00da\u0159aduj\u00edc\u00ed prezident mus\u00ed p\u0159istoupit k mikrofonu a \u0159\u00edct: \u201aLidstvo nen\u00ed ve vesm\u00edru samo.\u2018\u201c Rogan v\u00fdsti\u017en\u011b odpov\u011bd\u011bl: \u201eMysl\u00edm, \u017ee Trump je jedin\u00fd \u010dlov\u011bk, kter\u00fd je ochoten ud\u011blat n\u011bco tak \u0161\u00edlen\u00e9ho.\u201c Zd\u00e1 se, \u017ee tento okam\u017eik nyn\u00ed nastal. Trump otev\u00edr\u00e1 archivy. Zda jsme p\u0159ipraveni na to, co tam najdeme, je \u00fapln\u011b jin\u00e1 v\u011bc.<\/p>\n<p><img decoding=\"async\" loading=\"lazy\" class=\"alignnone size-full wp-image-1185\" src=\"http:\/\/www.infokuryr.cz\/n\/wp-content\/uploads\/2021\/04\/kuryr-podpis.png\" alt=\"\" width=\"84\" height=\"24\" \/><\/p>\n<p>&nbsp;<\/p>\n","protected":false},"excerpt":{"rendered":"<p>Na tuto zpr\u00e1vu \u010dekal cel\u00fd sv\u011bt. Americk\u00fd prezident Donald Trump to zjevn\u011b mysl\u00ed v\u00e1\u017en\u011b. Historicky&#8230;<\/p>\n","protected":false},"author":2,"featured_media":100131,"comment_status":"closed","ping_status":"closed","sticky":false,"template":"","format":"standard","meta":[],"categories":[7],"tags":[5906,1270,452,725],"_links":{"self":[{"href":"https:\/\/www.infokuryr.cz\/n\/wp-json\/wp\/v2\/posts\/100130"}],"collection":[{"href":"https:\/\/www.infokuryr.cz\/n\/wp-json\/wp\/v2\/posts"}],"about":[{"href":"https:\/\/www.infokuryr.cz\/n\/wp-json\/wp\/v2\/types\/post"}],"author":[{"embeddable":true,"href":"https:\/\/www.infokuryr.cz\/n\/wp-json\/wp\/v2\/users\/2"}],"replies":[{"embeddable":true,"href":"https:\/\/www.infokuryr.cz\/n\/wp-json\/wp\/v2\/comments?post=100130"}],"version-history":[{"count":0,"href":"https:\/\/www.infokuryr.cz\/n\/wp-json\/wp\/v2\/posts\/100130\/revisions"}],"wp:featuredmedia":[{"embeddable":true,"href":"https:\/\/www.infokuryr.cz\/n\/wp-json\/wp\/v2\/media\/100131"}],"wp:attachment":[{"href":"https:\/\/www.infokuryr.cz\/n\/wp-json\/wp\/v2\/media?parent=100130"}],"wp:term":[{"taxonomy":"category","embeddable":true,"href":"https:\/\/www.infokuryr.cz\/n\/wp-json\/wp\/v2\/categories?post=100130"},{"taxonomy":"post_tag","embeddable":true,"href":"https:\/\/www.infokuryr.cz\/n\/wp-json\/wp\/v2\/tags?post=100130"}],"curies":[{"name":"wp","href":"https:\/\/api.w.org\/{rel}","templated":true}]}}