{"id":100128,"date":"2026-02-22T00:21:50","date_gmt":"2026-02-21T23:21:50","guid":{"rendered":"https:\/\/www.infokuryr.cz\/n\/?p=100128"},"modified":"2026-02-21T08:57:29","modified_gmt":"2026-02-21T07:57:29","slug":"pruzkum-stale-vice-nemcu-prozretelne-vidi-klimatickou-hysterii-a-sebevrazdu-kvuli-energeticke-transformaci","status":"publish","type":"post","link":"https:\/\/www.infokuryr.cz\/n\/2026\/02\/22\/pruzkum-stale-vice-nemcu-prozretelne-vidi-klimatickou-hysterii-a-sebevrazdu-kvuli-energeticke-transformaci\/","title":{"rendered":"Pr\u016fzkum: St\u00e1le v\u00edce N\u011bmc\u016f proz\u0159eteln\u011b vid\u00ed klimatickou hysterii a sebevra\u017edu kv\u016fli energetick\u00e9 transformaci"},"content":{"rendered":"<div id=\"fb-root\"><\/div>\n<p><strong><span dir=\"auto\">Zklam\u00e1n\u00ed mezi zast\u00e1nci zelen\u00e9 transformace: Podpora \u201eenergetick\u00e9 transformace\u201c v N\u011bmecku prudce klesla. Vypl\u00fdv\u00e1 to z ned\u00e1vn\u00e9\u00a0<\/span><a href=\"https:\/\/www.bmw-foundation.org\/press\/press-releases\/energy-transition-future-monitor-2026-allensbach-study\"><span dir=\"auto\">studie spole\u010dnosti Allensbach<\/span><\/a><span dir=\"auto\"> . Zat\u00edmco v roce 2012 tento politick\u00fd kurz schvalovalo 73 procent dot\u00e1zan\u00fdch, d\u016fsledky se nyn\u00ed zdaj\u00ed b\u00fdt a\u017e p\u0159\u00edli\u0161 jasn\u00e9: zelenou transformaci st\u00e1le podporuje pouze 43 procent. V\u011bt\u0161ina dot\u00e1zan\u00fdch N\u011bmc\u016f si nav\u00edc nyn\u00ed energetickou transformaci spojuje p\u0159edev\u0161\u00edm s riziky, nikoli s p\u0159\u00edle\u017eitostmi.<\/span><\/strong><\/p>\n<p><span dir=\"auto\">Pr\u016fzkum Allensbachova institutu, do zna\u010dn\u00e9 m\u00edry potla\u010dovan\u00fd mainstreamov\u00fdmi m\u00e9dii, vyvol\u00e1v\u00e1 obavy: St\u00e1le v\u00edce N\u011bmc\u016f prozrazuje klimatickou paniku a klimatick\u00e9 podvody. Vzhledem k v\u00edce ne\u017e 120 000 ztr\u00e1t\u00e1m pracovn\u00edch m\u00edst v n\u011bmeck\u00e9m pr\u016fmyslu jen v lo\u0148sk\u00e9m roce maj\u00ed ob\u010dan\u00e9 jin\u00e9 starosti.<\/span><\/p>\n<p><span dir=\"auto\">\u017d\u00e1dn\u00e9 vys\u00edl\u00e1n\u00ed v \u201eTagesthemen\u201c nebo \u201eheute journal\u201c se neobejde bez paniky ohledn\u011b klimatick\u00fdch zm\u011bn: Levicov\u00fd, zelen\u00fd a probuzen\u00fd politicko-medi\u00e1ln\u00ed komplex po l\u00e9ta vtloukal do pop\u0159ed\u00ed my\u0161lenku, \u017ee \u00fadajn\u011b lidskou \u010dinnost\u00ed zp\u016fsoben\u00e9 glob\u00e1ln\u00ed oteplov\u00e1n\u00ed je nejv\u011bt\u0161\u00ed hrozbou pro planetu. Ka\u017ed\u00fd rok nov\u00e9 \u201epekeln\u00e9 l\u00e9to\u201c, ka\u017ed\u00fd rok nov\u00e1 \u201enejteplej\u0161\u00ed zima v\u016fbec\u201c!<\/span><\/p>\n<p><span dir=\"auto\">Mnohomiliardov\u00fd byznys strachu vzkv\u00e9tal: ni\u010den\u00ed p\u0159\u00edrody a krajiny \u0161\u00edlenstv\u00edm v\u011btrn\u00fdch turb\u00edn a sol\u00e1rn\u00edch farem; obrovsk\u00e9 ztr\u00e1ty pracovn\u00edch m\u00edst v d\u016fsledku postupn\u00e9ho vy\u0159azov\u00e1n\u00ed spalovac\u00edch motor\u016f, dan\u011b z CO\u2082 a deindustrializace \u2013 to v\u0161e ve jm\u00e9nu posv\u00e1tn\u00e9ho klimatick\u00e9ho n\u00e1bo\u017eenstv\u00ed. Ka\u017ed\u00fd, kdo pochyboval o neexistenci alternativ k tomu, co k\u00e1zali nov\u00ed bohov\u00e9 z Fridays for Future, byl pova\u017eov\u00e1n za pop\u00edra\u010de klimatu, kac\u00ed\u0159e, nebezpe\u010d\u00ed pro samotn\u00e9 lidstvo.<\/span><\/p>\n<p><span dir=\"auto\">L\u017ei obklopuj\u00edc\u00ed podvod s klimatick\u00fdmi zm\u011bnami se st\u00e1le v\u00edce hrout\u00ed: Podle pr\u016fzkumu z Allensbachu, kter\u00fd byl bohu\u017eel v shonu karnevalov\u00e9ho obdob\u00ed zcela p\u0159ehl\u00e9dnut, se klimatick\u00fdch zm\u011bn ob\u00e1v\u00e1 pouze t\u0159etina N\u011bmc\u016f. Reprezentativn\u00ed pr\u016fzkum, kter\u00fd si nechala zadat nadace BMW Herbert Quandt, nazna\u010duje radik\u00e1ln\u00ed zm\u011bnu ve\u0159ejn\u00e9ho m\u00edn\u011bn\u00ed: Pouze 33 procent N\u011bmc\u016f se nyn\u00ed velmi ob\u00e1v\u00e1 d\u016fsledk\u016f klimatick\u00fdch zm\u011bn \u2013 ve srovn\u00e1n\u00ed s 51 procenty v roce 2019!<\/span><\/p>\n<h3 id=\"h-zwei-drittel-der-deutschen-wollen-keine-landschaftszerstorung-mehr\" class=\"wp-block-heading\"><span dir=\"auto\">Dv\u011b t\u0159etiny N\u011bmc\u016f si ji\u017e nep\u0159ej\u00ed ni\u010den\u00ed krajiny.<\/span><\/h3>\n<p><span dir=\"auto\">Takzvan\u00e1 energetick\u00e1 transformace tak\u00e9 ztr\u00e1c\u00ed v\u00fdznamnou podporu. Pouze 43 procent nyn\u00ed v\u011b\u0159\u00ed, \u017ee postupn\u00e9 vy\u0159azov\u00e1n\u00ed jadern\u00e9 energie a urychlen\u00ed roz\u0161i\u0159ov\u00e1n\u00ed \u201eobnoviteln\u00fdch\u201c zdroj\u016f energie je spr\u00e1vn\u00fdm p\u0159\u00edstupem \u2013 pozoruhodn\u00fdch 37 procent nyn\u00ed pova\u017euje tuto zav\u00e1d\u011bj\u00edc\u00ed cestu za \u0161patnou a vid\u00ed v energetick\u00e9 transformaci v\u00edce rizik ne\u017e p\u0159\u00edle\u017eitost\u00ed. Dv\u011b t\u0159etiny o\u010dek\u00e1vaj\u00ed masivn\u00ed naru\u0161en\u00ed krajiny v d\u016fsledku v\u011btrn\u00fdch turb\u00edn a mohutn\u00e9ho elektrick\u00e9ho veden\u00ed.<\/span><\/p>\n<p><span dir=\"auto\">St\u0159\u00edzliv\u00fd pr\u016fzkum odhaluje, \u017ee ml\u010d\u00edc\u00ed v\u011bt\u0161ina m\u00e1 dost stra\u0161en\u00ed a paternalismu, ideologicky fantastick\u00fdch c\u00edl\u016f 1,5 stupn\u011b. St\u00e1le v\u00edce N\u011bmc\u016f chce cenov\u011b dostupnou energii, jist\u00e1 pracovn\u00ed m\u00edsta a politiku zam\u011b\u0159enou na pot\u0159eby lid\u00ed \u2013 m\u00edsto ideologicky poh\u00e1n\u011bn\u00e9 klimatick\u00e9 hysterie. St\u00e1le v\u00edce N\u011bmc\u016f si uv\u011bdomuje, \u017ee se v\u016fbec nejedn\u00e1 o \u201eklima\u201c \u2013 jde pouze o levicovou, zelenou kontrolu, model politick\u00e9ho p\u0159e\u017eit\u00ed klimatick\u00e9 elity a multimiliardov\u00fd byznys strachu!<\/span><\/p>\n<p><span dir=\"auto\">St\u0159\u00edzliv\u00fd z\u00e1v\u011br pr\u016fzkumn\u00edk\u016f z Allensbachu: \u201eV politick\u00e9 agend\u011b obyvatelstva maj\u00ed ot\u00e1zky vn\u011bj\u0161\u00ed a vnit\u0159n\u00ed bezpe\u010dnosti, hospod\u00e1\u0159sk\u00e9ho rozvoje a tak\u00e9 ot\u00e1zky dod\u00e1vek energie v sou\u010dasnosti v\u00fdrazn\u011b vy\u0161\u0161\u00ed prioritu ne\u017e ot\u00e1zka ochrany klimatu.\u201c<\/span><\/p>\n<p><em><span dir=\"auto\">\u010cl\u00e1nek se poprv\u00e9 objevil v den\u00edku <\/span><a href=\"https:\/\/deutschlandkurier.de\/2026\/02\/allensbach-umfrage-energiewende-irrsinn-verliert-rasant-an-rueckhalt-in-der-bevoelkerung\/\"><span dir=\"auto\">Deutschlandkurier<\/span><\/a><span dir=\"auto\">\u00a0<\/span><\/em><\/p>\n<p>&nbsp;<\/p>\n","protected":false},"excerpt":{"rendered":"<p>Zklam\u00e1n\u00ed mezi zast\u00e1nci zelen\u00e9 transformace: Podpora \u201eenergetick\u00e9 transformace\u201c v N\u011bmecku prudce klesla. Vypl\u00fdv\u00e1 to z&#8230;<\/p>\n","protected":false},"author":2,"featured_media":100129,"comment_status":"closed","ping_status":"closed","sticky":false,"template":"","format":"standard","meta":[],"categories":[7],"tags":[3606,873,429,620],"_links":{"self":[{"href":"https:\/\/www.infokuryr.cz\/n\/wp-json\/wp\/v2\/posts\/100128"}],"collection":[{"href":"https:\/\/www.infokuryr.cz\/n\/wp-json\/wp\/v2\/posts"}],"about":[{"href":"https:\/\/www.infokuryr.cz\/n\/wp-json\/wp\/v2\/types\/post"}],"author":[{"embeddable":true,"href":"https:\/\/www.infokuryr.cz\/n\/wp-json\/wp\/v2\/users\/2"}],"replies":[{"embeddable":true,"href":"https:\/\/www.infokuryr.cz\/n\/wp-json\/wp\/v2\/comments?post=100128"}],"version-history":[{"count":0,"href":"https:\/\/www.infokuryr.cz\/n\/wp-json\/wp\/v2\/posts\/100128\/revisions"}],"wp:featuredmedia":[{"embeddable":true,"href":"https:\/\/www.infokuryr.cz\/n\/wp-json\/wp\/v2\/media\/100129"}],"wp:attachment":[{"href":"https:\/\/www.infokuryr.cz\/n\/wp-json\/wp\/v2\/media?parent=100128"}],"wp:term":[{"taxonomy":"category","embeddable":true,"href":"https:\/\/www.infokuryr.cz\/n\/wp-json\/wp\/v2\/categories?post=100128"},{"taxonomy":"post_tag","embeddable":true,"href":"https:\/\/www.infokuryr.cz\/n\/wp-json\/wp\/v2\/tags?post=100128"}],"curies":[{"name":"wp","href":"https:\/\/api.w.org\/{rel}","templated":true}]}}