{"id":100116,"date":"2026-02-22T00:12:40","date_gmt":"2026-02-21T23:12:40","guid":{"rendered":"https:\/\/www.infokuryr.cz\/n\/?p=100116"},"modified":"2026-02-21T10:18:58","modified_gmt":"2026-02-21T09:18:58","slug":"peter-haisenko-propaganda-proti-rusku-se-chyli-k-absurdite","status":"publish","type":"post","link":"https:\/\/www.infokuryr.cz\/n\/2026\/02\/22\/peter-haisenko-propaganda-proti-rusku-se-chyli-k-absurdite\/","title":{"rendered":"Peter Haisenko: Propaganda proti Rusku se ch\u00fdl\u00ed k absurdit\u011b"},"content":{"rendered":"<div id=\"fb-root\"><\/div>\n<p class=\"bodytext\"><strong><span dir=\"auto\">Pokud n\u011b\u010deho dos\u00e1hla Mnichovsk\u00e1 bezpe\u010dnostn\u00ed konference (SIKO), pak to bylo pozn\u00e1n\u00ed, \u017ee propaganda proti Rusku pokra\u010duje a \u017ee imp\u00e9rium l\u017e\u00ed si d\u011bl\u00e1 \u010dest. Nejde jen o absurdn\u00ed \u010d\u00edsla.<\/span><\/strong><\/p>\n<p class=\"bodytext\"><span dir=\"auto\">Den po skon\u010den\u00ed t\u00e9to konference byl \u201erusk\u00fd opozi\u010dn\u00ed v\u016fdce\u201c Navaln\u00fd zp\u011bt vyta\u017een na p\u00f3dium. \u0158\u00edk\u00e1 se, \u017ee byl zabit jedem z jedovat\u00e9 \u017eabky. S\u00e1m Putin, nebo n\u011bco takov\u00e9ho. Nicm\u00e9n\u011b to bylo ur\u010deno. Dva roky po jeho smrti. Dva roky? To se o z\u00e1padn\u00edch laborato\u0159\u00edch moc dob\u0159e nemluv\u00ed. Opravdu pot\u0159ebuj\u00ed na tuto anal\u00fdzu dva roky? A jak k n\u00ed v\u016fbec do\u0161lo? Navaln\u00fd je poh\u0159ben v Rusku. V\u011b\u0159\u00ed n\u011bkdo, \u017ee by Moskva exhumovala t\u011blo a poslala vzorky tk\u00e1n\u011b do Berl\u00edna? Aby pak mohli naj\u00edt jed ze zv\u00ed\u0159ete, kter\u00e9 v Rusku ani neexistuje? Ano, Navaln\u00e9ho vdov\u011b se tak\u00e9 znovu dovolilo z\u00fa\u010dastnit akce v Mnichov\u011b. A Anglie to tvrd\u00ed tak\u00e9. Tak\u017ee to mus\u00ed b\u00fdt pravda.<\/span><\/p>\n<p class=\"bodytext\"><span dir=\"auto\">Stejn\u011b jako v\u0161echno, co poch\u00e1z\u00ed od lond\u00fdnsk\u00e9 MI6 nebo od samotn\u00e9ho Zelensk\u00e9ho, je \u010dir\u00e1 pravda. Pokud se pod\u00edv\u00e1te na jejich \u010d\u00edsla o po\u010dtu padl\u00fdch voj\u00e1k\u016f, rusk\u00e1 arm\u00e1da u\u017e prakticky neexistuje a b\u011bhem n\u011bkolika dn\u00ed Rusko kapituluje p\u0159ed Kyjevem. Tak\u017ee jen tak d\u00e1l a podporujte Kyjev! Zachra\u0148ujeme \u017eivoty! Je v\u0161ak t\u011b\u017ek\u00e9 sladit tuto propagandu se zpr\u00e1vami zve\u0159ej\u0148ovan\u00fdmi samotn\u00fdm Z\u00e1padem. Vezm\u011bte si nap\u0159\u00edklad v\u00fdm\u011bnu padl\u00fdch voj\u00e1k\u016f. Nejnov\u011bj\u0161\u00ed zpr\u00e1vy uv\u00e1d\u011bj\u00ed: Rusko dost\u00e1v\u00e1 zp\u011bt asi 30 t\u011bl a Kyjev 1 000. Tento v\u00fdrazn\u00fd rozpor lze pon\u011bkud uv\u00e9st do perspektivy. Ru\u0161t\u00ed voj\u00e1ci nenech\u00e1vaj\u00ed sv\u00e9 padl\u00e9 spolubojovn\u00edky jen tak le\u017eet v hl\u00edn\u011b. Tak\u00e9 zotavuj\u00ed a o\u0161et\u0159uj\u00ed sv\u00e9 zran\u011bn\u00e9. Rusov\u00e9 d\u011blaj\u00ed tot\u00e9\u017e pro zran\u011bn\u00e9 kyjevsk\u00e9 voj\u00e1ky, kter\u00e9 jejich spolubojovn\u00edci nechaj\u00ed zem\u0159\u00edt. Pom\u011br je podobn\u00fd i u v\u00fdm\u011bn zajatc\u016f.<\/span><\/p>\n<h3 class=\"bodytext\"><strong><span dir=\"auto\">Na poh\u0159e\u0161ovan\u00e9 osoby nejsou pen\u00edze<\/span><\/strong><\/h3>\n<p class=\"bodytext\"><span dir=\"auto\">Zelenskyj tvrd\u00ed, \u017ee padlo 55 000 kyjevsk\u00fdch voj\u00e1k\u016f. To je d\u011bsiv\u00e9 \u010d\u00edslo, ale nere\u00e1ln\u00e9. Pro\u010d Zelenskyj tak bezosty\u0161n\u011b l\u017ee? Odpov\u011b\u010f je nelidsk\u00e1. Re\u017eim vypl\u00e1c\u00ed od\u0161kodn\u011bn\u00ed poz\u016fstal\u00fdm rodin\u00e1m pouze tehdy, pokud smrt voj\u00e1k\u016f ofici\u00e1ln\u011b potvrd\u00ed s\u00e1m Kyjev. Dokud jsou vedeni jako poh\u0159e\u0161ovan\u00ed, nic se nevypl\u00e1c\u00ed. Kyjev tak podv\u00e1d\u00ed p\u0159\u00edbuzn\u00e9 padl\u00fdch, pokud jde o jejich od\u0161kodn\u011bn\u00ed. P\u0159ekvapuje je\u0161t\u011b n\u011bkoho, \u017ee nov\u00ed rekruti mus\u00ed b\u00fdt zajati n\u00e1sil\u00edm? Kdy\u017e tito minim\u00e1ln\u011b vycvi\u010den\u00ed rekruti mus\u00ed o\u010dek\u00e1vat, \u017ee pokud budou zran\u011bni, prost\u011b tam z\u016fstanou le\u017eet, a pokud zem\u0159ou, jejich rodin\u00e1m se nic nevyplat\u00ed? Ano, takhle se vytv\u00e1\u0159\u00ed vysoce motivovan\u00e1 arm\u00e1da.<\/span><\/p>\n<p class=\"bodytext\"><span dir=\"auto\">Ale zp\u011bt k Mnichovsk\u00e9 bezpe\u010dnostn\u00ed konferenci (MSC). Nejvy\u0161\u0161\u00ed n\u011bme\u010dt\u00ed a brit\u0161t\u00ed vojen\u0161t\u00ed p\u0159edstavitel\u00e9 vyz\u00fdvaj\u00ed Evropu, aby se p\u0159ipravila na mo\u017en\u00fd rusk\u00fd \u00fatok. Moskva st\u00e1le v\u00edce orientuje svou arm\u00e1du na z\u00e1pad, varuj\u00ed d\u016fstojn\u00edk n\u011bmeck\u00e9 arm\u00e1dy Carsten Breuer a n\u00e1\u010deln\u00edk gener\u00e1ln\u00edho \u0161t\u00e1bu britsk\u00e9 arm\u00e1dy Richard Knighton a dod\u00e1vaj\u00ed, \u017ee Rusko se p\u0159ezbrojuje do takov\u00e9 m\u00edry, \u201e\u017ee by se mohlo zv\u00fd\u0161it riziko konfliktu se st\u00e1ty NATO\u201c. Aha! A co expanze NATO na v\u00fdchod? Vyhl\u00eddka na p\u0159ijet\u00ed Ukrajiny do NATO? Tak\u017ee se Rusko nemuselo \u00fatoku NATO b\u00e1t? Ale to je \u00fapln\u011b jin\u00e9! My jsme ti dob\u0159\u00ed a nikdy bychom nic takov\u00e9ho neud\u011blali. Pod\u00edvejte se na Libyi, Ir\u00e1k, \u00cdr\u00e1n, S\u00fdrii nebo Afgh\u00e1nist\u00e1n a tak d\u00e1le.<\/span><\/p>\n<h3 class=\"bodytext\"><strong><span dir=\"auto\">Ukrajina tuto v\u00e1lku vyhr\u00e1v\u00e1<\/span><\/strong><\/h3>\n<p class=\"bodytext\"><span dir=\"auto\">Alespo\u0148 to nazna\u010duj\u00ed zpr\u00e1vy z\u00e1padn\u00edch m\u00e9di\u00ed, kter\u00e9 tvrd\u00ed, \u017ee ukrajinsk\u00e1 arm\u00e1da rychle z\u00edskala \u00fazem\u00ed. Jen za posledn\u00ed t\u00fdden uv\u00e1d\u011bj\u00ed 200 kilometr\u016f \u010dtvere\u010dn\u00edch. Alespo\u0148 to tvrd\u00ed CIA a MI6 a to mus\u00ed b\u00fdt jist\u011b naprost\u00e1 pravda. Jak se to Kyjevu poda\u0159ilo se v\u0161emi logistick\u00fdmi probl\u00e9my a \u0161patn\u011b vybaven\u00fdmi jednotkami, z\u016fst\u00e1v\u00e1 jejich tajemstv\u00edm. Ale ka\u017ed\u00fd v\u00ed, \u017ee Rusko je na pokraji kolapsu. Pozn\u00e1te to i z toho, \u017ee samotn\u00e9 Rusko hl\u00e1s\u00ed jen velmi m\u00e1lo sest\u0159el\u016f tank\u016f Kyjeva. Skute\u010dn\u00e9 vysv\u011btlen\u00ed je jin\u00e9. Kyjev u\u017e t\u00e9m\u011b\u0159 \u017e\u00e1dn\u00e9 tanky nem\u00e1. Jeho sov\u011btsk\u00e9 z\u00e1soby jsou vy\u010derp\u00e1ny a v\u011bt\u0161inu jeho tank\u016f Leopard a Abrams zni\u010dila rusk\u00e1 arm\u00e1da.<\/span><\/p>\n<p class=\"bodytext\"><span dir=\"auto\">Dokonce ani tolik ob\u00e1van\u00e9 americk\u00e9 F-16 nejsou v bl\u00edzkosti fronty k vid\u011bn\u00ed. V\u00fdcvik ukrajinsk\u00fdch pilot\u016f je pozastaven, co\u017e by nem\u011blo p\u0159ekvapit \u017e\u00e1dn\u00e9ho odborn\u00edka. Pro\u010d to tak vypad\u00e1? Zde vysv\u011btluji:<\/span><br \/>\n<a href=\"https:\/\/www.anderweltonline.com\/klartext\/klartext-20231\/nato-kampfjets-fuer-die-ukraine-georgien-laesst-gruessen\/\" target=\"_blank\" rel=\"noopener\"><span dir=\"auto\">https:\/\/www.anderweltonline.com\/klartext\/klartext-20231\/nato-kampfjets-fuer-die-ukraine-georgien-laesst-gruessen\/<\/span><\/a><br \/>\n<span dir=\"auto\">A tak by zpr\u00e1va, \u017ee ukrajinsk\u00e9 F-16 jsou tak\u00e9, nebo dokonce p\u0159ev\u00e1\u017en\u011b, pilotov\u00e1ny piloty z Nizozemska a USA, nem\u011bla nikoho p\u0159ekvapit. \u00dadajn\u011b jsou vy\u0159azeni z provozu a l\u00e9taj\u00ed jako soukrom\u00ed ob\u010dan\u00e9. Ale vzpome\u0148me si na v\u00e1lku v Gruzii. Ameri\u010dt\u00ed piloti tehdy tak\u00e9 l\u00e9tali na gruz\u00ednsk\u00fdch F-16 a ty byly sest\u0159eleny rusk\u00fdmi piloty bez jak\u00fdchkoli ztr\u00e1t. F-16 pro Kyjev nejsou ani tak o v\u00edt\u011bzstv\u00ed, jako sp\u00ed\u0161e o levn\u00e9m zp\u016fsobu, jak se zbavit t\u011bchto star\u00fdch model\u016f, kter\u00e9 dos\u00e1hly konce sv\u00e9 \u017eivotnosti. Velk\u00e1 \u010d\u00e1st z nich slou\u017e\u00ed jako sklady n\u00e1hradn\u00edch d\u00edl\u016f pro Kyjev. Jsou k ni\u010demu, proto\u017ee se neodva\u017euj\u00ed p\u0159ibl\u00ed\u017eit k frontov\u00e9 linii. Stejn\u011b jako USA na\u0159\u00eddily Kyjevu, aby nepos\u00edlal tanky Abrams na frontu, proto\u017ee je Rusov\u00e9 hromadn\u011b ni\u010d\u00ed. Tato skute\u010dnost by zni\u010dila pov\u011bst americk\u00fdch tank\u016f a samoz\u0159ejm\u011b i F-16.<\/span><\/p>\n<h3 class=\"bodytext\"><strong><span dir=\"auto\">Paradox<\/span><\/strong><\/h3>\n<p class=\"bodytext\"><span dir=\"auto\">Tak\u017ee \u0159\u00edkaj\u00ed, \u017ee Kyjev je na pokraji por\u00e1\u017eky rusk\u00e9 arm\u00e1dy. Jak se to shoduje s p\u0159edpov\u011bd\u00ed, \u017ee Rusko m\u00e1 v \u00famyslu za\u00fato\u010dit na NATO, kdy\u017e u\u017e bylo Kyjevem pora\u017eeno? \u010clov\u011bk by se m\u011bl skute\u010dn\u011b zamyslet nad t\u00edm, zda Rusko v\u00e1lku prohraje, nebo zda je schopno za\u00fato\u010dit na NATO. V ka\u017ed\u00e9m p\u0159\u00edpad\u011b je Rusko a jeho ekonomika na pokraji kolapsu. Pro\u010d se tedy Z\u00e1pad znovuzbrojuje? Nebo NATO pl\u00e1nuje \u00fatok na Rusko?<\/span><\/p>\n<p class=\"bodytext\"><span dir=\"auto\">Vzhledem k sank\u010dn\u00edmu re\u017eimu proti Rusku Z\u00e1pad ji\u017e Rusku vyhl\u00e1sil v\u00e1lku. Nezapom\u00ednejme: ka\u017ed\u00fd sank\u010dn\u00ed re\u017eim si klade za c\u00edl zni\u010dit ekonomiku nep\u0159\u00edtele a dos\u00e1hnout zm\u011bny vl\u00e1dy. Pamatujte: Japonsko bylo USA ekonomicky natolik zahn\u00e1no do kouta, \u017ee v\u00e1lka proti USA z\u016fstala jeho jedinou mo\u017enost\u00ed. \u00cdr\u00e1n za\u017e\u00edv\u00e1 tot\u00e9\u017e ji\u017e l\u00e9ta, ale chyb\u00ed mu schopnost p\u0159\u00edmo za\u00fato\u010dit na USA. V kone\u010dn\u00e9m d\u016fsledku to plat\u00ed pro v\u0161echny st\u00e1ty, proto\u017ee USA jsou chr\u00e1n\u011bny dv\u011bma oce\u00e1ny na obou stran\u00e1ch. Realisticky vzato by USA sta\u010dila skromn\u00e1 pob\u0159e\u017en\u00ed obrana.<\/span><\/p>\n<h3 class=\"bodytext\"><strong><span dir=\"auto\">Rusko nechce m\u00edr&#8230;<\/span><\/strong><\/h3>\n<p class=\"bodytext\"><span dir=\"auto\">&#8230;\u0159\u00edk\u00e1 kancl\u00e9\u0159 Merz. Rusov\u00e9 a Ukrajinci se setk\u00e1vaj\u00ed v \u017denev\u011b k m\u00edrov\u00fdm rozhovor\u016fm a co d\u011bl\u00e1 Merz? Up\u00edr\u00e1 rusk\u00e9mu diplomatick\u00e9mu letadlu pr\u00e1vo p\u0159elet\u011bt N\u011bmecko. Ru\u0161t\u00ed diplomat\u00e9 museli let\u011bt nad St\u0159edozemn\u00edm mo\u0159em a let, kter\u00fd by norm\u00e1ln\u011b trval asi t\u0159i hodiny, trval osm hodin, ne\u017e dorazili do \u017denevy. To je p\u0159\u00edm\u00e1 sabot\u00e1\u017e m\u00edrov\u00fdch jedn\u00e1n\u00ed. Tak kdo by necht\u011bl m\u00edr? Takov\u00e9 mise obvykle dostanou bezpe\u010dn\u00fd pr\u016fchod.<\/span><\/p>\n<h3 class=\"bodytext\"><strong><span dir=\"auto\">A je\u0161t\u011b jedna v\u011bc k \u00cdr\u00e1nu<\/span><\/strong><\/h3>\n<p class=\"bodytext\"><span dir=\"auto\">I zde se \u010d\u00edsla pou\u017e\u00edvaj\u00ed k propagand\u011b. Uv\u00e1d\u00ed se velk\u00fd po\u010det ob\u011bt\u00ed \u00edr\u00e1nsk\u00e9 vl\u00e1dy, ale neexistuj\u00ed \u017e\u00e1dn\u00e9 by\u0165 jen vzd\u00e1len\u011b spolehliv\u00e9 zdroje, kter\u00e9 by to dolo\u017eily. Je\u0161t\u011b pobu\u0159uj\u00edc\u00ed je tvrzen\u00ed, \u017ee v Teher\u00e1nu na Theresienwiese (Oktoberfestu) v Mnichov\u011b demonstrovalo proti vl\u00e1d\u011b 250 000 lid\u00ed. Obr\u00e1zky v\u0161ak ukazuj\u00ed maxim\u00e1ln\u011b 25 000, pokud v\u016fbec n\u011bco. O dva dny pozd\u011bji je vyd\u00e1na oprava, kter\u00e1 uv\u00e1d\u00ed, \u017ee skute\u010dn\u00fd po\u010det byl podstatn\u011b ni\u017e\u0161\u00ed. Znamen\u00e1 to, \u017ee \u00fadajn\u00fd po\u010det ob\u011bt\u00ed v \u00cdr\u00e1nu mus\u00ed b\u00fdt tak\u00e9 sn\u00ed\u017een desetin\u00e1sobn\u011b? Nebo je\u0161t\u011b v\u00edce?<\/span><\/p>\n<p class=\"bodytext\"><span dir=\"auto\">Imp\u00e9rium l\u017e\u00ed tvrd\u00ed, \u017ee chce m\u00edr, a p\u0159esto Kyjevu dod\u00e1v\u00e1 zbran\u011b. V\u0161echny st\u00e1ty NATO d\u00e1vaj\u00ed Kyjevu pen\u00edze a zbran\u011b. Z\u00e1rove\u0148 vyjad\u0159uj\u00ed pobou\u0159en\u00ed, pokud by jin\u00e9 st\u00e1ty Rusku poskytly jakoukoli podporu. To nen\u00ed t\u0159eba dokazovat, jak je na Z\u00e1pad\u011b v\u016f\u010di Rusku zvykem. Ach, ten dvoj\u00ed metr. Vezm\u011bte si toto: tato v\u00e1lka by nemohla za\u010d\u00edt bez p\u0159evratu na Majdanu a masivn\u00edho vyzbrojov\u00e1n\u00ed Kyjeva m\u00edrumilovn\u00fdm Z\u00e1padem od roku 2014. Nemluv\u011b o klamu, kter\u00e9ho se dopou\u0161t\u011bj\u00ed Merkelov\u00e1, Hollande a Poro\u0161enko s Minsk\u00fdmi dohodami a samotn\u00fdm roz\u0161\u00ed\u0159en\u00edm NATO na v\u00fdchod. Z\u00e1pad cht\u011bl a vytvo\u0159il v\u00e1lku na Ukrajin\u011b a nyn\u00ed d\u011bl\u00e1 v\u0161e pro to, aby zabr\u00e1nil jej\u00edmu ukon\u010den\u00ed. Aby to zakryli, mus\u00ed tuto st\u00e1le absurdn\u011bj\u0161\u00ed propagandu neust\u00e1le tla\u010dit do extr\u00e9mu. Kdy to kone\u010dn\u011b pochop\u00ed i ten posledn\u00ed bl\u00e1zen?\u00a0<\/span><\/p>\n<p><a href=\"https:\/\/www.anderweltonline.com\/klartext\/klartext-20261\/die-propaganda-gegen-russland-gleitet-ab-ins-absurde\/\">Peter Haisenko<\/a><\/p>\n<p>&nbsp;<\/p>\n","protected":false},"excerpt":{"rendered":"<p>Pokud n\u011b\u010deho dos\u00e1hla Mnichovsk\u00e1 bezpe\u010dnostn\u00ed konference (SIKO), pak to bylo pozn\u00e1n\u00ed, \u017ee propaganda proti Rusku&#8230;<\/p>\n","protected":false},"author":2,"featured_media":76825,"comment_status":"closed","ping_status":"closed","sticky":false,"template":"","format":"standard","meta":[],"categories":[7],"tags":[1503,1051,22,365],"_links":{"self":[{"href":"https:\/\/www.infokuryr.cz\/n\/wp-json\/wp\/v2\/posts\/100116"}],"collection":[{"href":"https:\/\/www.infokuryr.cz\/n\/wp-json\/wp\/v2\/posts"}],"about":[{"href":"https:\/\/www.infokuryr.cz\/n\/wp-json\/wp\/v2\/types\/post"}],"author":[{"embeddable":true,"href":"https:\/\/www.infokuryr.cz\/n\/wp-json\/wp\/v2\/users\/2"}],"replies":[{"embeddable":true,"href":"https:\/\/www.infokuryr.cz\/n\/wp-json\/wp\/v2\/comments?post=100116"}],"version-history":[{"count":0,"href":"https:\/\/www.infokuryr.cz\/n\/wp-json\/wp\/v2\/posts\/100116\/revisions"}],"wp:featuredmedia":[{"embeddable":true,"href":"https:\/\/www.infokuryr.cz\/n\/wp-json\/wp\/v2\/media\/76825"}],"wp:attachment":[{"href":"https:\/\/www.infokuryr.cz\/n\/wp-json\/wp\/v2\/media?parent=100116"}],"wp:term":[{"taxonomy":"category","embeddable":true,"href":"https:\/\/www.infokuryr.cz\/n\/wp-json\/wp\/v2\/categories?post=100116"},{"taxonomy":"post_tag","embeddable":true,"href":"https:\/\/www.infokuryr.cz\/n\/wp-json\/wp\/v2\/tags?post=100116"}],"curies":[{"name":"wp","href":"https:\/\/api.w.org\/{rel}","templated":true}]}}