{"id":100114,"date":"2026-02-22T00:12:58","date_gmt":"2026-02-21T23:12:58","guid":{"rendered":"https:\/\/www.infokuryr.cz\/n\/?p=100114"},"modified":"2026-02-21T08:30:17","modified_gmt":"2026-02-21T07:30:17","slug":"epsteinuv-mladsi-bratr","status":"publish","type":"post","link":"https:\/\/www.infokuryr.cz\/n\/2026\/02\/22\/epsteinuv-mladsi-bratr\/","title":{"rendered":"Epstein\u016fv mlad\u0161\u00ed bratr"},"content":{"rendered":"<div id=\"fb-root\"><\/div>\n<h3><span dir=\"auto\">P\u0159\u00edpad Marca Dutrouxe, kter\u00fd m\u011bl b\u00fdt d\u00e1vno uzav\u0159en, vyvol\u00e1v\u00e1 ot\u00e1zku, zda byl Jeffrey Epstein jen jedn\u00edm z mnoha.<\/span><\/h3>\n<header class=\"header-normal\">\n<div class=\"header-content\">\n<div class=\"article-teaser\">\n<p><span dir=\"auto\">Je st\u00e1le obt\u00ed\u017en\u011bj\u0161\u00ed sledovat, kolik konspira\u010dn\u00edch teori\u00ed z posledn\u00edch let a desetilet\u00ed se n\u00e1hle stalo skute\u010dnost\u00ed. Jeden p\u0159\u00edpad, ne zcela nov\u00fd, ale ned\u00e1vno znovu prozkouman\u00fd, je p\u0159\u00edpad americk\u00e9ho investi\u010dn\u00edho bank\u00e9\u0159e Jeffreyho Epsteina. N\u011bkolik let zaji\u0161\u0165oval nezletil\u00e9 sexu\u00e1ln\u00ed partnery pro bohat\u00e9 a mocn\u00e9 jedince, kter\u00e9 pak b\u011bhem jejich setk\u00e1n\u00ed fotografoval, nat\u00e1\u010del a vyd\u00edral. Na sv\u00e9m ostrov\u011b m\u011bl mnoho n\u00e1v\u0161t\u011bvn\u00edk\u016f, kter\u00fdm nab\u00edzel sv\u00e9 slu\u017eby. Nikdo p\u0159esn\u011b nev\u00ed, kolik mocn\u00fdch jedinc\u016f bylo ve skute\u010dnosti vyd\u00edr\u00e1no. Komu slou\u017eil, se zd\u00e1 b\u00fdt nepochybn\u00e9: zpravodajsk\u00e9 agentu\u0159e. Nebo n\u011bkolika? Nejnov\u011bj\u0161\u00ed zve\u0159ejn\u011bn\u00e9 dokumenty v tomto p\u0159\u00edpad\u011b zat\u00edm neumo\u017e\u0148uj\u00ed definitivn\u00ed posouzen\u00ed. Lze v\u0161ak konstatovat, \u017ee jsou do p\u0159\u00edpadu zapojeny z\u00e1padn\u00ed elity \u2013 byly Epsteinov\u00fdmi hosty a nyn\u00ed jsou zna\u010dn\u011b znepokojeny. Britsk\u00e1 vl\u00e1da ochabuje; Keir Starmer up\u0159ednost\u0148oval lidi ve sv\u00e9m okruhu, kte\u0159\u00ed byli zjevn\u011b hluboce zapojeni do Epsteinova skand\u00e1lu. Existence takov\u00fdch s\u00edt\u00ed byla dlouho odm\u00edt\u00e1na jako konspira\u010dn\u00ed teorie \u2013 pak p\u0159i\u0161la Epsteinova af\u00e9ra. Byly vynalo\u017eeny pokusy o potla\u010den\u00ed t\u011bchto v\u00fdmluv a ozna\u010dov\u00e1n\u00ed za politov\u00e1n\u00edhodn\u00e9 ojedin\u011bl\u00e9 incidenty; P\u0159edstava, \u017ee by elity mohly ve velk\u00e9m m\u011b\u0159\u00edtku vyu\u017e\u00edvat takov\u00e9 hanebn\u00e9 slu\u017eby, z\u016fst\u00e1vala tabuizovan\u00fdm tvrzen\u00edm, \u00fadajn\u011b poch\u00e1zej\u00edc\u00edm pouze z pomaten\u00fdch mysl\u00ed. P\u0159esto se v Evrop\u011b odehr\u00e1l do zna\u010dn\u00e9 m\u00edry podobn\u00fd p\u0159\u00edpad, kter\u00fd p\u0159edznamenal Epsteina a dodnes vyvol\u00e1v\u00e1 ot\u00e1zky.<\/span><\/p>\n<\/div>\n<\/div>\n<\/header>\n<div class=\"article\">\n<div class=\"article-content\">\n<h2><span dir=\"auto\">Ve slu\u017eb\u00e1ch st\u00e1tn\u00ed bezpe\u010dnosti: Marc Dutroux<\/span><\/h2>\n<p><span dir=\"auto\">P\u0159\u00edpad Epstein je v sou\u010dasnosti pova\u017eov\u00e1n za unik\u00e1tn\u00ed a p\u0159ekvapen\u00ed, kter\u00e9 ho obklopuje, se zd\u00e1 b\u00fdt nesm\u00edrn\u00e9. Tato bezprecedentn\u00ed situace je fascinuj\u00edc\u00ed i d\u011bsiv\u00e1 z\u00e1rove\u0148. Vyvst\u00e1v\u00e1 nevyhnuteln\u011b jedna ot\u00e1zka: Je p\u0159\u00edpad Epstein v\u016fbec p\u0159\u00edpadem? Nebo byl Jeffrey Epstein jen kole\u010dkem ve v\u011bt\u0161\u00edm stroji, dob\u0159e placen\u00fdm a v\u00edce ne\u017e samolib\u00fdm poskokem v rozs\u00e1hl\u00e9 s\u00edti? Proto\u017ee to, co se nyn\u00ed o n\u011bm a jeho aktivit\u00e1ch dozv\u00edd\u00e1me, kousek po kousku, nakonec nen\u00ed tak unik\u00e1tn\u00ed. V srpnu 1996 byl v belgick\u00e9m Charleroi zat\u010den mu\u017e na z\u00e1klad\u011b d\u016fkaz\u016f, kter\u00e9 ho spojovaly s poh\u0159e\u0161ovan\u00fdmi d\u00edvkami. Jeho jm\u00e9no: Marc Dutroux, 40 let, nezam\u011bstnan\u00fd elektrik\u00e1\u0159. O n\u011bkolik dn\u00ed pozd\u011bji byly v jeho sklep\u011b nalezeny dv\u011b p\u0159e\u017eiv\u0161\u00ed d\u00edvky. \u00dadajn\u011b unesl a dr\u017eel v zajet\u00ed celkem \u0161est d\u00edvek. Bylo jim mezi 8 a 19 lety; \u010dty\u0159i d\u00edvky zem\u0159ely v zajet\u00ed. Dv\u011b d\u00edvky zem\u0159ely hlady a dal\u0161\u00ed dv\u011b mu\u017e zavra\u017edil.<\/span><\/p>\n<p><span dir=\"auto\">Pobou\u0159en\u00ed v Belgii bylo samoz\u0159ejm\u011b obrovsk\u00e9. Zvl\u00e1\u0161t\u011b pot\u00e9, co vy\u0161lo najevo, \u017ee Dutroux sv\u00e9 ob\u011bti sexu\u00e1ln\u011b zneu\u017e\u00edval a tak\u00e9 je zprost\u0159edkov\u00e1val dal\u0161\u00edm dosp\u011bl\u00fdm sexu\u00e1ln\u00edm partner\u016fm. B\u011bhem soudn\u00edho procesu, kter\u00fd za\u010dal teprve v roce 2004 a skon\u010dil po pouh\u00fdch n\u011bkolika m\u011bs\u00edc\u00edch, soud rozhodl, \u017ee Dutroux sv\u00e9 ob\u011bti p\u0159epos\u00edlal nespo\u010dtu mu\u017e\u016f. Jedna z jeho ob\u011bt\u00ed hovo\u0159ila o s\u00edti; soud nemohl \u2013 nebo necht\u011bl \u2013 ur\u010dit, co to obn\u00e1\u0161elo. Dal\u0161\u00ed sv\u011bdkyn\u011b, kter\u00e1 nem\u011bla s Dutrouxem \u017e\u00e1dn\u00e9 p\u0159\u00edm\u00e9 spojen\u00ed, ale v t\u00e9 dob\u011b vypov\u011bd\u011bla, \u017ee byla v ml\u00e1d\u00ed sou\u010d\u00e1st\u00ed s\u00edt\u011b zneu\u017e\u00edv\u00e1n\u00ed, jej\u00ed\u017e slu\u017eby vyu\u017e\u00edvaly i vlivn\u00e9 osobnosti belgick\u00e9 elity, v\u010detn\u011b b\u00fdval\u00e9ho a tehdej\u0161\u00edho premi\u00e9ra, ministra spravedlnosti a pozd\u011bji soudce EU, zp\u016fsobila velk\u00fd rozruch. To vyvolalo ot\u00e1zku, do jak\u00e9 m\u00edry byl Dutroux pouze jednou sou\u010d\u00e1st\u00ed v\u011bt\u0161\u00edho syst\u00e9mu.<\/span><\/p>\n<p><span dir=\"auto\">Soud pozd\u011bji nebyl schopen ur\u010dit, zda Dutroux za sv\u00e9 pedofiln\u00ed slu\u017eby p\u0159ij\u00edmal pen\u00edze. Jak mohl nezam\u011bstnan\u00fd Dutroux vlastnit sedm nemovitost\u00ed, v\u0161ak z\u016fstalo nejasn\u00e9. Stejn\u011b tak z\u016fstalo nejasn\u00e9, pro\u010d m\u011bl deset bankovn\u00edch \u00fa\u010dt\u016f po cel\u00e9 Evrop\u011b, mezi nimi\u017e byly b\u011bhem deseti let p\u0159ev\u00e1d\u011bny velk\u00e9 \u010d\u00e1stky pen\u011bz.<\/span><\/p>\n<p><span dir=\"auto\">Nav\u00edc mu \u00fadajn\u011b byly poskytnuty velk\u00e9 bankovn\u00ed p\u016fj\u010dky. Alespo\u0148 to tvrdil britsk\u00fd autor Simon Dovey v kuri\u00f3zn\u00ed knize z roku 2023 s n\u00e1zvem \u201eOko jest\u0159\u00e1ba\u201c, v n\u00ed\u017e fiktivn\u00ed z\u00e1pletka zahrnuje r\u016fzn\u00e9 nez\u00e1visl\u00e9 v\u00fdzkumn\u00e9 poznatky, o kter\u00fdch Dovey tvrd\u00ed, \u017ee nejsou fikc\u00ed.<\/span><\/p>\n<p><em><span dir=\"auto\">Je v\u0161ak ov\u011b\u0159iteln\u00e9, \u017ee v Dutrouxov\u011b dom\u011b byly nalezeny a zabaveny fotografie a videa zachycuj\u00edc\u00ed t\u0159et\u00ed strany \u00fa\u010dastn\u00edc\u00ed se zneu\u017e\u00edv\u00e1n\u00ed. Toto\u017enost zobrazen\u00fdch osob nebyla ve\u0159ejn\u011b zve\u0159ejn\u011bna. Byly to zn\u00e1m\u00e9 tv\u00e1\u0159e? To z\u016fst\u00e1v\u00e1 spekulac\u00ed.<\/span><\/em><\/p>\n<p><span dir=\"auto\">V roce 2002\u00a0<\/span><a href=\"https:\/\/www.morgenpost.de\/printarchiv\/titelseite\/article102186082\/Kinderpornographie-Stasi-erpresste-Politiker.html\"><span dir=\"auto\">informoval<\/span><\/a><span dir=\"auto\">\u00a0den\u00edk\u00a0<\/span><em><span dir=\"auto\">Berliner Morgenpost<\/span><\/em><span dir=\"auto\">\u00a0, \u017ee Dutroux pravd\u011bpodobn\u011b jednal se zpravodajskou slu\u017ebou: v\u00fdchodon\u011bmeckou St\u00e1tn\u00ed bezpe\u010dnost\u00ed (Stasi). Wanja G\u00f6tz, sty\u010dn\u00fd d\u016fstojn\u00edk mezi b\u00fdvalou sov\u011btskou KGB a Ministerstvem st\u00e1tn\u00ed bezpe\u010dnosti, pod p\u0159\u00edsahou vypov\u011bd\u011bl, \u017ee Stasi vyd\u00edrala vlivn\u00e9 z\u00e1padn\u00ed osobnosti d\u011btskou pornografi\u00ed. Mezi n\u011b pat\u0159ili politici, soudci a pr\u016fmysln\u00edci, \u201ez nich\u017e n\u011bkte\u0159\u00ed st\u00e1le maj\u00ed vliv v z\u00e1padn\u00edch demokraci\u00edch\u201c. Tvrdil, \u017ee to lze ov\u011b\u0159it ve spisech Stasi, kter\u00e9 unikly do CIA, a proto nebyly ve\u0159ejn\u011b p\u0159\u00edstupn\u00e9. B\u00fdval\u00fd koordin\u00e1tor zpravodajsk\u00fdch slu\u017eeb Helmuta Kohla, Bernd Schmidbauer, to z\u0159ejm\u011b potvrdil, kdy\u017e belgick\u00fdm zpravodajsk\u00fdm slu\u017eb\u00e1m v t\u00e9 dob\u011b radil, aby tyto spisy \u201ed\u016fkladn\u011b prozkoumaly\u201c. Bylo to v letech po znovusjednocen\u00ed jen obvykl\u00e9 r\u00fdp\u00e1n\u00ed do v\u00fdchodn\u00edho N\u011bmecka, pokus vykreslit b\u00fdval\u00e9 N\u011bmecko, d\u00e1vno minul\u00e9 historie, op\u011bt jako \u0159\u00ed\u0161i zla? Nakonec i toto z\u016fst\u00e1v\u00e1 dodnes spekulac\u00ed.<\/span><\/p>\n<h2><span dir=\"auto\">Dvoj\u00ed \u017eivot na\u0161ich hodnotov\u00fdch elit<\/span><\/h2>\n<p><span dir=\"auto\">Cel\u00fd p\u0159\u00edpad byl poznamen\u00e1n vy\u0161et\u0159ovac\u00edmi chybami a \u00fa\u0159edn\u00edmi selh\u00e1n\u00edmi. Kuri\u00f3zn\u00ed je tak\u00e9 to, \u017ee Dutroux byl v roce 1992 p\u0159ed\u010dasn\u011b propu\u0161t\u011bn z v\u011bzen\u00ed. Byl uv\u011bzn\u011bn za n\u011bkolik zn\u00e1siln\u011bn\u00ed nezletil\u00fdch d\u00edvek. Za jeho p\u0159ed\u010dasn\u00e9 propu\u0161t\u011bn\u00ed byl zodpov\u011bdn\u00fd ministr spravedlnosti Melchior Wathelet, kter\u00e9ho v\u00fd\u0161e zm\u00edn\u011bn\u00fd sv\u011bdek pozd\u011bji ozna\u010dil za \u201eDutrouxova n\u00e1v\u0161t\u011bvn\u00edka\u201c.<\/span><\/p>\n<p><em><span dir=\"auto\">Kdy\u017e pak Dutroux v roce 1998 b\u011bhem ohled\u00e1n\u00ed m\u00edsta \u010dinu uprchl \u2013 byl dopaden o den pozd\u011bji \u2013 ve\u0159ejnost se zd\u00e1la b\u00fdt utvrzena v p\u0159esv\u011bd\u010den\u00ed, \u017ee v belgick\u00e9m st\u00e1t\u011b je n\u011bco shnil\u00e9ho a \u017ee policie s p\u0159\u00edpadem zach\u00e1z\u00ed p\u0159\u00edli\u0161 shov\u00edvav\u011b.<\/span><\/em><\/p>\n<p><span dir=\"auto\"><a href=\"https:\/\/www.youtube.com\/watch?v=sRfEfN1sPRg\">D\u00e1le zem\u0159elo 27 sv\u011bdk\u016f ,<\/a>\u00a0n\u011bkte\u0159\u00ed za z\u00e1hadn\u00fdch okolnost\u00ed. Toto \u010d\u00edslo poch\u00e1z\u00ed z\u00a0dokumentu\u00a0<\/span><em><span dir=\"auto\">ZDF<\/span><\/em><span dir=\"auto\">\u00a0z roku 2001. V t\u00e9 dob\u011b byla obvin\u011bn\u00ed a zv\u011bsti, \u017ee do p\u0159\u00edpadu byly zapleteny elity a \u017ee existovaly s\u00edt\u011b vyu\u017e\u00edvan\u00e9 bohat\u00fdmi a mocn\u00fdmi, odm\u00edtnuty jako zcela p\u0159ehnan\u00e9 \u2013 ve skute\u010dnosti byly pova\u017eov\u00e1ny za konspira\u010dn\u00ed teorie. Samoz\u0159ejm\u011b, v polovin\u011b 90. let byla ve\u0159ejnost mnohem snaz\u0161\u00ed kontrolovat. Informace se \u0161\u00ed\u0159ily prost\u0159ednictv\u00edm novin a televize, nebo v\u016fbec ne, nebo jen velmi pomalu.<\/span><\/p>\n<p><span dir=\"auto\">Zpravodajsk\u00e9 slu\u017eby tuto praxi pou\u017e\u00edvaly po mnoho let, praxi, kter\u00e1 pravd\u011bpodobn\u011b vznikla v prost\u0159ed\u00ed Cosa Nostry: Dostanete n\u011bkoho, od koho o\u010dek\u00e1v\u00e1te laskavost nebo slu\u017ebu, do kompromituj\u00edc\u00ed situace a pot\u00e9 vstoup\u00edte jako \u201e\u0159e\u0161itel\u201c \u2013 laskavost je pak poskytnuta. Bu\u010f z vd\u011b\u010dnosti, nebo proto, \u017ee v\u00edte, \u017ee v\u00e1s \u201eu\u0161lechtil\u00fd spasitel\u201c m\u00e1 ve sv\u00e9 moci. Zd\u00e1 se, \u017ee sex s nezletil\u00fdmi se objevil v pozd\u011bj\u0161\u00edch letech studen\u00e9 v\u00e1lky a po n\u00ed. Byla to reakce na sexu\u00e1ln\u00ed revoluci? Jak ostudn\u00e9 bylo setk\u00e1n\u00ed tv\u00e1\u0159\u00ed v tv\u00e1\u0159 s plno\u0161t\u00edhlou dosp\u011blou kr\u00e1skou v t\u011bch letech, kdy byla otev\u0159en\u00e1 diskuse o sexualit\u011b pova\u017eov\u00e1na za naprosto p\u0159ijatelnou? Ka\u017ed\u00fd, kdo cht\u011bl n\u011bkoho zahnat do kouta, musel nyn\u00ed pou\u017e\u00edt jinou metodu, aby past zamkl. To mohl b\u00fdt d\u016fvod, pro\u010d se nyn\u00ed organizovaly kompromituj\u00edc\u00ed situace t\u00fdkaj\u00edc\u00ed se nezletil\u00fdch. N\u011bkter\u00e9 politick\u00e9 strany, kter\u00e9 v t\u00e9 dob\u011b vykreslovaly sexualitu s d\u011btmi jako norm\u00e1ln\u00ed, se mohly pr\u00e1v\u011b t\u00edmto zp\u016fsobem prom\u011bnit z idealist\u016f v ochr\u00e1nce transatlantick\u00fdch alianc\u00ed \u2013 ale i to je samoz\u0159ejm\u011b jen spekulace.<\/span><\/p>\n<p><span dir=\"auto\">V dne\u0161n\u00ed dob\u011b by se na v\u0161e, co belgickou ve\u0159ejnost po l\u00e9ta zam\u011bstn\u00e1valo, m\u011blo pohl\u00ed\u017eet jinak. Epsteinovy \u200b\u200bspisy jist\u011b o p\u0159\u00edpadu Dutroux odhaluj\u00ed jen m\u00e1lo nebo v\u016fbec nic. V\u0161echny hlasy, kter\u00e9 se sna\u017eily rostouc\u00ed skepticismus belgick\u00e9ho obyvatelstva v t\u00e9 dob\u011b zavrhnout jako odpor v\u016f\u010di elit\u00e1m nebo jednodu\u0161e jako konspira\u010dn\u00ed teorii, v\u0161ak ji\u017e nezn\u011bj\u00ed objektivn\u011b, zejm\u00e9na nyn\u00ed.<\/span><\/p>\n<p><em><span dir=\"auto\">Nebyl Marc Dutroux snad n\u011bk\u00fdm, kdo plnil stejnou funkci jako Jeffrey Epstein? M\u00e1me co do \u010din\u011bn\u00ed se dv\u011bma kompromisn\u00edmi experty, kte\u0159\u00ed p\u0159ij\u00edmali nespoutan\u00e9 elity z r\u016fzn\u00fdch vrstev spole\u010dnosti a nab\u00edzeli jim posledn\u00ed \u201ezak\u00e1zan\u00e9 ovoce\u201c, kter\u00e9 mohlo b\u00fdt neleg\u00e1ln\u011b nab\u00edzeno pouze na sexu\u00e1ln\u00edm trhu?<\/span><\/em><\/p>\n<p><span dir=\"auto\">Ovoce, kter\u00e9 bylo megalomansky zabaveno, proto\u017ee \u010dlov\u011bk mohl, proto\u017ee se c\u00edtil bezpe\u010dn\u011b, ba dokonce nedotknuteln\u00fd? A st\u00e1l za t\u00edm Hlubok\u00fd st\u00e1t, kter\u00fd t\u011bm dv\u011bma poskok\u016fm umo\u017e\u0148oval vedlej\u0161\u00ed byznys? Nebo to byl jejich hlavn\u00ed byznys?<\/span><\/p>\n<p><span dir=\"auto\">To, \u017ee mocensk\u00e9 elity \u010dasto vedou dvoj\u00ed \u017eivot, nen\u00ed nic nov\u00e9ho. Pravd\u011bpodobn\u011b to tak bylo v\u017edy; i ve starov\u011bku se vl\u00e1dci odd\u00e1vali \u201eexces\u016fm\u201c, kter\u00e9 nemohli otev\u0159en\u011b p\u00e1chat a na kter\u00e9 nem\u011bli \u017e\u00e1dn\u00e9 z\u00e1konn\u00e9 pr\u00e1vo. Moc nekorupuje jen zn\u00e1m\u00fdm zp\u016fsobem. Tak\u00e9 sni\u017euje strach, kter\u00fd by \u010dlov\u011bk musel c\u00edtit z takov\u00fdch zv\u011brstev. Konspira\u010dn\u00ed teorie, \u017ee \u00fadajn\u011b \u010dist\u00e9 elity z\u00e1padn\u00edho sv\u011bta nejsou jen geopoliti\u010dt\u00ed pokrytci, ale n\u011bkdy i vylo\u017een\u011b dareb\u00e1ci, kte\u0159\u00ed nab\u00edzej\u00ed pohled do propasti lidsk\u00e9 du\u0161e \u2013 Epstein a, sice spekulativn\u00ed, ale s ur\u010ditou m\u00edrou pravd\u011bpodobnosti, Dutroux \u2013 to nyn\u00ed z\u0159ejm\u011b d\u00e1vaj\u00ed jasn\u011b najevo zp\u016fsobem, kter\u00fd by nikdo nepova\u017eoval za mo\u017en\u00fd.<\/span><\/p>\n<h2><span dir=\"auto\">Mocensk\u00e9 elity ozna\u010duj\u00ed kritiku elit za pravicovou<\/span><\/h2>\n<p><span dir=\"auto\">Zd\u00e1 se, \u017ee moc skute\u010dn\u011b stoup\u00e1 do hlavy, jak se \u0159\u00edk\u00e1. Rozhodn\u011b nenech\u00e1v\u00e1 sv\u00e9 nositele bez pov\u0161imnut\u00ed. Stalo se m\u00f3dn\u00ed ozna\u010dovat cokoli, co by\u0165 jen vzd\u00e1len\u011b vyjad\u0159uje kritick\u00fd pohled na moc a jej\u00ed nositele, za konspira\u010dn\u00ed ideologii, \u201epravicov\u00e9\u201c nebo zlomysln\u00e9 protiklady. To je hanobeno jako dezinformace a vn\u00edm\u00e1no jako pokus po\u0161kodit \u201ena\u0161\u00ed demokracii\u201c. Jsou to samoz\u0159ejm\u011b samotn\u00e9 elity, kter\u00e9 tuto metodu pou\u017e\u00edvaj\u00ed k boji proti vlastn\u00ed kritice. Organizuj\u00ed kampan\u011b, jejich\u017e c\u00edlem je minimalizovat kritiku, kter\u00e9 \u010del\u00ed. Evropsk\u00e1 unie je v tomto ohledu vynikaj\u00edc\u00edm p\u0159\u00edkladem a opakovan\u011b demonstruje sv\u00e9 \u00fasil\u00ed v boji proti t\u011bmto dezinformac\u00edm. N\u011bmecko se mezit\u00edm prezentuje jako vysoce v\u00fdkonn\u00fd hr\u00e1\u010d, z\u0159izuje zpravodajsk\u00e1 centra a restrukturalizuje sv\u016fj syst\u00e9m ve\u0159ejnopr\u00e1vn\u00edho vys\u00edl\u00e1n\u00ed, aby ozna\u010dilo prakticky jakoukoli kritiku sv\u00fdch elit za pravicovou.<\/span><\/p>\n<p><span dir=\"auto\">Pro\u010d elity, nebo jejich \u010d\u00e1sti, vedou takov\u00fd dvoj\u00ed \u017eivot? Pro\u010d nen\u00ed zcela nerozumn\u00e9, \u017ee vyu\u017e\u00edvaj\u00ed s\u00edt\u011b jako ty Epsteina nebo Dutrouxe pro sv\u00e9 nejni\u017e\u0161\u00ed instinkty? Jist\u011b si mus\u00ed uv\u011bdomovat, \u017ee se t\u00edm vystavuj\u00ed riziku, \u017ee budou jednoho dne chyceni a p\u0159ijdou o v\u0161echno.<\/span><\/p>\n<p><em><span dir=\"auto\">Moc je zvl\u00e1\u0161tn\u00ed konstelace. N\u011bkdy lid\u00e9 d\u011blaj\u00ed v\u011bci jednodu\u0161e proto, \u017ee mohou. Z psychologick\u00e9ho hlediska ti, kte\u0159\u00ed vyu\u017eili takov\u00fdch slu\u017eeb, nejsou nutn\u011b prim\u00e1rn\u011b pedofilov\u00e9. Cht\u011bj\u00ed si vychutnat svou moc, moc, kter\u00e1 je v syst\u00e9mu n\u011bkdy brzd\u011bna sch\u016fzkami, dohodami, \u00favahami a z\u00e1kony.<\/span><\/em><\/p>\n<p><span dir=\"auto\">V odlehl\u00e9m prostoru, mimo dohled ve\u0159ejnosti, je zraniteln\u00fd jedinec ponech\u00e1n s\u00e1m, slibuje maxim\u00e1ln\u00ed kontrolu, naprostou z\u00e1vislost ob\u011bti a umo\u017e\u0148uje absolutn\u00ed dominanci osoby u moci. Zde m\u016f\u017ee mocn\u00fd jedinec, kter\u00fd nem\u016f\u017ee pln\u011b uplat\u0148ovat svou moc v ka\u017edodenn\u00edm \u017eivot\u011b, pln\u011b uvolnit sv\u016fj potenci\u00e1l a nekontrolovan\u011b jej ovl\u00e1dat; samotn\u00fd pedofiln\u00ed sex m\u016f\u017ee b\u00fdt druho\u0159ad\u00fd.<\/span><\/p>\n<p><span dir=\"auto\">D\u00e1le se rozv\u00edj\u00ed postoj, kter\u00fd vznik\u00e1, kdy\u017e se n\u011bkdo opakovan\u011b dopou\u0161t\u00ed spole\u010densky odsuzovan\u00fdch \u010din\u016f, kter\u00e9 jsou nicm\u00e9n\u011b dostupn\u00e9 t\u011bm, kte\u0159\u00ed jsou u moci: libuje si v p\u0159edstav\u011b, \u017ee je nad z\u00e1konem. Z oby\u010dejn\u00e9ho \u010dlov\u011bka, kter\u00e9mu bylo d\u00e1no postaven\u00ed, se transformuje v nad\u010dlov\u011bka, opr\u00e1vn\u011bn\u00e9ho ignorovat pravidla a z\u00e1kony. Dlouhodob\u00e1 moc m\u016f\u017ee naru\u0161it mor\u00e1ln\u00ed z\u00e1brany, ale \u010dast\u00e9 zneu\u017e\u00edv\u00e1n\u00ed moci je zcela ni\u010d\u00ed. V tomto bod\u011b, pokud se jednotlivce ji\u017e nezmocnil, se rozv\u00edj\u00ed narcismus.<\/span><\/p>\n<p><em><span dir=\"auto\">Ne ka\u017ed\u00fd, kdo m\u00e1 moc, je narcista, ale v\u0161ichni narcist\u00e9 usiluj\u00ed o moc, i kdy\u017e jen ve vztahov\u00e9m kontextu. Siln\u00e1 egocentri\u010dnost, nedostatek empatie, objektivizace druh\u00fdch a instrument\u00e1ln\u00ed my\u0161len\u00ed: to jsou narcistick\u00e9 vlastnosti, kter\u00e9 usnad\u0148uj\u00ed n\u011bkomu u moci j\u00edt po n\u011bkter\u00fdch z nejhor\u0161\u00edch cest, kter\u00e9 si spole\u010dnost dok\u00e1\u017ee p\u0159edstavit, a kter\u00fdmi se n\u011bkte\u0159\u00ed evidentn\u011b vydali.<\/span><\/em><\/p>\n<p><span dir=\"auto\">P\u0159\u00edpad Marca Dutrouxe samoz\u0159ejm\u011b nen\u00ed p\u0159edm\u011btem diskuse. Je d\u00e1vno uzav\u0159en\u00fd a mnoz\u00ed zapomn\u011bli, co se tehdy stalo. Ti, kte\u0159\u00ed si ho pamatuj\u00ed, si vzpomenou na zneu\u017e\u00edv\u00e1n\u00ed d\u011bt\u00ed, \u00fanosy, zvr\u00e1cen\u00e9ho osam\u011bl\u00e9ho pachatele, kter\u00fd sice m\u011bl komplice, ale byl p\u0159inejmen\u0161\u00edm hlavou jasn\u011b definovan\u00e9ho gangu. Mo\u017en\u00e1 si tak\u00e9 vzpomenou, jak se n\u00e1hle objevily m\u00fdty a jak se tzv. konspira\u010dn\u00ed teoretici pokou\u0161eli ud\u00e1losti interpretovat. Dnes pravd\u011bpodobn\u011b v\u00edce lid\u00ed ne\u017e kdy jindy v\u011b\u0159\u00ed v konspirace zorganizovan\u00e9 \u201et\u011bmi naho\u0159e\u201c, aby se odli\u0161ili od \u201et\u011bch dole\u201c. Nekontrolovan\u00e9 mocensk\u00e9 elity jsou schopny t\u011bch nejhor\u0161\u00edch zlo\u010din\u016f, a to nejen na politick\u00e9 sc\u00e9n\u011b, ale i ve sv\u00e9m sexu\u00e1ln\u00edm \u017eivot\u011b. \u017dij\u00ed dvoj\u00ed \u017eivot, ve\u0159ejn\u011b vyzn\u00e1vaj\u00ed svou v\u00edru v jak\u00fdsi hodnotov\u00fd syst\u00e9m, zat\u00edmco tajn\u011b praktikuj\u00ed inverzi v\u0161ech hodnot. Pouze ti, kdo v\u011b\u0159\u00ed kampan\u00edm mocensk\u00fdch elit v boji proti takzvan\u00fdm dezinformac\u00edm, o tom dnes pochybuj\u00ed. Dr\u017e\u00ed se ide\u00e1lu u\u0161lechtil\u00e9ho volen\u00e9ho \u00fa\u0159edn\u00edka nebo podnikatele, kter\u00fd m\u00e1 siln\u00fd smysl pro ob\u010danskou povinnost. Vnucov\u00e1n\u00ed lidem p\u0159esv\u011bd\u010den\u00ed, \u017ee se zd\u00e1 b\u00fdt tou skute\u010dnou konspira\u010dn\u00ed ideologi\u00ed \u2013 spiknut\u00edm nemor\u00e1ln\u00edch a bezskrupul\u00f3zn\u00edch lid\u00ed s c\u00edlem oklamat v\u0161echny.<\/span><\/p>\n<p><em><span dir=\"auto\">od\u00a0<\/span><a href=\"https:\/\/www.manova.news\/autoren\/roberto-j-de-lapuente\"><span dir=\"auto\">Roberta J. De Lapuenteho<\/span><\/a><\/em><\/p>\n<p>&nbsp;<\/p>\n<\/div>\n<\/div>\n","protected":false},"excerpt":{"rendered":"<p>P\u0159\u00edpad Marca Dutrouxe, kter\u00fd m\u011bl b\u00fdt d\u00e1vno uzav\u0159en, vyvol\u00e1v\u00e1 ot\u00e1zku, zda byl Jeffrey Epstein jen&#8230;<\/p>\n","protected":false},"author":2,"featured_media":100115,"comment_status":"closed","ping_status":"closed","sticky":false,"template":"","format":"standard","meta":[],"categories":[7],"tags":[1147,6249,1503],"_links":{"self":[{"href":"https:\/\/www.infokuryr.cz\/n\/wp-json\/wp\/v2\/posts\/100114"}],"collection":[{"href":"https:\/\/www.infokuryr.cz\/n\/wp-json\/wp\/v2\/posts"}],"about":[{"href":"https:\/\/www.infokuryr.cz\/n\/wp-json\/wp\/v2\/types\/post"}],"author":[{"embeddable":true,"href":"https:\/\/www.infokuryr.cz\/n\/wp-json\/wp\/v2\/users\/2"}],"replies":[{"embeddable":true,"href":"https:\/\/www.infokuryr.cz\/n\/wp-json\/wp\/v2\/comments?post=100114"}],"version-history":[{"count":0,"href":"https:\/\/www.infokuryr.cz\/n\/wp-json\/wp\/v2\/posts\/100114\/revisions"}],"wp:featuredmedia":[{"embeddable":true,"href":"https:\/\/www.infokuryr.cz\/n\/wp-json\/wp\/v2\/media\/100115"}],"wp:attachment":[{"href":"https:\/\/www.infokuryr.cz\/n\/wp-json\/wp\/v2\/media?parent=100114"}],"wp:term":[{"taxonomy":"category","embeddable":true,"href":"https:\/\/www.infokuryr.cz\/n\/wp-json\/wp\/v2\/categories?post=100114"},{"taxonomy":"post_tag","embeddable":true,"href":"https:\/\/www.infokuryr.cz\/n\/wp-json\/wp\/v2\/tags?post=100114"}],"curies":[{"name":"wp","href":"https:\/\/api.w.org\/{rel}","templated":true}]}}